{"id":15117,"date":"2020-11-08T02:27:28","date_gmt":"2020-11-08T01:27:28","guid":{"rendered":"http:\/\/martinemrichard.fr\/blog\/?p=15117"},"modified":"2020-11-15T00:50:03","modified_gmt":"2020-11-14T23:50:03","slug":"le-petit-cheval","status":"publish","type":"post","link":"https:\/\/martinemrichard.fr\/blog\/?p=15117","title":{"rendered":"Le petit cheval"},"content":{"rendered":"<p>Pour l&rsquo;Herbier, Adamante,<a href=\"https:\/\/imagesreves.blogspot.com\/2020\/11\/la-page-164-cheval-de-franz-marc.html\"><span style=\"color: #0000ff;\"><strong> ICI<\/strong><\/span><\/a>\u00a0 , nous propose d&rsquo;\u00e9crire sur cette toile de <span style=\"color: #0000ff;\"><strong>Franz Marc<\/strong><\/span><\/p>\n<div class=\"moz-cite-prefix\">\n<p>&nbsp;<\/p>\n<p>L&rsquo;\u00e9t\u00e9 bat son plein en Haute Vall\u00e9e.\u00a0 Imp\u00e9rial, Ph\u00e9bus rayonne d&rsquo;une ardeur volcanique. Quelle chaleur! L&rsquo;air semble onduler sur les bl\u00e9s flavescents.<\/p>\n<p style=\"text-align: center;\">.<\/p>\n<\/div>\n<div class=\"moz-cite-prefix\">\n<p style=\"text-align: center;\">Ao\u00fbt<\/p>\n<p style=\"text-align: center;\">Son brasier<\/p>\n<p style=\"text-align: center;\">Sa fi\u00e8vre<\/p>\n<\/div>\n<p>.<\/p>\n<div class=\"moz-cite-prefix\">\n<p>Champs et prairies semblent d\u00e9serts. Pas un mouvement. Et pourtant, en\u00a0 \u00e9tr\u00e9cissant les yeux, l\u00e0-bas, on aper\u00e7oit un troupeau de vaches ruminant paisiblement \u00e0 l&rsquo;ombre d&rsquo;un ch\u00eane bicentenaire.<\/p>\n<p style=\"text-align: center;\">.<\/p>\n<p style=\"text-align: center;\">Une pie jacasse<\/p>\n<p style=\"text-align: center;\">Sur le vol d&rsquo;un bourdon-<\/p>\n<p style=\"text-align: center;\">Les cigales en joie<\/p>\n<\/div>\n<div class=\"moz-cite-prefix\" style=\"text-align: center;\">.<\/div>\n<div class=\"moz-cite-prefix\">\n<p>\u00a0Pr\u00e8s du bois aux cerfs, un \u00e9clat \u00e9meraude vibre d&rsquo;\u00e9trange fa\u00e7on. En s\u2019approchant, quelle surprise! Ce joyau est un tapis d&rsquo;herbes velours bord\u00e9 d&rsquo;eau chantante. Oasis de fra\u00eecheur o\u00f9 aime \u00e0 r\u00eavasser Fl\u00e8che Nacr\u00e9e, le petit cheval. Glougloutant, apaisant, le ruisseau projette alentours les larmes cristal de Ga\u00efa; les bulles saphir vol\u00e9es \u00e0 une truite; maintes gouttes indigo parfum\u00e9es \u00e0 l&rsquo;aventure&#8230; Fl\u00e8che Nacr\u00e9e, naseaux fr\u00e9missants, hume avec d\u00e9lice ces cadeaux ruisselants.<\/p>\n<p style=\"text-align: center;\">.<\/p>\n<\/div>\n<p style=\"text-align: center;\">Apr\u00e8s-midi feu-<\/p>\n<p style=\"text-align: center;\">La chanson de la source<\/p>\n<p style=\"text-align: center;\">Et le rire d&rsquo;un cheval<\/p>\n<p style=\"text-align: center;\">.<\/p>\n<p>MMR ( tous droits r\u00e9serv\u00e9s)<\/p>\n<p><span style=\"color: #ff0000;\"><strong>Merci pour vos commentaires , vos partages . Tout est lu et tr\u00e8s appr\u00e9ci\u00e9.\u00a0 Ce sont eux\u00a0 qui font vivre ce blog.<\/strong><\/span><\/p>\n<p><img loading=\"lazy\" decoding=\"async\" class=\"alignright size-full wp-image-15118\" src=\"https:\/\/martinemrichard.fr\/blog\/wp-content\/uploads\/2020\/11\/adamante.jpg\" alt=\"\" width=\"600\" height=\"510\" srcset=\"https:\/\/martinemrichard.fr\/blog\/wp-content\/uploads\/2020\/11\/adamante.jpg 600w, https:\/\/martinemrichard.fr\/blog\/wp-content\/uploads\/2020\/11\/adamante-300x255.jpg 300w\" sizes=\"auto, (max-width: 600px) 100vw, 600px\" \/><\/p>\n","protected":false},"excerpt":{"rendered":"<p>Pour l&rsquo;Herbier, Adamante, ICI\u00a0 , nous propose d&rsquo;\u00e9crire sur cette toile de Franz Marc &nbsp; L&rsquo;\u00e9t\u00e9 bat son plein en Haute Vall\u00e9e.\u00a0 Imp\u00e9rial, Ph\u00e9bus rayonne d&rsquo;une ardeur volcanique. Quelle chaleur! L&rsquo;air semble onduler sur les bl\u00e9s flavescents. . Ao\u00fbt Son brasier Sa fi\u00e8vre . Champs et prairies semblent d\u00e9serts. Pas un mouvement. Et pourtant, en\u00a0 [&hellip;]<\/p>\n","protected":false},"author":1,"featured_media":0,"comment_status":"open","ping_status":"open","sticky":false,"template":"","format":"standard","meta":{"footnotes":""},"categories":[900],"tags":[1045,243,834,1285,160,974],"class_list":["post-15117","post","type-post","status-publish","format-standard","hentry","category-lherbier-de-poesie","tag-aout","tag-chaleur","tag-cheval","tag-cigales","tag-ete","tag-gouttes-deau"],"_links":{"self":[{"href":"https:\/\/martinemrichard.fr\/blog\/index.php?rest_route=\/wp\/v2\/posts\/15117","targetHints":{"allow":["GET"]}}],"collection":[{"href":"https:\/\/martinemrichard.fr\/blog\/index.php?rest_route=\/wp\/v2\/posts"}],"about":[{"href":"https:\/\/martinemrichard.fr\/blog\/index.php?rest_route=\/wp\/v2\/types\/post"}],"author":[{"embeddable":true,"href":"https:\/\/martinemrichard.fr\/blog\/index.php?rest_route=\/wp\/v2\/users\/1"}],"replies":[{"embeddable":true,"href":"https:\/\/martinemrichard.fr\/blog\/index.php?rest_route=%2Fwp%2Fv2%2Fcomments&post=15117"}],"version-history":[{"count":10,"href":"https:\/\/martinemrichard.fr\/blog\/index.php?rest_route=\/wp\/v2\/posts\/15117\/revisions"}],"predecessor-version":[{"id":15135,"href":"https:\/\/martinemrichard.fr\/blog\/index.php?rest_route=\/wp\/v2\/posts\/15117\/revisions\/15135"}],"wp:attachment":[{"href":"https:\/\/martinemrichard.fr\/blog\/index.php?rest_route=%2Fwp%2Fv2%2Fmedia&parent=15117"}],"wp:term":[{"taxonomy":"category","embeddable":true,"href":"https:\/\/martinemrichard.fr\/blog\/index.php?rest_route=%2Fwp%2Fv2%2Fcategories&post=15117"},{"taxonomy":"post_tag","embeddable":true,"href":"https:\/\/martinemrichard.fr\/blog\/index.php?rest_route=%2Fwp%2Fv2%2Ftags&post=15117"}],"curies":[{"name":"wp","href":"https:\/\/api.w.org\/{rel}","templated":true}]}}