{"id":15346,"date":"2021-02-28T04:59:35","date_gmt":"2021-02-28T03:59:35","guid":{"rendered":"http:\/\/martinemrichard.fr\/blog\/?p=15346"},"modified":"2021-03-03T18:56:21","modified_gmt":"2021-03-03T17:56:21","slug":"au-jardin-2","status":"publish","type":"post","link":"https:\/\/martinemrichard.fr\/blog\/?p=15346","title":{"rendered":"Au jardin"},"content":{"rendered":"<p>Cela fait quelques temps que je n&rsquo;ai parl\u00e9 de mon jardin. Bien qu&rsquo;en hiver le rythme ralentisse, il se passe de petites choses int\u00e9ressantes ou surprenantes.<\/p>\n<p><img loading=\"lazy\" decoding=\"async\" class=\"alignright size-large wp-image-15347\" src=\"https:\/\/martinemrichard.fr\/blog\/wp-content\/uploads\/2021\/02\/IMG_7947_v1-1024x575.jpg\" alt=\"\" width=\"1024\" height=\"575\" srcset=\"https:\/\/martinemrichard.fr\/blog\/wp-content\/uploads\/2021\/02\/IMG_7947_v1-1024x575.jpg 1024w, https:\/\/martinemrichard.fr\/blog\/wp-content\/uploads\/2021\/02\/IMG_7947_v1-300x168.jpg 300w, https:\/\/martinemrichard.fr\/blog\/wp-content\/uploads\/2021\/02\/IMG_7947_v1-768x431.jpg 768w, https:\/\/martinemrichard.fr\/blog\/wp-content\/uploads\/2021\/02\/IMG_7947_v1-1536x863.jpg 1536w, https:\/\/martinemrichard.fr\/blog\/wp-content\/uploads\/2021\/02\/IMG_7947_v1-2048x1150.jpg 2048w\" sizes=\"auto, (max-width: 1024px) 100vw, 1024px\" \/><\/p>\n<p>Le 29 octobre, j&rsquo;avais remarqu\u00e9 un nouveau locataire \u00e0 l&rsquo;h\u00f4tel \u00e0 insectes: un criquet \u00e9gyptien. <img loading=\"lazy\" decoding=\"async\" class=\"alignright size-medium wp-image-15349\" src=\"https:\/\/martinemrichard.fr\/blog\/wp-content\/uploads\/2021\/02\/IMG_9270_v1-300x136.jpg\" alt=\"\" width=\"300\" height=\"136\" srcset=\"https:\/\/martinemrichard.fr\/blog\/wp-content\/uploads\/2021\/02\/IMG_9270_v1-300x136.jpg 300w, https:\/\/martinemrichard.fr\/blog\/wp-content\/uploads\/2021\/02\/IMG_9270_v1-1024x463.jpg 1024w, https:\/\/martinemrichard.fr\/blog\/wp-content\/uploads\/2021\/02\/IMG_9270_v1-768x347.jpg 768w, https:\/\/martinemrichard.fr\/blog\/wp-content\/uploads\/2021\/02\/IMG_9270_v1-1536x694.jpg 1536w, https:\/\/martinemrichard.fr\/blog\/wp-content\/uploads\/2021\/02\/IMG_9270_v1.jpg 2047w\" sizes=\"auto, (max-width: 300px) 100vw, 300px\" \/>Mais vu sa grande taille je me demande si ce n\u2019est pas plut\u00f4t Dame Criquet qu&rsquo;il faudrait dire.\u00a0 Chaque fois que j&rsquo;avais \u00e0 faire dehors, ou juste pour le besoin de m&rsquo;a\u00e9rer, j&rsquo;allais lui jeter un coup d\u2019\u0153il, prendre de ses nouvelles. Car visiblement elle ne quittait pas son refuge pour se nourrir, changeant seulement, parfois, de position. \u00c9tait-elle en hivernation?\u00a0 Ce bel insecte a mis les voiles la semaine derni\u00e8re, peut-\u00eatre une heure apr\u00e8s mon passage.\u00a0 Cela m&rsquo;a fait quelque chose, ainsi qu&rsquo;\u00e0 mon mari. Nous nous \u00e9tions habitu\u00e9s \u00e0 cette petite vie blottie dans notre construction.<\/p>\n<p>.<img loading=\"lazy\" decoding=\"async\" class=\"alignright size-large wp-image-15352\" src=\"https:\/\/martinemrichard.fr\/blog\/wp-content\/uploads\/2021\/02\/IMG_9199_v1-1024x661.jpg\" alt=\"\" width=\"1024\" height=\"661\" srcset=\"https:\/\/martinemrichard.fr\/blog\/wp-content\/uploads\/2021\/02\/IMG_9199_v1-1024x661.jpg 1024w, https:\/\/martinemrichard.fr\/blog\/wp-content\/uploads\/2021\/02\/IMG_9199_v1-300x194.jpg 300w, https:\/\/martinemrichard.fr\/blog\/wp-content\/uploads\/2021\/02\/IMG_9199_v1-768x495.jpg 768w, https:\/\/martinemrichard.fr\/blog\/wp-content\/uploads\/2021\/02\/IMG_9199_v1.jpg 1313w\" sizes=\"auto, (max-width: 1024px) 100vw, 1024px\" \/><\/p>\n<p>La mangeoire des oiseaux a \u00e9t\u00e9 remise en service au mois de novembre. M\u00e9sanges bleues et m\u00e9sanges charbonni\u00e8res \u00e9taient au rendez-vous. Les bleues beaucoup moins assidues que l&rsquo;an dernier. <img loading=\"lazy\" decoding=\"async\" class=\"alignright size-medium wp-image-15351\" src=\"https:\/\/martinemrichard.fr\/blog\/wp-content\/uploads\/2021\/02\/IMG_9185_v1-300x272.jpg\" alt=\"\" width=\"300\" height=\"272\" srcset=\"https:\/\/martinemrichard.fr\/blog\/wp-content\/uploads\/2021\/02\/IMG_9185_v1-300x272.jpg 300w, https:\/\/martinemrichard.fr\/blog\/wp-content\/uploads\/2021\/02\/IMG_9185_v1-768x696.jpg 768w, https:\/\/martinemrichard.fr\/blog\/wp-content\/uploads\/2021\/02\/IMG_9185_v1.jpg 1020w\" sizes=\"auto, (max-width: 300px) 100vw, 300px\" \/>Verdiers, chardonnerets \u00e9l\u00e9gants( une vraie compagnie) moineaux ( plus nombreux qu&rsquo;en 2020) se r\u00e9galent du menu offert si vari\u00e9 en graines. Avec une nette pr\u00e9f\u00e9rence pour le tournesol.\u00a0 Lorsque celui-ci a disparu,\u00a0 les chardonnerets et moineaux se rabattent sur le reste. Au sol ce sont les pinsons( un m\u00e2le et cinq femelles) qui s&rsquo;activent \u00e0 glaner\u00a0 parmi l&rsquo;herbe rase. Avec cette pand\u00e9mie, nous commandons au Drive d&rsquo;un Leclerc. C&rsquo;est pratique mais\u00a0 certains produits sont absents ou en rupture, comme le sachet de graines pour oiseaux sauvages. Nous avons donc d\u00fb aller nous ravitailler dans un magasin sp\u00e9cialis\u00e9. Le produit trouv\u00e9 dans celui-ci \u00e9tait l\u00e9g\u00e8rement diff\u00e9rent de notre habituel. Il contenait des raisins secs, d\u00e9daign\u00e9s par mes petits gourmands. Ce qui me d\u00e9solait un peu. A tort. Car cette petite diff\u00e9rence eut pour cons\u00e9quence d&rsquo;avoir un nouveau consommateur \u00e0 notre\u00a0 restaurant: la fauvette \u00e0 t\u00eate noire. Elle raffole de ce fruit\u00a0 et vient lorsque tout est calme. Le m\u00e9lange contient \u00e9galement du bl\u00e9 et un peu d&rsquo;avoine. Une aubaine pour une tourterelle \u00e0 collier nichant dans le voisinage.<\/p>\n<p><img loading=\"lazy\" decoding=\"async\" class=\"alignright size-large wp-image-15357\" src=\"https:\/\/martinemrichard.fr\/blog\/wp-content\/uploads\/2021\/02\/IMG_9542_v1-1024x658.jpg\" alt=\"\" width=\"1024\" height=\"658\" srcset=\"https:\/\/martinemrichard.fr\/blog\/wp-content\/uploads\/2021\/02\/IMG_9542_v1-1024x658.jpg 1024w, https:\/\/martinemrichard.fr\/blog\/wp-content\/uploads\/2021\/02\/IMG_9542_v1-300x193.jpg 300w, https:\/\/martinemrichard.fr\/blog\/wp-content\/uploads\/2021\/02\/IMG_9542_v1-768x493.jpg 768w, https:\/\/martinemrichard.fr\/blog\/wp-content\/uploads\/2021\/02\/IMG_9542_v1-1536x987.jpg 1536w, https:\/\/martinemrichard.fr\/blog\/wp-content\/uploads\/2021\/02\/IMG_9542_v1-2048x1315.jpg 2048w\" sizes=\"auto, (max-width: 1024px) 100vw, 1024px\" \/><\/p>\n<p>Une surprise de taille ces jours-ci. L&rsquo;apparition de ce narcisse botanique parmi les fraisiers de ma jardini\u00e8re. <img loading=\"lazy\" decoding=\"async\" class=\"alignright size-thumbnail wp-image-15358\" src=\"https:\/\/martinemrichard.fr\/blog\/wp-content\/uploads\/2021\/02\/IMG_9541_v1-150x150.jpg\" alt=\"\" width=\"150\" height=\"150\" \/>Narcissus bulbocodium surgi de nulle part. Car il n&rsquo;a pas \u00e9t\u00e9 plant\u00e9. Alors d&rsquo;o\u00f9 vient-il? D&rsquo;une graine apport\u00e9e par le vent?\u00a0 J&rsquo;ai pens\u00e9 au terreau achet\u00e9 dans une jardinerie locale. Mais cela fait deux ans que mes jardini\u00e8res n&rsquo;en ont pas re\u00e7u.\u00a0 La seule et unique fois o\u00f9 j&rsquo;ai vu ce narcisse c&rsquo;\u00e9tait en 1975, au pied d&rsquo;une dune\u00a0 dans les Landes,\u00a0 pas tr\u00e8s loin de l&rsquo;oc\u00e9an. Un ravissant petit groupe capturant la lumi\u00e8re du soleil.<\/p>\n<p><img loading=\"lazy\" decoding=\"async\" class=\"alignright size-large wp-image-15361\" src=\"https:\/\/martinemrichard.fr\/blog\/wp-content\/uploads\/2021\/02\/IMG_9578_v1-1024x575.jpg\" alt=\"\" width=\"1024\" height=\"575\" srcset=\"https:\/\/martinemrichard.fr\/blog\/wp-content\/uploads\/2021\/02\/IMG_9578_v1-1024x575.jpg 1024w, https:\/\/martinemrichard.fr\/blog\/wp-content\/uploads\/2021\/02\/IMG_9578_v1-300x168.jpg 300w, https:\/\/martinemrichard.fr\/blog\/wp-content\/uploads\/2021\/02\/IMG_9578_v1-768x431.jpg 768w, https:\/\/martinemrichard.fr\/blog\/wp-content\/uploads\/2021\/02\/IMG_9578_v1-1536x863.jpg 1536w, https:\/\/martinemrichard.fr\/blog\/wp-content\/uploads\/2021\/02\/IMG_9578_v1-2048x1150.jpg 2048w\" sizes=\"auto, (max-width: 1024px) 100vw, 1024px\" \/><\/p>\n<p>.Il y a un an une belle osmie cornue* avait choisi notre h\u00f4tel pour pondre ses \u0153ufs.\u00a0 <img loading=\"lazy\" decoding=\"async\" class=\"alignright size-medium wp-image-15362\" src=\"https:\/\/martinemrichard.fr\/blog\/wp-content\/uploads\/2021\/02\/IMG_9480_v1-300x188.jpg\" alt=\"\" width=\"300\" height=\"188\" srcset=\"https:\/\/martinemrichard.fr\/blog\/wp-content\/uploads\/2021\/02\/IMG_9480_v1-300x188.jpg 300w, https:\/\/martinemrichard.fr\/blog\/wp-content\/uploads\/2021\/02\/IMG_9480_v1-1024x643.jpg 1024w, https:\/\/martinemrichard.fr\/blog\/wp-content\/uploads\/2021\/02\/IMG_9480_v1-768x482.jpg 768w, https:\/\/martinemrichard.fr\/blog\/wp-content\/uploads\/2021\/02\/IMG_9480_v1.jpg 1384w\" sizes=\"auto, (max-width: 300px) 100vw, 300px\" \/>Ces jours-ci trois jolis petits m\u00e2les sont n\u00e9s et attendent la sortie de ces dames pour les honorer.\u00a0 Ils vont et viennent entre l&rsquo;\u00e9norme romarin \u00e0 un m\u00e8tre cinquante de distance et les tuyaux d&rsquo;une canne de Provence mis \u00e0 disposition dans l&rsquo;h\u00f4tel.\u00a0 Belle patience de la part de ces messieurs car leurs belles se font d\u00e9sirer.\u00a0 Et ils ne sont pas les seuls. Deux xylocopes font le pied de grue \u00e9galement. De temps \u00e0 autre ils vont butiner un petit coup pour se d\u00e9salt\u00e9rer et se doper d&rsquo;\u00e9nergie. Puis ils reviennent poireauter avec une infinie patience je trouve.<\/p>\n<p>Le printemps est l\u00e0, en avance, \u00e0 l&rsquo;instar des cinq ou six derni\u00e8res ann\u00e9es.<\/p>\n<p><img loading=\"lazy\" decoding=\"async\" class=\"alignright size-thumbnail wp-image-15371\" src=\"https:\/\/martinemrichard.fr\/blog\/wp-content\/uploads\/2021\/02\/IMG_9636_v1-150x150.jpg\" alt=\"\" width=\"150\" height=\"150\" srcset=\"https:\/\/martinemrichard.fr\/blog\/wp-content\/uploads\/2021\/02\/IMG_9636_v1-150x150.jpg 150w, https:\/\/martinemrichard.fr\/blog\/wp-content\/uploads\/2021\/02\/IMG_9636_v1-300x300.jpg 300w, https:\/\/martinemrichard.fr\/blog\/wp-content\/uploads\/2021\/02\/IMG_9636_v1-1024x1024.jpg 1024w, https:\/\/martinemrichard.fr\/blog\/wp-content\/uploads\/2021\/02\/IMG_9636_v1-768x768.jpg 768w, https:\/\/martinemrichard.fr\/blog\/wp-content\/uploads\/2021\/02\/IMG_9636_v1.jpg 1212w\" sizes=\"auto, (max-width: 150px) 100vw, 150px\" \/><img loading=\"lazy\" decoding=\"async\" class=\"alignright size-thumbnail wp-image-15372\" src=\"https:\/\/martinemrichard.fr\/blog\/wp-content\/uploads\/2021\/02\/IMG_9276_v1-150x150.jpg\" alt=\"\" width=\"150\" height=\"150\" \/><img loading=\"lazy\" decoding=\"async\" class=\"alignright size-thumbnail wp-image-15375\" src=\"https:\/\/martinemrichard.fr\/blog\/wp-content\/uploads\/2021\/02\/IMG_9393_v1-150x150.jpg\" alt=\"\" width=\"150\" height=\"150\" srcset=\"https:\/\/martinemrichard.fr\/blog\/wp-content\/uploads\/2021\/02\/IMG_9393_v1-150x150.jpg 150w, https:\/\/martinemrichard.fr\/blog\/wp-content\/uploads\/2021\/02\/IMG_9393_v1-300x300.jpg 300w, https:\/\/martinemrichard.fr\/blog\/wp-content\/uploads\/2021\/02\/IMG_9393_v1-1024x1024.jpg 1024w, https:\/\/martinemrichard.fr\/blog\/wp-content\/uploads\/2021\/02\/IMG_9393_v1-768x768.jpg 768w, https:\/\/martinemrichard.fr\/blog\/wp-content\/uploads\/2021\/02\/IMG_9393_v1.jpg 1080w\" sizes=\"auto, (max-width: 150px) 100vw, 150px\" \/><img loading=\"lazy\" decoding=\"async\" class=\"alignright size-thumbnail wp-image-15379\" src=\"https:\/\/martinemrichard.fr\/blog\/wp-content\/uploads\/2021\/02\/IMG_9102_v1-150x150.jpg\" alt=\"\" width=\"150\" height=\"150\" \/><img loading=\"lazy\" decoding=\"async\" class=\"alignright size-thumbnail wp-image-15373\" src=\"https:\/\/martinemrichard.fr\/blog\/wp-content\/uploads\/2021\/02\/IMG_9720_v1-150x150.jpg\" alt=\"\" width=\"150\" height=\"150\" srcset=\"https:\/\/martinemrichard.fr\/blog\/wp-content\/uploads\/2021\/02\/IMG_9720_v1-150x150.jpg 150w, https:\/\/martinemrichard.fr\/blog\/wp-content\/uploads\/2021\/02\/IMG_9720_v1-300x300.jpg 300w, https:\/\/martinemrichard.fr\/blog\/wp-content\/uploads\/2021\/02\/IMG_9720_v1-1024x1024.jpg 1024w, https:\/\/martinemrichard.fr\/blog\/wp-content\/uploads\/2021\/02\/IMG_9720_v1-768x768.jpg 768w, https:\/\/martinemrichard.fr\/blog\/wp-content\/uploads\/2021\/02\/IMG_9720_v1.jpg 1148w\" sizes=\"auto, (max-width: 150px) 100vw, 150px\" \/><img loading=\"lazy\" decoding=\"async\" class=\"alignright size-thumbnail wp-image-15382\" src=\"https:\/\/martinemrichard.fr\/blog\/wp-content\/uploads\/2021\/02\/IMG_9776_v1-150x150.jpg\" alt=\"\" width=\"150\" height=\"150\" \/><\/p>\n<p>&nbsp;<\/p>\n<p>&nbsp;<\/p>\n<p>&nbsp;<\/p>\n<p>&nbsp;<\/p>\n<p>.<\/p>\n<p>MMR ( tous droits r\u00e9serv\u00e9s)<\/p>\n<p>*peut-\u00eatre aussi qu&rsquo;une osmie bicolore a trouv\u00e9 \u00e9galement un appartement, avec vue\u00a0 sur le romarin, \u00e0 son go\u00fbt. \ud83d\ude42<\/p>\n<p>&nbsp;<\/p>\n","protected":false},"excerpt":{"rendered":"<p>Cela fait quelques temps que je n&rsquo;ai parl\u00e9 de mon jardin. Bien qu&rsquo;en hiver le rythme ralentisse, il se passe de petites choses int\u00e9ressantes ou surprenantes. Le 29 octobre, j&rsquo;avais remarqu\u00e9 un nouveau locataire \u00e0 l&rsquo;h\u00f4tel \u00e0 insectes: un criquet \u00e9gyptien. Mais vu sa grande taille je me demande si ce n\u2019est pas plut\u00f4t Dame [&hellip;]<\/p>\n","protected":false},"author":1,"featured_media":0,"comment_status":"open","ping_status":"open","sticky":false,"template":"","format":"standard","meta":{"footnotes":""},"categories":[72,71],"tags":[145,1313,1047,1222,1150,1250,11,1311,262,1312,440,413,881],"class_list":["post-15346","post","type-post","status-publish","format-standard","hentry","category-animaux","category-jardin-fleur","tag-abeille","tag-anemones","tag-criquet-egyptien","tag-fauvette-a-tete-noire","tag-hotel-a-inectes","tag-jacinthes","tag-jardin","tag-narcissus-bulbocodium","tag-oiseau","tag-osmie-cornue","tag-printemps","tag-violettes","tag-xylocope"],"_links":{"self":[{"href":"https:\/\/martinemrichard.fr\/blog\/index.php?rest_route=\/wp\/v2\/posts\/15346","targetHints":{"allow":["GET"]}}],"collection":[{"href":"https:\/\/martinemrichard.fr\/blog\/index.php?rest_route=\/wp\/v2\/posts"}],"about":[{"href":"https:\/\/martinemrichard.fr\/blog\/index.php?rest_route=\/wp\/v2\/types\/post"}],"author":[{"embeddable":true,"href":"https:\/\/martinemrichard.fr\/blog\/index.php?rest_route=\/wp\/v2\/users\/1"}],"replies":[{"embeddable":true,"href":"https:\/\/martinemrichard.fr\/blog\/index.php?rest_route=%2Fwp%2Fv2%2Fcomments&post=15346"}],"version-history":[{"count":28,"href":"https:\/\/martinemrichard.fr\/blog\/index.php?rest_route=\/wp\/v2\/posts\/15346\/revisions"}],"predecessor-version":[{"id":15390,"href":"https:\/\/martinemrichard.fr\/blog\/index.php?rest_route=\/wp\/v2\/posts\/15346\/revisions\/15390"}],"wp:attachment":[{"href":"https:\/\/martinemrichard.fr\/blog\/index.php?rest_route=%2Fwp%2Fv2%2Fmedia&parent=15346"}],"wp:term":[{"taxonomy":"category","embeddable":true,"href":"https:\/\/martinemrichard.fr\/blog\/index.php?rest_route=%2Fwp%2Fv2%2Fcategories&post=15346"},{"taxonomy":"post_tag","embeddable":true,"href":"https:\/\/martinemrichard.fr\/blog\/index.php?rest_route=%2Fwp%2Fv2%2Ftags&post=15346"}],"curies":[{"name":"wp","href":"https:\/\/api.w.org\/{rel}","templated":true}]}}