{"id":1538,"date":"2011-05-13T05:56:45","date_gmt":"2011-05-13T03:56:45","guid":{"rendered":"http:\/\/martinemrichard.fr\/blog\/?p=1538"},"modified":"2011-05-13T05:56:45","modified_gmt":"2011-05-13T03:56:45","slug":"mobilier","status":"publish","type":"post","link":"https:\/\/martinemrichard.fr\/blog\/?p=1538","title":{"rendered":"Mobilier"},"content":{"rendered":"<p>Pour le rendez-vous du \u00a0\u00bb Coucou du ha\u00efku\u00a0\u00bb\u00a0<a href=\"http:\/\/www.over-blog.com\/com-1172092675\/Le_coucou_du_haiku.html\"><strong> ici<\/strong><strong> <\/strong><\/a>et son petit d\u00e9fi du vendredi sur une photo de mamylilou, voici ma participation :<\/p>\n<p><a href=\"https:\/\/martinemrichard.fr\/blog\/wp-content\/uploads\/2011\/05\/Mobilier.jpg\"><img loading=\"lazy\" decoding=\"async\" class=\"alignright size-medium wp-image-1539\" title=\"Mobilier\" src=\"https:\/\/martinemrichard.fr\/blog\/wp-content\/uploads\/2011\/05\/Mobilier-300x300.jpg\" alt=\"\" width=\"300\" height=\"300\" srcset=\"https:\/\/martinemrichard.fr\/blog\/wp-content\/uploads\/2011\/05\/Mobilier-300x300.jpg 300w, https:\/\/martinemrichard.fr\/blog\/wp-content\/uploads\/2011\/05\/Mobilier-150x150.jpg 150w, https:\/\/martinemrichard.fr\/blog\/wp-content\/uploads\/2011\/05\/Mobilier.jpg 1024w\" sizes=\"auto, (max-width: 300px) 100vw, 300px\" \/><\/a>.<\/p>\n<p>Vaste chemin\u00e9e-<\/p>\n<p>Les belles veill\u00e9es d&rsquo;antan<\/p>\n<p>Sans t\u00e9l\u00e9vision<\/p>\n<p>.<\/p>\n<p>La machine \u00e0 coudre-<\/p>\n<p>Pas de vacances pour Maman<\/p>\n<p>Cinq m\u00f4mes \u00e0 v\u00e9tir<\/p>\n<p>.<\/p>\n<p>Lit en merisier-<\/p>\n<p>Il dormait sous un hangar<\/p>\n<p>Perchoir \u00e0 poules<\/p>\n<p>.<\/p>\n<p>MMR ( tous droits r\u00e9serv\u00e9s)<\/p>\n","protected":false},"excerpt":{"rendered":"<p>Pour le rendez-vous du \u00a0\u00bb Coucou du ha\u00efku\u00a0\u00bb\u00a0 ici et son petit d\u00e9fi du vendredi sur une photo de mamylilou, voici ma participation : . Vaste chemin\u00e9e- Les belles veill\u00e9es d&rsquo;antan Sans t\u00e9l\u00e9vision . La machine \u00e0 coudre- Pas de vacances pour Maman Cinq m\u00f4mes \u00e0 v\u00e9tir . Lit en merisier- Il dormait sous un [&hellip;]<\/p>\n","protected":false},"author":1,"featured_media":0,"comment_status":"open","ping_status":"open","sticky":false,"template":"","format":"standard","meta":{"footnotes":""},"categories":[35],"tags":[57,37,56,55],"class_list":["post-1538","post","type-post","status-publish","format-standard","hentry","category-haikus-haibuns","tag-cheminee","tag-haikus","tag-lit","tag-machine-a-coudre"],"_links":{"self":[{"href":"https:\/\/martinemrichard.fr\/blog\/index.php?rest_route=\/wp\/v2\/posts\/1538","targetHints":{"allow":["GET"]}}],"collection":[{"href":"https:\/\/martinemrichard.fr\/blog\/index.php?rest_route=\/wp\/v2\/posts"}],"about":[{"href":"https:\/\/martinemrichard.fr\/blog\/index.php?rest_route=\/wp\/v2\/types\/post"}],"author":[{"embeddable":true,"href":"https:\/\/martinemrichard.fr\/blog\/index.php?rest_route=\/wp\/v2\/users\/1"}],"replies":[{"embeddable":true,"href":"https:\/\/martinemrichard.fr\/blog\/index.php?rest_route=%2Fwp%2Fv2%2Fcomments&post=1538"}],"version-history":[{"count":1,"href":"https:\/\/martinemrichard.fr\/blog\/index.php?rest_route=\/wp\/v2\/posts\/1538\/revisions"}],"predecessor-version":[{"id":1540,"href":"https:\/\/martinemrichard.fr\/blog\/index.php?rest_route=\/wp\/v2\/posts\/1538\/revisions\/1540"}],"wp:attachment":[{"href":"https:\/\/martinemrichard.fr\/blog\/index.php?rest_route=%2Fwp%2Fv2%2Fmedia&parent=1538"}],"wp:term":[{"taxonomy":"category","embeddable":true,"href":"https:\/\/martinemrichard.fr\/blog\/index.php?rest_route=%2Fwp%2Fv2%2Fcategories&post=1538"},{"taxonomy":"post_tag","embeddable":true,"href":"https:\/\/martinemrichard.fr\/blog\/index.php?rest_route=%2Fwp%2Fv2%2Ftags&post=1538"}],"curies":[{"name":"wp","href":"https:\/\/api.w.org\/{rel}","templated":true}]}}