{"id":15966,"date":"2021-08-08T04:35:25","date_gmt":"2021-08-08T03:35:25","guid":{"rendered":"https:\/\/martinemrichard.fr\/blog\/?p=15966"},"modified":"2021-08-08T04:35:25","modified_gmt":"2021-08-08T03:35:25","slug":"o-sole-mio","status":"publish","type":"post","link":"https:\/\/martinemrichard.fr\/blog\/?p=15966","title":{"rendered":"O sole mio"},"content":{"rendered":"<p>Quelques pas entre les massifs, le nez d\u00e9licieusement <img loading=\"lazy\" decoding=\"async\" class=\"alignright size-medium wp-image-15971\" src=\"https:\/\/martinemrichard.fr\/blog\/wp-content\/uploads\/2021\/08\/IMG_1068_v1-300x300.jpg\" alt=\"\" width=\"300\" height=\"300\" srcset=\"https:\/\/martinemrichard.fr\/blog\/wp-content\/uploads\/2021\/08\/IMG_1068_v1-300x300.jpg 300w, https:\/\/martinemrichard.fr\/blog\/wp-content\/uploads\/2021\/08\/IMG_1068_v1-1024x1024.jpg 1024w, https:\/\/martinemrichard.fr\/blog\/wp-content\/uploads\/2021\/08\/IMG_1068_v1-150x150.jpg 150w, https:\/\/martinemrichard.fr\/blog\/wp-content\/uploads\/2021\/08\/IMG_1068_v1-768x768.jpg 768w, https:\/\/martinemrichard.fr\/blog\/wp-content\/uploads\/2021\/08\/IMG_1068_v1.jpg 1109w\" sizes=\"auto, (max-width: 300px) 100vw, 300px\" \/>chatouill\u00e9 par maints parfums&#8230; La beaut\u00e9 d&rsquo;une couronne de p\u00e9tales flamboyants capture le regard.\u00a0 La neige d&rsquo;une autre fascine par sa puret\u00e9 odorif\u00e9rante. Tandis que le promeneur s&rsquo;\u00e9merveille , dans son dos, une tragi-com\u00e9die d\u00e9roule son sc\u00e9nario lilliputien.<\/p>\n<p>\u00ab\u00a0O sole mio<\/p>\n<p>Sta &lsquo;nfronte a te..\u00a0\u00bb<\/p>\n<p>Un graphosome italien t\u00e9norise aupr\u00e8s de sa belle.<\/p>\n<p>\u00ab\u00a0H\u00e9! Non mais voyez un peu ce balourd! Au lieu de chanter, tu ferais mieux de me lib\u00e9rer!\u00a0 Je suis pri-so-nni\u00e8-reeee!\u00a0\u00bb s&rsquo;\u00e9gosille la demoiselle en d\u00e9tresse.<\/p>\n<p>\u00ab\u00a0Oh que non! Pour une fois que je peux clamer mon amour sans que tu t&rsquo;\u00e9chappes.<\/p>\n<p>O sole mio&#8230;\u00a0\u00bb<\/p>\n<p>&nbsp;<\/p>\n<p>Une punaise verte ponctu\u00e9e, N\u00e9zara viridula, louche sur ce dr\u00f4le de Rom\u00e9o. L&rsquo;h\u00e9t\u00e9ropt\u00e8re est choqu\u00e9e <img loading=\"lazy\" decoding=\"async\" class=\"alignright size-medium wp-image-15967\" src=\"https:\/\/martinemrichard.fr\/blog\/wp-content\/uploads\/2021\/08\/IMG_2864_v2-300x300.jpg\" alt=\"\" width=\"300\" height=\"300\" srcset=\"https:\/\/martinemrichard.fr\/blog\/wp-content\/uploads\/2021\/08\/IMG_2864_v2-300x300.jpg 300w, https:\/\/martinemrichard.fr\/blog\/wp-content\/uploads\/2021\/08\/IMG_2864_v2-150x150.jpg 150w, https:\/\/martinemrichard.fr\/blog\/wp-content\/uploads\/2021\/08\/IMG_2864_v2-768x768.jpg 768w, https:\/\/martinemrichard.fr\/blog\/wp-content\/uploads\/2021\/08\/IMG_2864_v2.jpg 784w\" sizes=\"auto, (max-width: 300px) 100vw, 300px\" \/>par ce manque \u00e9vident de galanterie.<\/p>\n<p>\u00ab\u00a0Ce ne sont pas des mani\u00e8res\u00a0\u00bb marmonne-t-elle.\u00a0 \u00ab\u00a0Le goujat! Sur une \u00e9chelle de 0 \u00e0 10, je lui mets 20!\u00a0\u00bb<\/p>\n<p>Derri\u00e8re cette sc\u00e9nette tout \u00e0 fait \u00e9tonnante, au bord de l&rsquo;ovale aux iris, trois col\u00e9opt\u00e8res s\u2019empiffrent sans complexe. Soudain l&rsquo;un d&rsquo;entre eux, d\u00e9rang\u00e9 sans doute par le t\u00e9nor des prairies d\u00e9sert\u00e9es, se rel\u00e8ve alarm\u00e9.<\/p>\n<p>\u00ab\u00a0Les gars, il se passe quelque chose de pas net l\u00e0-bas! Vous n&rsquo;entendez pas ces cris?\u00a0 Du rouge, du noir: \u00e7a s&rsquo;agite m\u00e9chamment.\u00a0\u00bb<\/p>\n<p>Le c\u00e9toine dor\u00e9 (Cetonia aurata) est trop affair\u00e9 pour\u00a0 r\u00e9pondre. La seconde, la c\u00e9toine noire ( Netocia morio ) plus vigilante s&rsquo;informe :<\/p>\n<p>\u00ab\u00a0S&rsquo;agit-il d&rsquo;une r\u00e9duve?\u00a0\u00bb<\/p>\n<p>\u00ab\u00a0Non, d&rsquo;une ray\u00e9e\u00a0\u00bb r\u00e9pond aussi sec le na\u00eff t\u00e9l\u00e9phore roux ( Rhagonycha fulva).<\/p>\n<p>Du fond de sa gamelle fleurie, le c\u00e9toine dor\u00e9 daigne mollement se manifester.<\/p>\n<p>\u00ab\u00a0Bof!\u00a0 Aucun int\u00e9r\u00eat.Tais-toi et mange!\u00a0\u00bb<\/p>\n<p>.<\/p>\n<p>MMR ( tous droits r\u00e9serv\u00e9s)<\/p>\n<p><img loading=\"lazy\" decoding=\"async\" class=\"alignright size-large wp-image-15968\" src=\"https:\/\/martinemrichard.fr\/blog\/wp-content\/uploads\/2021\/08\/IMG_3849_v1-1024x1024.jpg\" alt=\"\" width=\"1024\" height=\"1024\" srcset=\"https:\/\/martinemrichard.fr\/blog\/wp-content\/uploads\/2021\/08\/IMG_3849_v1-1024x1024.jpg 1024w, https:\/\/martinemrichard.fr\/blog\/wp-content\/uploads\/2021\/08\/IMG_3849_v1-300x300.jpg 300w, https:\/\/martinemrichard.fr\/blog\/wp-content\/uploads\/2021\/08\/IMG_3849_v1-150x150.jpg 150w, https:\/\/martinemrichard.fr\/blog\/wp-content\/uploads\/2021\/08\/IMG_3849_v1-768x768.jpg 768w, https:\/\/martinemrichard.fr\/blog\/wp-content\/uploads\/2021\/08\/IMG_3849_v1.jpg 1225w\" sizes=\"auto, (max-width: 1024px) 100vw, 1024px\" \/><\/p>\n","protected":false},"excerpt":{"rendered":"<p>Quelques pas entre les massifs, le nez d\u00e9licieusement chatouill\u00e9 par maints parfums&#8230; La beaut\u00e9 d&rsquo;une couronne de p\u00e9tales flamboyants capture le regard.\u00a0 La neige d&rsquo;une autre fascine par sa puret\u00e9 odorif\u00e9rante. Tandis que le promeneur s&rsquo;\u00e9merveille , dans son dos, une tragi-com\u00e9die d\u00e9roule son sc\u00e9nario lilliputien. \u00ab\u00a0O sole mio Sta &lsquo;nfronte a te..\u00a0\u00bb Un graphosome [&hellip;]<\/p>\n","protected":false},"author":1,"featured_media":0,"comment_status":"open","ping_status":"open","sticky":false,"template":"","format":"standard","meta":{"footnotes":""},"categories":[72],"tags":[1325,1351,11,1349,1352,1350],"class_list":["post-15966","post","type-post","status-publish","format-standard","hentry","category-animaux","tag-cetonia-aurata","tag-graphosome-italien","tag-jardin","tag-netocia-morio","tag-nezara-viridula","tag-telephore-roux"],"_links":{"self":[{"href":"https:\/\/martinemrichard.fr\/blog\/index.php?rest_route=\/wp\/v2\/posts\/15966","targetHints":{"allow":["GET"]}}],"collection":[{"href":"https:\/\/martinemrichard.fr\/blog\/index.php?rest_route=\/wp\/v2\/posts"}],"about":[{"href":"https:\/\/martinemrichard.fr\/blog\/index.php?rest_route=\/wp\/v2\/types\/post"}],"author":[{"embeddable":true,"href":"https:\/\/martinemrichard.fr\/blog\/index.php?rest_route=\/wp\/v2\/users\/1"}],"replies":[{"embeddable":true,"href":"https:\/\/martinemrichard.fr\/blog\/index.php?rest_route=%2Fwp%2Fv2%2Fcomments&post=15966"}],"version-history":[{"count":21,"href":"https:\/\/martinemrichard.fr\/blog\/index.php?rest_route=\/wp\/v2\/posts\/15966\/revisions"}],"predecessor-version":[{"id":15993,"href":"https:\/\/martinemrichard.fr\/blog\/index.php?rest_route=\/wp\/v2\/posts\/15966\/revisions\/15993"}],"wp:attachment":[{"href":"https:\/\/martinemrichard.fr\/blog\/index.php?rest_route=%2Fwp%2Fv2%2Fmedia&parent=15966"}],"wp:term":[{"taxonomy":"category","embeddable":true,"href":"https:\/\/martinemrichard.fr\/blog\/index.php?rest_route=%2Fwp%2Fv2%2Fcategories&post=15966"},{"taxonomy":"post_tag","embeddable":true,"href":"https:\/\/martinemrichard.fr\/blog\/index.php?rest_route=%2Fwp%2Fv2%2Ftags&post=15966"}],"curies":[{"name":"wp","href":"https:\/\/api.w.org\/{rel}","templated":true}]}}