{"id":16497,"date":"2023-07-09T07:07:21","date_gmt":"2023-07-09T06:07:21","guid":{"rendered":"https:\/\/martinemrichard.fr\/blog\/?p=16497"},"modified":"2023-07-09T07:07:21","modified_gmt":"2023-07-09T06:07:21","slug":"les-chiens","status":"publish","type":"post","link":"https:\/\/martinemrichard.fr\/blog\/?p=16497","title":{"rendered":"Les chiens"},"content":{"rendered":"<p><em>Vous vous souvenez de la chanson \u00ab\u00a0Avoir un bon copain <span style=\"color: #ff0000;\">** <\/span>\u00a0\u00bb interpr\u00e9t\u00e9e par Henri Garat? Par Georges Brassens \u00e9galement <span style=\"color: #ff0000;\"><strong>* <\/strong><\/span>.\u00a0 J&rsquo;\u00e9tais petite, mais je m&rsquo;en souviens encore.\u00a0 Et bien, celle-ci m&rsquo;est revenue en\u00a0 t\u00eate en observant une jolie sc\u00e8ne \u00e0 la plage.<\/em><\/p>\n<p style=\"text-align: center;\">.<\/p>\n<p>Septembre en maillot, avec seau et pelle de petit enfant , par un bel pr\u00e8s-midi o\u00f9 le soleil chauffe merveilleusement la peau. La mar\u00e9e descend d\u00e9couvrant une multitude de d\u00e9lices iod\u00e9s.<\/p>\n<p style=\"text-align: center;\">.<\/p>\n<p style=\"text-align: center;\">Jusant pacifique-<\/p>\n<p style=\"text-align: center;\">Des mouettes, go\u00e9lands et<\/p>\n<p style=\"text-align: center;\">Crabes sauve-qui-peut!<\/p>\n<p style=\"text-align: center;\">.<\/p>\n<p>\u00a0Sur le sablon br\u00fblant,\u00a0 quelques courageux ( ou inconscients) se font r\u00f4tir par Ph\u00e9bus. D&rsquo;autres personnes, sagement assises sous un parasol, devisent en souriant. L&rsquo;une, un peu m\u00e9lancolique, parle de Paris qu&rsquo;elle va bient\u00f4t retrouver. L&rsquo;autre, plus chanceuse car vivant \u00e0 Bordeaux, pourra continuer \u00e0 jouir de cette plage tranquille encore bien des fois d&rsquo;ici l&rsquo;hiver.<\/p>\n<p style=\"text-align: center;\">.<\/p>\n<p style=\"text-align: center;\">Soleil v\u00e9h\u00e9ment-<\/p>\n<p style=\"text-align: center;\">Des baigneurs engourdis plus<\/p>\n<p style=\"text-align: center;\">Un vif cerf-volant<\/p>\n<p style=\"text-align: center;\">.<\/p>\n<p>Sur le sable humide, deux chiens s&rsquo;amusent comme des petits fous. Pas un ouaf! ouaf! Juste leur souffle bruyant et le crissement des grains sous leurs pattes.<\/p>\n<p style=\"text-align: center;\">Jeux de plage-<\/p>\n<p style=\"text-align: center;\">Courir! Sauter! Pirouetter!<\/p>\n<p style=\"text-align: center;\">Deux chiens pour un b\u00e2ton<\/p>\n<p>.<\/p>\n<p>MMR ( tous droits r\u00e9serv\u00e9s)<\/p>\n<p><span style=\"color: #ff0000;\"><strong>*\u00a0<\/strong><\/span> Avoir un bon copain, chant\u00e9 \u00e9galement par Gorges Brassens:<span style=\"color: #0000ff;\"><a style=\"color: #0000ff;\" href=\"https:\/\/www.paroledechanson.net\/georges-brassens\/avoir-un-bon-copain\"><strong> ICI<\/strong> <\/a><\/span><\/p>\n<p><span style=\"color: #ff0000;\">* * <\/span>Connaissez-vous l&rsquo;origine du mot copain?\u00a0 Elle vient de compaignon ( compagnon)\u00a0 , et de compain:\u00a0 le compagnon avec qui l&rsquo;on rompt le pain.<\/p>\n<p><img loading=\"lazy\" decoding=\"async\" class=\"alignright size-large wp-image-16509\" src=\"https:\/\/martinemrichard.fr\/blog\/wp-content\/uploads\/2022\/02\/IMG_7081_v1-1024x576.jpg\" alt=\"\" width=\"1024\" height=\"576\" srcset=\"https:\/\/martinemrichard.fr\/blog\/wp-content\/uploads\/2022\/02\/IMG_7081_v1-1024x576.jpg 1024w, https:\/\/martinemrichard.fr\/blog\/wp-content\/uploads\/2022\/02\/IMG_7081_v1-300x169.jpg 300w, https:\/\/martinemrichard.fr\/blog\/wp-content\/uploads\/2022\/02\/IMG_7081_v1-768x432.jpg 768w, https:\/\/martinemrichard.fr\/blog\/wp-content\/uploads\/2022\/02\/IMG_7081_v1-1536x863.jpg 1536w, https:\/\/martinemrichard.fr\/blog\/wp-content\/uploads\/2022\/02\/IMG_7081_v1-2048x1151.jpg 2048w\" sizes=\"auto, (max-width: 1024px) 100vw, 1024px\" \/><\/p>\n","protected":false},"excerpt":{"rendered":"<p>Vous vous souvenez de la chanson \u00ab\u00a0Avoir un bon copain ** \u00a0\u00bb interpr\u00e9t\u00e9e par Henri Garat? Par Georges Brassens \u00e9galement * .\u00a0 J&rsquo;\u00e9tais petite, mais je m&rsquo;en souviens encore.\u00a0 Et bien, celle-ci m&rsquo;est revenue en\u00a0 t\u00eate en observant une jolie sc\u00e8ne \u00e0 la plage. . Septembre en maillot, avec seau et pelle de petit enfant [&hellip;]<\/p>\n","protected":false},"author":1,"featured_media":0,"comment_status":"open","ping_status":"open","sticky":false,"template":"","format":"standard","meta":{"footnotes":""},"categories":[35],"tags":[1386,234,85,37,1427,1466,268,320,438],"class_list":["post-16497","post","type-post","status-publish","format-standard","hentry","category-haikus-haibuns","tag-amitie","tag-chien","tag-haibun","tag-haikus","tag-jeux-de-plage","tag-jusant","tag-phebus","tag-sable","tag-septembre"],"_links":{"self":[{"href":"https:\/\/martinemrichard.fr\/blog\/index.php?rest_route=\/wp\/v2\/posts\/16497","targetHints":{"allow":["GET"]}}],"collection":[{"href":"https:\/\/martinemrichard.fr\/blog\/index.php?rest_route=\/wp\/v2\/posts"}],"about":[{"href":"https:\/\/martinemrichard.fr\/blog\/index.php?rest_route=\/wp\/v2\/types\/post"}],"author":[{"embeddable":true,"href":"https:\/\/martinemrichard.fr\/blog\/index.php?rest_route=\/wp\/v2\/users\/1"}],"replies":[{"embeddable":true,"href":"https:\/\/martinemrichard.fr\/blog\/index.php?rest_route=%2Fwp%2Fv2%2Fcomments&post=16497"}],"version-history":[{"count":20,"href":"https:\/\/martinemrichard.fr\/blog\/index.php?rest_route=\/wp\/v2\/posts\/16497\/revisions"}],"predecessor-version":[{"id":17800,"href":"https:\/\/martinemrichard.fr\/blog\/index.php?rest_route=\/wp\/v2\/posts\/16497\/revisions\/17800"}],"wp:attachment":[{"href":"https:\/\/martinemrichard.fr\/blog\/index.php?rest_route=%2Fwp%2Fv2%2Fmedia&parent=16497"}],"wp:term":[{"taxonomy":"category","embeddable":true,"href":"https:\/\/martinemrichard.fr\/blog\/index.php?rest_route=%2Fwp%2Fv2%2Fcategories&post=16497"},{"taxonomy":"post_tag","embeddable":true,"href":"https:\/\/martinemrichard.fr\/blog\/index.php?rest_route=%2Fwp%2Fv2%2Ftags&post=16497"}],"curies":[{"name":"wp","href":"https:\/\/api.w.org\/{rel}","templated":true}]}}