{"id":1674,"date":"2011-05-20T07:19:03","date_gmt":"2011-05-20T05:19:03","guid":{"rendered":"http:\/\/martinemrichard.fr\/blog\/?p=1674"},"modified":"2011-05-20T07:19:03","modified_gmt":"2011-05-20T05:19:03","slug":"a-la-cuisine","status":"publish","type":"post","link":"https:\/\/martinemrichard.fr\/blog\/?p=1674","title":{"rendered":"A la cuisine"},"content":{"rendered":"<p>Pour le rendez-vous du \u00a0\u00bb coucou du ha\u00efku\u00a0\u00bb et son petit d\u00e9fi du vendredi, <a href=\"http:\/\/www.over-blog.com\/com-1172092675\/Le_coucou_du_haiku.html\"><strong>ICI <\/strong><\/a>, sur une photo de Mamylilou: <a href=\"https:\/\/martinemrichard.fr\/blog\/wp-content\/uploads\/2011\/05\/33bdd03e61bc8dbc4389239820765130.jpg\"><img loading=\"lazy\" decoding=\"async\" class=\"alignright size-medium wp-image-1675\" title=\"33bdd03e61bc8dbc4389239820765130\" src=\"https:\/\/martinemrichard.fr\/blog\/wp-content\/uploads\/2011\/05\/33bdd03e61bc8dbc4389239820765130-300x214.jpg\" alt=\"\" width=\"300\" height=\"214\" srcset=\"https:\/\/martinemrichard.fr\/blog\/wp-content\/uploads\/2011\/05\/33bdd03e61bc8dbc4389239820765130-300x214.jpg 300w, https:\/\/martinemrichard.fr\/blog\/wp-content\/uploads\/2011\/05\/33bdd03e61bc8dbc4389239820765130.jpg 500w\" sizes=\"auto, (max-width: 300px) 100vw, 300px\" \/><\/a><\/p>\n<p>.<\/p>\n<p>D\u00e9cors \u00e0 l&rsquo;ancienne-<\/p>\n<p>Collection chaudrons et po\u00eales<\/p>\n<p>Corv\u00e9e cuivre rouge<\/p>\n<p>.<\/p>\n<p>Octobre au ch\u00e2teau-<\/p>\n<p>Pour cinquante vendangeurs<\/p>\n<p>Cuisine enfi\u00e8vr\u00e9e<\/p>\n<p>.<\/p>\n<p>A la Chandeleur-<\/p>\n<p>Jeune \u00e9pous\u00e9e aux fourneaux<\/p>\n<p>Hop! Cr\u00eape au plafond!<\/p>\n<p>&#8230;&#8230;&#8230;.<\/p>\n<p>Dimanche matin-<\/p>\n<p>Mains plong\u00e9es dans la farine<\/p>\n<p>Madame cuisine<\/p>\n<p>.<\/p>\n<p>Monsieur en est tout \u00e9mu<\/p>\n<p>Oubli\u00e9e la tarte aux fruits<\/p>\n<p>&#8230;&#8230;&#8230;.<\/p>\n<p>Retour de l&rsquo;\u00e9cole-<\/p>\n<p>Chaudes fragrances vanille<\/p>\n<p>G\u00e2teau chaud du four<\/p>\n<p>.<\/p>\n<p>Chahuts et rires gourmands<\/p>\n<p>Maman, heureuse, partage<a href=\"https:\/\/martinemrichard.fr\/blog\/wp-content\/uploads\/2011\/05\/petit-dejeuner.jpg\"><img loading=\"lazy\" decoding=\"async\" class=\"alignright size-medium wp-image-1677\" title=\"petit dejeuner\" src=\"https:\/\/martinemrichard.fr\/blog\/wp-content\/uploads\/2011\/05\/petit-dejeuner-300x225.jpg\" alt=\"\" width=\"300\" height=\"225\" srcset=\"https:\/\/martinemrichard.fr\/blog\/wp-content\/uploads\/2011\/05\/petit-dejeuner-300x225.jpg 300w, https:\/\/martinemrichard.fr\/blog\/wp-content\/uploads\/2011\/05\/petit-dejeuner-1024x768.jpg 1024w\" sizes=\"auto, (max-width: 300px) 100vw, 300px\" \/><\/a><\/p>\n<p>&#8230;&#8230;&#8230;.<\/p>\n<p>A l&rsquo;heure du merle-<\/p>\n<p>Petit d\u00e9jeuner surprise<\/p>\n<p>Mari amoureux<\/p>\n<p>.<\/p>\n<p>MMR ( tous droits r\u00e9serv\u00e9s)<\/p>\n","protected":false},"excerpt":{"rendered":"<p>Pour le rendez-vous du \u00a0\u00bb coucou du ha\u00efku\u00a0\u00bb et son petit d\u00e9fi du vendredi, ICI , sur une photo de Mamylilou: . D\u00e9cors \u00e0 l&rsquo;ancienne- Collection chaudrons et po\u00eales Corv\u00e9e cuivre rouge . Octobre au ch\u00e2teau- Pour cinquante vendangeurs Cuisine enfi\u00e8vr\u00e9e . A la Chandeleur- Jeune \u00e9pous\u00e9e aux fourneaux Hop! Cr\u00eape au plafond! &#8230;&#8230;&#8230;. Dimanche [&hellip;]<\/p>\n","protected":false},"author":1,"featured_media":0,"comment_status":"open","ping_status":"open","sticky":false,"template":"","format":"standard","meta":{"footnotes":""},"categories":[35],"tags":[],"class_list":["post-1674","post","type-post","status-publish","format-standard","hentry","category-haikus-haibuns"],"_links":{"self":[{"href":"https:\/\/martinemrichard.fr\/blog\/index.php?rest_route=\/wp\/v2\/posts\/1674","targetHints":{"allow":["GET"]}}],"collection":[{"href":"https:\/\/martinemrichard.fr\/blog\/index.php?rest_route=\/wp\/v2\/posts"}],"about":[{"href":"https:\/\/martinemrichard.fr\/blog\/index.php?rest_route=\/wp\/v2\/types\/post"}],"author":[{"embeddable":true,"href":"https:\/\/martinemrichard.fr\/blog\/index.php?rest_route=\/wp\/v2\/users\/1"}],"replies":[{"embeddable":true,"href":"https:\/\/martinemrichard.fr\/blog\/index.php?rest_route=%2Fwp%2Fv2%2Fcomments&post=1674"}],"version-history":[{"count":3,"href":"https:\/\/martinemrichard.fr\/blog\/index.php?rest_route=\/wp\/v2\/posts\/1674\/revisions"}],"predecessor-version":[{"id":1679,"href":"https:\/\/martinemrichard.fr\/blog\/index.php?rest_route=\/wp\/v2\/posts\/1674\/revisions\/1679"}],"wp:attachment":[{"href":"https:\/\/martinemrichard.fr\/blog\/index.php?rest_route=%2Fwp%2Fv2%2Fmedia&parent=1674"}],"wp:term":[{"taxonomy":"category","embeddable":true,"href":"https:\/\/martinemrichard.fr\/blog\/index.php?rest_route=%2Fwp%2Fv2%2Fcategories&post=1674"},{"taxonomy":"post_tag","embeddable":true,"href":"https:\/\/martinemrichard.fr\/blog\/index.php?rest_route=%2Fwp%2Fv2%2Ftags&post=1674"}],"curies":[{"name":"wp","href":"https:\/\/api.w.org\/{rel}","templated":true}]}}