{"id":16750,"date":"2022-05-01T06:14:10","date_gmt":"2022-05-01T05:14:10","guid":{"rendered":"https:\/\/martinemrichard.fr\/blog\/?p=16750"},"modified":"2022-05-01T06:14:10","modified_gmt":"2022-05-01T05:14:10","slug":"avril-entre-soleil-et-pluies","status":"publish","type":"post","link":"https:\/\/martinemrichard.fr\/blog\/?p=16750","title":{"rendered":"Avril entre soleil et pluies"},"content":{"rendered":"<p>L&rsquo;esprit pr\u00e9occup\u00e9, mon \u00e9vasion: le jardin. <img loading=\"lazy\" decoding=\"async\" class=\"alignright size-medium wp-image-16755\" src=\"https:\/\/martinemrichard.fr\/blog\/wp-content\/uploads\/2022\/05\/IMG_6900_v1-300x233.jpg\" alt=\"\" width=\"300\" height=\"233\" srcset=\"https:\/\/martinemrichard.fr\/blog\/wp-content\/uploads\/2022\/05\/IMG_6900_v1-300x233.jpg 300w, https:\/\/martinemrichard.fr\/blog\/wp-content\/uploads\/2022\/05\/IMG_6900_v1.jpg 596w\" sizes=\"auto, (max-width: 300px) 100vw, 300px\" \/><\/p>\n<p>D\u00e9but avril, par le plus grand des hasards, j&rsquo;ai assist\u00e9 \u00e0 un \u00e9trange ballet\u00a0 silencieux dans le ciel.\u00a0 Il m&rsquo;a fallu quelques secondes pour r\u00e9aliser que je contemplais des cigognes. Un \u00e9norme vol.\u00a0 C&rsquo;\u00e9tait la premi\u00e8re fois de ma vie que je contemplais un tel spectacle. Dommage que je ne m&rsquo;en sois pas aper\u00e7u plus t\u00f4t. Le temps d&rsquo;attraper mon APN et la plus grande partie\u00a0 \u00e9tait d\u00e9j\u00e0 hors de vue.<\/p>\n<p><img loading=\"lazy\" decoding=\"async\" class=\"alignright size-large wp-image-16751\" src=\"https:\/\/martinemrichard.fr\/blog\/wp-content\/uploads\/2022\/05\/IMG_6906_v1-1024x768.jpg\" alt=\"\" width=\"1024\" height=\"768\" srcset=\"https:\/\/martinemrichard.fr\/blog\/wp-content\/uploads\/2022\/05\/IMG_6906_v1-1024x768.jpg 1024w, https:\/\/martinemrichard.fr\/blog\/wp-content\/uploads\/2022\/05\/IMG_6906_v1-300x225.jpg 300w, https:\/\/martinemrichard.fr\/blog\/wp-content\/uploads\/2022\/05\/IMG_6906_v1-768x576.jpg 768w, https:\/\/martinemrichard.fr\/blog\/wp-content\/uploads\/2022\/05\/IMG_6906_v1-1536x1152.jpg 1536w, https:\/\/martinemrichard.fr\/blog\/wp-content\/uploads\/2022\/05\/IMG_6906_v1-2048x1536.jpg 2048w\" sizes=\"auto, (max-width: 1024px) 100vw, 1024px\" \/><\/p>\n<p>.<\/p>\n<p>&nbsp;<\/p>\n<p>La semaine derni\u00e8re, dans le rosier de ma voisine, monsieur Fauvette M\u00e9lanoc\u00e9phale cherchait le lieu parfait pour construire son nid.\u00a0 Madame et lui, apr\u00e8s quelques all\u00e9es et venues avec plumes et brins d&rsquo;herbes, ont abandonn\u00e9. Certainement \u00e0 cause du bruit de ponceuse s&rsquo;\u00e9levant de la maison de la voisine. Tant pis. Esp\u00e9rons que ce sera plus calme l&rsquo;an prochain.<\/p>\n<p><img loading=\"lazy\" decoding=\"async\" class=\"alignright size-large wp-image-16752\" src=\"https:\/\/martinemrichard.fr\/blog\/wp-content\/uploads\/2022\/05\/IMG_7033_v1-1024x768.jpg\" alt=\"\" width=\"1024\" height=\"768\" srcset=\"https:\/\/martinemrichard.fr\/blog\/wp-content\/uploads\/2022\/05\/IMG_7033_v1-1024x768.jpg 1024w, https:\/\/martinemrichard.fr\/blog\/wp-content\/uploads\/2022\/05\/IMG_7033_v1-300x225.jpg 300w, https:\/\/martinemrichard.fr\/blog\/wp-content\/uploads\/2022\/05\/IMG_7033_v1-768x576.jpg 768w, https:\/\/martinemrichard.fr\/blog\/wp-content\/uploads\/2022\/05\/IMG_7033_v1-1536x1152.jpg 1536w, https:\/\/martinemrichard.fr\/blog\/wp-content\/uploads\/2022\/05\/IMG_7033_v1-2048x1536.jpg 2048w\" sizes=\"auto, (max-width: 1024px) 100vw, 1024px\" \/>Dans ma petite friche, la floraison des orchid\u00e9es se poursuit. Apr\u00e8s celle de l&rsquo;Ophrys araign\u00e9e,\u00a0 voici l&rsquo;Ophrys lutea.\u00a0 Cette adorable sauvageonne se multiplie tranquillement un peu plus chaque ann\u00e9e.\u00a0 Ainsi que le thym d&rsquo;ailleurs.<\/p>\n<p><img loading=\"lazy\" decoding=\"async\" class=\"alignright size-large wp-image-16753\" src=\"https:\/\/martinemrichard.fr\/blog\/wp-content\/uploads\/2022\/05\/IMG_7061_v1-1024x666.jpg\" alt=\"\" width=\"1024\" height=\"666\" srcset=\"https:\/\/martinemrichard.fr\/blog\/wp-content\/uploads\/2022\/05\/IMG_7061_v1-1024x666.jpg 1024w, https:\/\/martinemrichard.fr\/blog\/wp-content\/uploads\/2022\/05\/IMG_7061_v1-300x195.jpg 300w, https:\/\/martinemrichard.fr\/blog\/wp-content\/uploads\/2022\/05\/IMG_7061_v1-768x500.jpg 768w, https:\/\/martinemrichard.fr\/blog\/wp-content\/uploads\/2022\/05\/IMG_7061_v1-1536x999.jpg 1536w, https:\/\/martinemrichard.fr\/blog\/wp-content\/uploads\/2022\/05\/IMG_7061_v1-2048x1332.jpg 2048w\" sizes=\"auto, (max-width: 1024px) 100vw, 1024px\" \/><\/p>\n<p>Avril s&rsquo;en va. Voici Mai. Je vous souhaite un bon premier Mai\u00a0 accompagn\u00e9e du muguet du jardin.<\/p>\n<p><img loading=\"lazy\" decoding=\"async\" class=\"alignright size-large wp-image-16754\" src=\"https:\/\/martinemrichard.fr\/blog\/wp-content\/uploads\/2022\/05\/IMG_7058_v1-1024x666.jpg\" alt=\"\" width=\"1024\" height=\"666\" srcset=\"https:\/\/martinemrichard.fr\/blog\/wp-content\/uploads\/2022\/05\/IMG_7058_v1-1024x666.jpg 1024w, https:\/\/martinemrichard.fr\/blog\/wp-content\/uploads\/2022\/05\/IMG_7058_v1-300x195.jpg 300w, https:\/\/martinemrichard.fr\/blog\/wp-content\/uploads\/2022\/05\/IMG_7058_v1-768x500.jpg 768w, https:\/\/martinemrichard.fr\/blog\/wp-content\/uploads\/2022\/05\/IMG_7058_v1-1536x999.jpg 1536w, https:\/\/martinemrichard.fr\/blog\/wp-content\/uploads\/2022\/05\/IMG_7058_v1-2048x1332.jpg 2048w\" sizes=\"auto, (max-width: 1024px) 100vw, 1024px\" \/><\/p>\n<p>.<\/p>\n<p>MMR ( tous droits r\u00e9serv\u00e9s)<\/p>\n","protected":false},"excerpt":{"rendered":"<p>L&rsquo;esprit pr\u00e9occup\u00e9, mon \u00e9vasion: le jardin. D\u00e9but avril, par le plus grand des hasards, j&rsquo;ai assist\u00e9 \u00e0 un \u00e9trange ballet\u00a0 silencieux dans le ciel.\u00a0 Il m&rsquo;a fallu quelques secondes pour r\u00e9aliser que je contemplais des cigognes. Un \u00e9norme vol.\u00a0 C&rsquo;\u00e9tait la premi\u00e8re fois de ma vie que je contemplais un tel spectacle. Dommage que je [&hellip;]<\/p>\n","protected":false},"author":1,"featured_media":0,"comment_status":"open","ping_status":"open","sticky":false,"template":"","format":"standard","meta":{"footnotes":""},"categories":[72,71],"tags":[539,1223,11,38,1324,48],"class_list":["post-16750","post","type-post","status-publish","format-standard","hentry","category-animaux","category-jardin-fleur","tag-cigogne","tag-fauvette-melanocephale","tag-jardin","tag-muguet","tag-ophrys-lutea","tag-orchidees-deurope"],"_links":{"self":[{"href":"https:\/\/martinemrichard.fr\/blog\/index.php?rest_route=\/wp\/v2\/posts\/16750","targetHints":{"allow":["GET"]}}],"collection":[{"href":"https:\/\/martinemrichard.fr\/blog\/index.php?rest_route=\/wp\/v2\/posts"}],"about":[{"href":"https:\/\/martinemrichard.fr\/blog\/index.php?rest_route=\/wp\/v2\/types\/post"}],"author":[{"embeddable":true,"href":"https:\/\/martinemrichard.fr\/blog\/index.php?rest_route=\/wp\/v2\/users\/1"}],"replies":[{"embeddable":true,"href":"https:\/\/martinemrichard.fr\/blog\/index.php?rest_route=%2Fwp%2Fv2%2Fcomments&post=16750"}],"version-history":[{"count":10,"href":"https:\/\/martinemrichard.fr\/blog\/index.php?rest_route=\/wp\/v2\/posts\/16750\/revisions"}],"predecessor-version":[{"id":16765,"href":"https:\/\/martinemrichard.fr\/blog\/index.php?rest_route=\/wp\/v2\/posts\/16750\/revisions\/16765"}],"wp:attachment":[{"href":"https:\/\/martinemrichard.fr\/blog\/index.php?rest_route=%2Fwp%2Fv2%2Fmedia&parent=16750"}],"wp:term":[{"taxonomy":"category","embeddable":true,"href":"https:\/\/martinemrichard.fr\/blog\/index.php?rest_route=%2Fwp%2Fv2%2Fcategories&post=16750"},{"taxonomy":"post_tag","embeddable":true,"href":"https:\/\/martinemrichard.fr\/blog\/index.php?rest_route=%2Fwp%2Fv2%2Ftags&post=16750"}],"curies":[{"name":"wp","href":"https:\/\/api.w.org\/{rel}","templated":true}]}}