{"id":16769,"date":"2022-05-15T08:19:23","date_gmt":"2022-05-15T07:19:23","guid":{"rendered":"https:\/\/martinemrichard.fr\/blog\/?p=16769"},"modified":"2022-06-05T07:31:37","modified_gmt":"2022-06-05T06:31:37","slug":"et-voici-mai","status":"publish","type":"post","link":"https:\/\/martinemrichard.fr\/blog\/?p=16769","title":{"rendered":"Et voici mai&#8230;"},"content":{"rendered":"<p>Nous pourrions dire qu&rsquo;en ce moment, c&rsquo;est le jardin de toutes les senteurs. \u0152illets mignardises, pois de senteur, rosier ancien et ch\u00e8vre-feuille poussent \u00e0 qui mieux mieux leurs notes parfum\u00e9es. C&rsquo;est un enchantement olfactif!<\/p>\n<p><img loading=\"lazy\" decoding=\"async\" class=\"alignright size-large wp-image-16773\" src=\"https:\/\/martinemrichard.fr\/blog\/wp-content\/uploads\/2022\/05\/IMG_7126_v1-1024x1024.jpg\" alt=\"\" width=\"1024\" height=\"1024\" srcset=\"https:\/\/martinemrichard.fr\/blog\/wp-content\/uploads\/2022\/05\/IMG_7126_v1-1024x1024.jpg 1024w, https:\/\/martinemrichard.fr\/blog\/wp-content\/uploads\/2022\/05\/IMG_7126_v1-300x300.jpg 300w, https:\/\/martinemrichard.fr\/blog\/wp-content\/uploads\/2022\/05\/IMG_7126_v1-150x150.jpg 150w, https:\/\/martinemrichard.fr\/blog\/wp-content\/uploads\/2022\/05\/IMG_7126_v1-768x768.jpg 768w, https:\/\/martinemrichard.fr\/blog\/wp-content\/uploads\/2022\/05\/IMG_7126_v1.jpg 1327w\" sizes=\"auto, (max-width: 1024px) 100vw, 1024px\" \/><\/p>\n<p>Beaucoup de fleurs, cultiv\u00e9es ou sauvages, s&rsquo;\u00e9panouissent en rivalisant de beaut\u00e9 et de fragrances \u00e9tourdissantes. Ce qui fait le bonheur de maintes petites vies. Beaucoup d&rsquo;oed\u00e9m\u00e8res ( col\u00e9opt\u00e8res), de mouches ( dipt\u00e8res), quelques papillons ( l\u00e9pidopt\u00e8res) d&rsquo;abeilles domestiques et sauvages ( hym\u00e9nopt\u00e8res) se croisent et s&rsquo;entrecroisent un peu partout autour de la maison. A l&rsquo;h\u00f4tel \u00e0 insectes quatorze tubes de la canne de Provence ont leur bouchon d&rsquo;argile. D&rsquo;autres ont encore leur porte ferm\u00e9e l&rsquo;ann\u00e9e derni\u00e8re. Chaque classe d&rsquo;abeilles naissant \u00e0 diff\u00e9rents moment du printemps et de l&rsquo;\u00e9t\u00e9. Ces jours -ci\u00a0 des pr\u00e9tendants aux beaux yeux verts sont \u00e0 l&rsquo;aff\u00fbt et inspectent les tuyaux \u00e0 tour de r\u00f4le. Ils sont trois\u00a0 ce matin \u00e0 faire le pied de grue sur l&rsquo;h\u00f4tel ou les plantes \u00e0 proximit\u00e9. Ces demoiselles se font d\u00e9sirer.<\/p>\n<p><img loading=\"lazy\" decoding=\"async\" class=\"alignright size-full wp-image-16771\" src=\"https:\/\/martinemrichard.fr\/blog\/wp-content\/uploads\/2022\/05\/IMG_7163_v1.jpg\" alt=\"\" width=\"935\" height=\"807\" srcset=\"https:\/\/martinemrichard.fr\/blog\/wp-content\/uploads\/2022\/05\/IMG_7163_v1.jpg 935w, https:\/\/martinemrichard.fr\/blog\/wp-content\/uploads\/2022\/05\/IMG_7163_v1-300x259.jpg 300w, https:\/\/martinemrichard.fr\/blog\/wp-content\/uploads\/2022\/05\/IMG_7163_v1-768x663.jpg 768w\" sizes=\"auto, (max-width: 935px) 100vw, 935px\" \/><\/p>\n<p>Dans les jardini\u00e8res les fraisiers sont en fleurs et commencent \u00e0 d\u00e9velopper leurs fruits. Mais les plus h\u00e2tifs sont ces jolis petits fraisiers des bois.\u00a0 Pas assez sucr\u00e9s mais quel parfum!<\/p>\n<p><img loading=\"lazy\" decoding=\"async\" class=\"alignright size-large wp-image-16772\" src=\"https:\/\/martinemrichard.fr\/blog\/wp-content\/uploads\/2022\/05\/IMG_7137_v1-1024x1024.jpg\" alt=\"\" width=\"1024\" height=\"1024\" srcset=\"https:\/\/martinemrichard.fr\/blog\/wp-content\/uploads\/2022\/05\/IMG_7137_v1-1024x1024.jpg 1024w, https:\/\/martinemrichard.fr\/blog\/wp-content\/uploads\/2022\/05\/IMG_7137_v1-300x300.jpg 300w, https:\/\/martinemrichard.fr\/blog\/wp-content\/uploads\/2022\/05\/IMG_7137_v1-150x150.jpg 150w, https:\/\/martinemrichard.fr\/blog\/wp-content\/uploads\/2022\/05\/IMG_7137_v1-768x768.jpg 768w, https:\/\/martinemrichard.fr\/blog\/wp-content\/uploads\/2022\/05\/IMG_7137_v1.jpg 1327w\" sizes=\"auto, (max-width: 1024px) 100vw, 1024px\" \/><\/p>\n<p>Cette ann\u00e9e une ravissante surprise est n\u00e9e sous l&rsquo;olivier. L&rsquo;ophrys abeille ( ophrys apifera). Une orchid\u00e9e sauvage tr\u00e8s fragile et sensible \u00e0 l&rsquo;exc\u00e8s d&rsquo;humidit\u00e9. Ce printemps elles sont deux, \u00e0 50 cm l&rsquo;une de l&rsquo;autre. Dans le reste du jardin foisonnent les orchis pyramidales (anacamptis pyramidalis: rose fuchsia ou rose p\u00e2le), les s\u00e9rapias rouge sang,\u00a0 qui seront sous peu rejoints par les orchis bouc dont les hampes florales commencent \u00e0 s&rsquo;\u00e9lever.<\/p>\n<p><img loading=\"lazy\" decoding=\"async\" class=\"alignright size-large wp-image-16770\" src=\"https:\/\/martinemrichard.fr\/blog\/wp-content\/uploads\/2022\/05\/IMG_7142_v1-1024x1024.jpg\" alt=\"\" width=\"1024\" height=\"1024\" srcset=\"https:\/\/martinemrichard.fr\/blog\/wp-content\/uploads\/2022\/05\/IMG_7142_v1-1024x1024.jpg 1024w, https:\/\/martinemrichard.fr\/blog\/wp-content\/uploads\/2022\/05\/IMG_7142_v1-300x300.jpg 300w, https:\/\/martinemrichard.fr\/blog\/wp-content\/uploads\/2022\/05\/IMG_7142_v1-150x150.jpg 150w, https:\/\/martinemrichard.fr\/blog\/wp-content\/uploads\/2022\/05\/IMG_7142_v1-768x768.jpg 768w, https:\/\/martinemrichard.fr\/blog\/wp-content\/uploads\/2022\/05\/IMG_7142_v1.jpg 1327w\" sizes=\"auto, (max-width: 1024px) 100vw, 1024px\" \/><\/p>\n<p>La fauvette m\u00e9lanoc\u00e9phale, dont je vous ai parl\u00e9 la derni\u00e8re fois, m&rsquo;a offert une grande joie. J&rsquo;ai eu la chance d&rsquo;assister \u00e0 sa chasse au c\u0153ur du pommier. Et celle-ci f\u00fbt tr\u00e8s positive. Mr Fauvette a captur\u00e9 une grosse chenille verte bien grassouillette. De quoi bien nourrir sa nich\u00e9e.<\/p>\n<p><img loading=\"lazy\" decoding=\"async\" class=\"alignright size-full wp-image-16774\" src=\"https:\/\/martinemrichard.fr\/blog\/wp-content\/uploads\/2022\/05\/IMG_7135_v1.jpg\" alt=\"\" width=\"786\" height=\"679\" srcset=\"https:\/\/martinemrichard.fr\/blog\/wp-content\/uploads\/2022\/05\/IMG_7135_v1.jpg 786w, https:\/\/martinemrichard.fr\/blog\/wp-content\/uploads\/2022\/05\/IMG_7135_v1-300x259.jpg 300w, https:\/\/martinemrichard.fr\/blog\/wp-content\/uploads\/2022\/05\/IMG_7135_v1-768x663.jpg 768w\" sizes=\"auto, (max-width: 786px) 100vw, 786px\" \/><\/p>\n<p>&nbsp;<\/p>\n<p>.<\/p>\n<p><img loading=\"lazy\" decoding=\"async\" class=\"alignright size-large wp-image-16776\" src=\"https:\/\/martinemrichard.fr\/blog\/wp-content\/uploads\/2022\/05\/IMG_4923_v1-1024x575.jpg\" alt=\"\" width=\"1024\" height=\"575\" srcset=\"https:\/\/martinemrichard.fr\/blog\/wp-content\/uploads\/2022\/05\/IMG_4923_v1-1024x575.jpg 1024w, https:\/\/martinemrichard.fr\/blog\/wp-content\/uploads\/2022\/05\/IMG_4923_v1-300x169.jpg 300w, https:\/\/martinemrichard.fr\/blog\/wp-content\/uploads\/2022\/05\/IMG_4923_v1-768x431.jpg 768w, https:\/\/martinemrichard.fr\/blog\/wp-content\/uploads\/2022\/05\/IMG_4923_v1-1536x863.jpg 1536w, https:\/\/martinemrichard.fr\/blog\/wp-content\/uploads\/2022\/05\/IMG_4923_v1.jpg 1990w\" sizes=\"auto, (max-width: 1024px) 100vw, 1024px\" \/><\/p>\n<p>.<\/p>\n<p>.<\/p>\n<p>.<\/p>\n<p>.<\/p>\n<p>.<\/p>\n<p>.<\/p>\n<p>.<\/p>\n<p>.<\/p>\n<p>.<\/p>\n<p>.<\/p>\n<p>.<\/p>\n<p>.<\/p>\n<p>.<\/p>\n<p>.<\/p>\n<p>.<\/p>\n<p>Orchis pyramidales roses et s\u00e9rapias rouge sang colonisent ma petite friche mais pas seulement. Elles font\u00a0 \u00e0 pr\u00e9sent le tour de la maison et appr\u00e9cient m\u00eame pots et jardini\u00e8res.<\/p>\n<p>.<\/p>\n<p><span style=\"color: #ff0000;\"><strong>Blog en pause. <\/strong><\/span><\/p>\n<p><span style=\"color: #ff0000;\"><strong>Merci pour tous vos commentaires ici et hors blog qui r\u00e9chauffent le\u00a0 c\u0153ur.<\/strong> <\/span><\/p>\n<p>MMR ( tous droits r\u00e9serv\u00e9s)<\/p>\n","protected":false},"excerpt":{"rendered":"<p>Nous pourrions dire qu&rsquo;en ce moment, c&rsquo;est le jardin de toutes les senteurs. \u0152illets mignardises, pois de senteur, rosier ancien et ch\u00e8vre-feuille poussent \u00e0 qui mieux mieux leurs notes parfum\u00e9es. C&rsquo;est un enchantement olfactif! Beaucoup de fleurs, cultiv\u00e9es ou sauvages, s&rsquo;\u00e9panouissent en rivalisant de beaut\u00e9 et de fragrances \u00e9tourdissantes. Ce qui fait le bonheur de [&hellip;]<\/p>\n","protected":false},"author":1,"featured_media":0,"comment_status":"open","ping_status":"open","sticky":false,"template":"","format":"standard","meta":{"footnotes":""},"categories":[72,71,54],"tags":[145,1223,21,11,31,48,440,52],"class_list":["post-16769","post","type-post","status-publish","format-standard","hentry","category-animaux","category-jardin-fleur","category-orchidees-indigenes","tag-abeille","tag-fauvette-melanocephale","tag-fleurs","tag-jardin","tag-oeillets","tag-orchidees-deurope","tag-printemps","tag-rose"],"_links":{"self":[{"href":"https:\/\/martinemrichard.fr\/blog\/index.php?rest_route=\/wp\/v2\/posts\/16769","targetHints":{"allow":["GET"]}}],"collection":[{"href":"https:\/\/martinemrichard.fr\/blog\/index.php?rest_route=\/wp\/v2\/posts"}],"about":[{"href":"https:\/\/martinemrichard.fr\/blog\/index.php?rest_route=\/wp\/v2\/types\/post"}],"author":[{"embeddable":true,"href":"https:\/\/martinemrichard.fr\/blog\/index.php?rest_route=\/wp\/v2\/users\/1"}],"replies":[{"embeddable":true,"href":"https:\/\/martinemrichard.fr\/blog\/index.php?rest_route=%2Fwp%2Fv2%2Fcomments&post=16769"}],"version-history":[{"count":15,"href":"https:\/\/martinemrichard.fr\/blog\/index.php?rest_route=\/wp\/v2\/posts\/16769\/revisions"}],"predecessor-version":[{"id":16791,"href":"https:\/\/martinemrichard.fr\/blog\/index.php?rest_route=\/wp\/v2\/posts\/16769\/revisions\/16791"}],"wp:attachment":[{"href":"https:\/\/martinemrichard.fr\/blog\/index.php?rest_route=%2Fwp%2Fv2%2Fmedia&parent=16769"}],"wp:term":[{"taxonomy":"category","embeddable":true,"href":"https:\/\/martinemrichard.fr\/blog\/index.php?rest_route=%2Fwp%2Fv2%2Fcategories&post=16769"},{"taxonomy":"post_tag","embeddable":true,"href":"https:\/\/martinemrichard.fr\/blog\/index.php?rest_route=%2Fwp%2Fv2%2Ftags&post=16769"}],"curies":[{"name":"wp","href":"https:\/\/api.w.org\/{rel}","templated":true}]}}