{"id":17092,"date":"2023-01-08T05:31:47","date_gmt":"2023-01-08T04:31:47","guid":{"rendered":"https:\/\/martinemrichard.fr\/blog\/?p=17092"},"modified":"2023-01-14T08:20:30","modified_gmt":"2023-01-14T07:20:30","slug":"beautes-de-decembres-2022","status":"publish","type":"post","link":"https:\/\/martinemrichard.fr\/blog\/?p=17092","title":{"rendered":"Beaut\u00e9s de d\u00e9cembres 2022"},"content":{"rendered":"<p><img loading=\"lazy\" decoding=\"async\" class=\"alignright size-large wp-image-17096\" src=\"https:\/\/martinemrichard.fr\/blog\/wp-content\/uploads\/2023\/01\/IMG_0164_v1-1024x768.jpg\" alt=\"\" width=\"1024\" height=\"768\" srcset=\"https:\/\/martinemrichard.fr\/blog\/wp-content\/uploads\/2023\/01\/IMG_0164_v1-1024x768.jpg 1024w, https:\/\/martinemrichard.fr\/blog\/wp-content\/uploads\/2023\/01\/IMG_0164_v1-300x225.jpg 300w, https:\/\/martinemrichard.fr\/blog\/wp-content\/uploads\/2023\/01\/IMG_0164_v1-768x576.jpg 768w, https:\/\/martinemrichard.fr\/blog\/wp-content\/uploads\/2023\/01\/IMG_0164_v1-1536x1152.jpg 1536w, https:\/\/martinemrichard.fr\/blog\/wp-content\/uploads\/2023\/01\/IMG_0164_v1-2048x1536.jpg 2048w\" sizes=\"auto, (max-width: 1024px) 100vw, 1024px\" \/><\/p>\n<p>D\u00e9cembre et ses magnifiques levers de soleil derri\u00e8re la montagne de l&rsquo;Alaric.<\/p>\n<p><img loading=\"lazy\" decoding=\"async\" class=\"alignright size-large wp-image-17093\" src=\"https:\/\/martinemrichard.fr\/blog\/wp-content\/uploads\/2023\/01\/IMG_0102_v1-1024x1024.jpg\" alt=\"\" width=\"1024\" height=\"1024\" srcset=\"https:\/\/martinemrichard.fr\/blog\/wp-content\/uploads\/2023\/01\/IMG_0102_v1-1024x1024.jpg 1024w, https:\/\/martinemrichard.fr\/blog\/wp-content\/uploads\/2023\/01\/IMG_0102_v1-300x300.jpg 300w, https:\/\/martinemrichard.fr\/blog\/wp-content\/uploads\/2023\/01\/IMG_0102_v1-150x150.jpg 150w, https:\/\/martinemrichard.fr\/blog\/wp-content\/uploads\/2023\/01\/IMG_0102_v1-768x768.jpg 768w, https:\/\/martinemrichard.fr\/blog\/wp-content\/uploads\/2023\/01\/IMG_0102_v1-1536x1536.jpg 1536w, https:\/\/martinemrichard.fr\/blog\/wp-content\/uploads\/2023\/01\/IMG_0102_v1.jpg 1550w\" sizes=\"auto, (max-width: 1024px) 100vw, 1024px\" \/><\/p>\n<p>Le merle me jette un coup d\u2019\u0153il m\u00e9fiant. Danger? Pas danger?<\/p>\n<p><img loading=\"lazy\" decoding=\"async\" class=\"alignright size-large wp-image-17094\" src=\"https:\/\/martinemrichard.fr\/blog\/wp-content\/uploads\/2023\/01\/IMG_0107_v1-1024x1024.jpg\" alt=\"\" width=\"1024\" height=\"1024\" srcset=\"https:\/\/martinemrichard.fr\/blog\/wp-content\/uploads\/2023\/01\/IMG_0107_v1-1024x1024.jpg 1024w, https:\/\/martinemrichard.fr\/blog\/wp-content\/uploads\/2023\/01\/IMG_0107_v1-300x300.jpg 300w, https:\/\/martinemrichard.fr\/blog\/wp-content\/uploads\/2023\/01\/IMG_0107_v1-150x150.jpg 150w, https:\/\/martinemrichard.fr\/blog\/wp-content\/uploads\/2023\/01\/IMG_0107_v1-768x768.jpg 768w, https:\/\/martinemrichard.fr\/blog\/wp-content\/uploads\/2023\/01\/IMG_0107_v1-1536x1536.jpg 1536w, https:\/\/martinemrichard.fr\/blog\/wp-content\/uploads\/2023\/01\/IMG_0107_v1.jpg 1550w\" sizes=\"auto, (max-width: 1024px) 100vw, 1024px\" \/><\/p>\n<p>Finalement, il d\u00e9cide d&rsquo;\u00e9couter son estomac. C&rsquo;est qu&rsquo;elle est si app\u00e9tissante cette derni\u00e8re arbouse de l&rsquo;ann\u00e9e!<\/p>\n<p><img loading=\"lazy\" decoding=\"async\" class=\"alignright size-large wp-image-17095\" src=\"https:\/\/martinemrichard.fr\/blog\/wp-content\/uploads\/2023\/01\/IMG_0143_v1-1024x1024.jpg\" alt=\"\" width=\"1024\" height=\"1024\" srcset=\"https:\/\/martinemrichard.fr\/blog\/wp-content\/uploads\/2023\/01\/IMG_0143_v1-1024x1024.jpg 1024w, https:\/\/martinemrichard.fr\/blog\/wp-content\/uploads\/2023\/01\/IMG_0143_v1-300x300.jpg 300w, https:\/\/martinemrichard.fr\/blog\/wp-content\/uploads\/2023\/01\/IMG_0143_v1-150x150.jpg 150w, https:\/\/martinemrichard.fr\/blog\/wp-content\/uploads\/2023\/01\/IMG_0143_v1-768x768.jpg 768w, https:\/\/martinemrichard.fr\/blog\/wp-content\/uploads\/2023\/01\/IMG_0143_v1.jpg 1443w\" sizes=\"auto, (max-width: 1024px) 100vw, 1024px\" \/><\/p>\n<p>Le mignon rouge-gorge vient glaner au pied de la mangeoire quelques restes\u00a0 oubli\u00e9s par les chardonnerets, m\u00e9sanges, moineaux, verdiers et pinsons.<\/p>\n<p><img loading=\"lazy\" decoding=\"async\" class=\"alignright size-large wp-image-17097\" src=\"https:\/\/martinemrichard.fr\/blog\/wp-content\/uploads\/2023\/01\/IMG_0188_v1-1024x768.jpg\" alt=\"\" width=\"1024\" height=\"768\" srcset=\"https:\/\/martinemrichard.fr\/blog\/wp-content\/uploads\/2023\/01\/IMG_0188_v1-1024x768.jpg 1024w, https:\/\/martinemrichard.fr\/blog\/wp-content\/uploads\/2023\/01\/IMG_0188_v1-300x225.jpg 300w, https:\/\/martinemrichard.fr\/blog\/wp-content\/uploads\/2023\/01\/IMG_0188_v1-768x576.jpg 768w, https:\/\/martinemrichard.fr\/blog\/wp-content\/uploads\/2023\/01\/IMG_0188_v1-1536x1152.jpg 1536w, https:\/\/martinemrichard.fr\/blog\/wp-content\/uploads\/2023\/01\/IMG_0188_v1-2048x1536.jpg 2048w\" sizes=\"auto, (max-width: 1024px) 100vw, 1024px\" \/><\/p>\n<p>Un \u0153illet mignardise\u00a0 brandit ses couleurs vitamin\u00e9es. Comme un message d&rsquo;espoir en des jours meilleurs.<\/p>\n<p>MMR ( tous droits r\u00e9serv\u00e9s)<\/p>\n<p><span style=\"color: #ff0000;\"><strong>Merci infiniment pour tous vos commentaires et r\u00e9actions qui sont extr\u00eamement motivants<\/strong><\/span><\/p>\n","protected":false},"excerpt":{"rendered":"<p>D\u00e9cembre et ses magnifiques levers de soleil derri\u00e8re la montagne de l&rsquo;Alaric. Le merle me jette un coup d\u2019\u0153il m\u00e9fiant. Danger? Pas danger? Finalement, il d\u00e9cide d&rsquo;\u00e9couter son estomac. C&rsquo;est qu&rsquo;elle est si app\u00e9tissante cette derni\u00e8re arbouse de l&rsquo;ann\u00e9e! Le mignon rouge-gorge vient glaner au pied de la mangeoire quelques restes\u00a0 oubli\u00e9s par les chardonnerets, [&hellip;]<\/p>\n","protected":false},"author":1,"featured_media":0,"comment_status":"open","ping_status":"open","sticky":false,"template":"","format":"standard","meta":{"footnotes":""},"categories":[72,71],"tags":[21,314,11,206,487,31,262],"class_list":["post-17092","post","type-post","status-publish","format-standard","hentry","category-animaux","category-jardin-fleur","tag-fleurs","tag-hiver","tag-jardin","tag-lever-de-soleil","tag-merle","tag-oeillets","tag-oiseau"],"_links":{"self":[{"href":"https:\/\/martinemrichard.fr\/blog\/index.php?rest_route=\/wp\/v2\/posts\/17092","targetHints":{"allow":["GET"]}}],"collection":[{"href":"https:\/\/martinemrichard.fr\/blog\/index.php?rest_route=\/wp\/v2\/posts"}],"about":[{"href":"https:\/\/martinemrichard.fr\/blog\/index.php?rest_route=\/wp\/v2\/types\/post"}],"author":[{"embeddable":true,"href":"https:\/\/martinemrichard.fr\/blog\/index.php?rest_route=\/wp\/v2\/users\/1"}],"replies":[{"embeddable":true,"href":"https:\/\/martinemrichard.fr\/blog\/index.php?rest_route=%2Fwp%2Fv2%2Fcomments&post=17092"}],"version-history":[{"count":4,"href":"https:\/\/martinemrichard.fr\/blog\/index.php?rest_route=\/wp\/v2\/posts\/17092\/revisions"}],"predecessor-version":[{"id":17145,"href":"https:\/\/martinemrichard.fr\/blog\/index.php?rest_route=\/wp\/v2\/posts\/17092\/revisions\/17145"}],"wp:attachment":[{"href":"https:\/\/martinemrichard.fr\/blog\/index.php?rest_route=%2Fwp%2Fv2%2Fmedia&parent=17092"}],"wp:term":[{"taxonomy":"category","embeddable":true,"href":"https:\/\/martinemrichard.fr\/blog\/index.php?rest_route=%2Fwp%2Fv2%2Fcategories&post=17092"},{"taxonomy":"post_tag","embeddable":true,"href":"https:\/\/martinemrichard.fr\/blog\/index.php?rest_route=%2Fwp%2Fv2%2Ftags&post=17092"}],"curies":[{"name":"wp","href":"https:\/\/api.w.org\/{rel}","templated":true}]}}