{"id":17166,"date":"2023-01-29T06:42:24","date_gmt":"2023-01-29T05:42:24","guid":{"rendered":"https:\/\/martinemrichard.fr\/blog\/?p=17166"},"modified":"2023-01-29T06:42:24","modified_gmt":"2023-01-29T05:42:24","slug":"lhiver-autour-des-mangeoires","status":"publish","type":"post","link":"https:\/\/martinemrichard.fr\/blog\/?p=17166","title":{"rendered":"L&rsquo;hiver autour des mangeoires"},"content":{"rendered":"<p><img loading=\"lazy\" decoding=\"async\" class=\"alignright size-large wp-image-17169\" src=\"https:\/\/martinemrichard.fr\/blog\/wp-content\/uploads\/2023\/01\/IMG_0626_v1-1024x768.jpg\" alt=\"\" width=\"1024\" height=\"768\" srcset=\"https:\/\/martinemrichard.fr\/blog\/wp-content\/uploads\/2023\/01\/IMG_0626_v1-1024x768.jpg 1024w, https:\/\/martinemrichard.fr\/blog\/wp-content\/uploads\/2023\/01\/IMG_0626_v1-300x225.jpg 300w, https:\/\/martinemrichard.fr\/blog\/wp-content\/uploads\/2023\/01\/IMG_0626_v1-768x576.jpg 768w, https:\/\/martinemrichard.fr\/blog\/wp-content\/uploads\/2023\/01\/IMG_0626_v1-1536x1152.jpg 1536w, https:\/\/martinemrichard.fr\/blog\/wp-content\/uploads\/2023\/01\/IMG_0626_v1-2048x1536.jpg 2048w\" sizes=\"auto, (max-width: 1024px) 100vw, 1024px\" \/><\/p>\n<p>J&rsquo;adore le soleil et sa douce chaleur . Mais j&rsquo;ai bien conscience que l&rsquo;hiver doit retrouver ses droits pour le bienfait de mon jardin en particulier et pour la nature en g\u00e9n\u00e9ral. Aussi, en 2023, je salue son retour. Nous avons d\u00e9couvert l&rsquo;arriv\u00e9e de la neige un matin la semaine derni\u00e8re. Elle a vite fondu autour de chez nous. Mais elle s&rsquo;accroche encore dans l&rsquo;ombre des collines au loin. Il fait tr\u00e8s froid sur le Sud, comme dans le reste du pays.<\/p>\n<p><img loading=\"lazy\" decoding=\"async\" class=\"alignright size-large wp-image-17168\" src=\"https:\/\/martinemrichard.fr\/blog\/wp-content\/uploads\/2023\/01\/IMG_0644_v1-1-1024x768.jpg\" alt=\"\" width=\"1024\" height=\"768\" srcset=\"https:\/\/martinemrichard.fr\/blog\/wp-content\/uploads\/2023\/01\/IMG_0644_v1-1-1024x768.jpg 1024w, https:\/\/martinemrichard.fr\/blog\/wp-content\/uploads\/2023\/01\/IMG_0644_v1-1-300x225.jpg 300w, https:\/\/martinemrichard.fr\/blog\/wp-content\/uploads\/2023\/01\/IMG_0644_v1-1-768x576.jpg 768w, https:\/\/martinemrichard.fr\/blog\/wp-content\/uploads\/2023\/01\/IMG_0644_v1-1-1536x1152.jpg 1536w, https:\/\/martinemrichard.fr\/blog\/wp-content\/uploads\/2023\/01\/IMG_0644_v1-1-2048x1536.jpg 2048w\" sizes=\"auto, (max-width: 1024px) 100vw, 1024px\" \/><\/p>\n<p>Inutile de vous dire que nos mangeoires sont tr\u00e8s visit\u00e9es. Le froid, \u00e7a creuse les petits estomacs.<\/p>\n<p><img loading=\"lazy\" decoding=\"async\" class=\"alignright size-large wp-image-17172\" src=\"https:\/\/martinemrichard.fr\/blog\/wp-content\/uploads\/2023\/01\/IMG_0707_v1-1024x426.jpg\" alt=\"\" width=\"1024\" height=\"426\" srcset=\"https:\/\/martinemrichard.fr\/blog\/wp-content\/uploads\/2023\/01\/IMG_0707_v1-1024x426.jpg 1024w, https:\/\/martinemrichard.fr\/blog\/wp-content\/uploads\/2023\/01\/IMG_0707_v1-300x125.jpg 300w, https:\/\/martinemrichard.fr\/blog\/wp-content\/uploads\/2023\/01\/IMG_0707_v1-768x320.jpg 768w, https:\/\/martinemrichard.fr\/blog\/wp-content\/uploads\/2023\/01\/IMG_0707_v1-1536x639.jpg 1536w, https:\/\/martinemrichard.fr\/blog\/wp-content\/uploads\/2023\/01\/IMG_0707_v1-2048x852.jpg 2048w\" sizes=\"auto, (max-width: 1024px) 100vw, 1024px\" \/><\/p>\n<p>R\u00e8glement de compte \u00e0 O.K. Gamelle (du haut) o\u00f9 sont offertes les graines de tournesols. Trois chardonnerets et un verdier \u00e0 l&rsquo;ext\u00e9rieur\u00a0 attendent impatiemment leur tour. A l&rsquo;int\u00e9rieur, trois chardonnerets et un verdier, eux, ne sont pas du tout press\u00e9s de vider les lieux. Cela occasionne quelques disputes et coups de becs.\u00a0 C&rsquo;est le principe du jeu des chaises musicales. L&rsquo;un perd sa place, aussit\u00f4t remplac\u00e9 par un autre.<\/p>\n<p><img loading=\"lazy\" decoding=\"async\" class=\"alignright size-large wp-image-17196\" src=\"https:\/\/martinemrichard.fr\/blog\/wp-content\/uploads\/2023\/01\/IMG_0832_v1-1024x768.jpg\" alt=\"\" width=\"1024\" height=\"768\" srcset=\"https:\/\/martinemrichard.fr\/blog\/wp-content\/uploads\/2023\/01\/IMG_0832_v1-1024x768.jpg 1024w, https:\/\/martinemrichard.fr\/blog\/wp-content\/uploads\/2023\/01\/IMG_0832_v1-300x225.jpg 300w, https:\/\/martinemrichard.fr\/blog\/wp-content\/uploads\/2023\/01\/IMG_0832_v1-768x576.jpg 768w, https:\/\/martinemrichard.fr\/blog\/wp-content\/uploads\/2023\/01\/IMG_0832_v1-1536x1152.jpg 1536w, https:\/\/martinemrichard.fr\/blog\/wp-content\/uploads\/2023\/01\/IMG_0832_v1-2048x1536.jpg 2048w\" sizes=\"auto, (max-width: 1024px) 100vw, 1024px\" \/><\/p>\n<p>Avec toute cette foule, les m\u00e9sanges bleues sont beaucoup moins pr\u00e9sentes. Elles ne doivent pas appr\u00e9cier trop de concurrence.\u00a0 Par contre, les m\u00e9sanges charbonni\u00e8res n&rsquo;h\u00e9sitent pas \u00e0 s&rsquo;imposer pour chiper quelques graines. Mais, vraiment, il faut qu&rsquo;elles y aillent en \u00ab\u00a0costaud\u00a0\u00bb.<\/p>\n<p><img loading=\"lazy\" decoding=\"async\" class=\"alignright size-large wp-image-17181\" src=\"https:\/\/martinemrichard.fr\/blog\/wp-content\/uploads\/2023\/01\/IMG_0690_v1-1024x768.jpg\" alt=\"\" width=\"1024\" height=\"768\" srcset=\"https:\/\/martinemrichard.fr\/blog\/wp-content\/uploads\/2023\/01\/IMG_0690_v1-1024x768.jpg 1024w, https:\/\/martinemrichard.fr\/blog\/wp-content\/uploads\/2023\/01\/IMG_0690_v1-300x225.jpg 300w, https:\/\/martinemrichard.fr\/blog\/wp-content\/uploads\/2023\/01\/IMG_0690_v1-768x576.jpg 768w, https:\/\/martinemrichard.fr\/blog\/wp-content\/uploads\/2023\/01\/IMG_0690_v1-1536x1152.jpg 1536w, https:\/\/martinemrichard.fr\/blog\/wp-content\/uploads\/2023\/01\/IMG_0690_v1-2048x1536.jpg 2048w\" sizes=\"auto, (max-width: 1024px) 100vw, 1024px\" \/><\/p>\n<p>Certains seront peut-\u00eatre intrigu\u00e9s par les pinces et branchettes que j&rsquo;ai dispos\u00e9es avec difficult\u00e9 d&rsquo;ailleurs.\u00a0 La responsable est la jolie tourterelle qui avalait les graines de tournesols \u00e0 toute vitesse. On aurait dit un marteau piqueur. Les petits gabarits ne pouvaient plus s&rsquo;approcher. Et apr\u00e8s son d\u00e9part, c&rsquo;\u00e9tait place nette. Donc,\u00a0 il m&rsquo;a fallu trouver une solution. Dor\u00e9navant cette grosse boule de plumes se rabat sur ce qu&rsquo;il y a dans l&rsquo;herbe.<\/p>\n<p><img loading=\"lazy\" decoding=\"async\" class=\"alignright size-medium wp-image-17174\" src=\"https:\/\/martinemrichard.fr\/blog\/wp-content\/uploads\/2023\/01\/IMG_0847_v1-300x300.jpg\" alt=\"\" width=\"300\" height=\"300\" srcset=\"https:\/\/martinemrichard.fr\/blog\/wp-content\/uploads\/2023\/01\/IMG_0847_v1-300x300.jpg 300w, https:\/\/martinemrichard.fr\/blog\/wp-content\/uploads\/2023\/01\/IMG_0847_v1-1024x1024.jpg 1024w, https:\/\/martinemrichard.fr\/blog\/wp-content\/uploads\/2023\/01\/IMG_0847_v1-150x150.jpg 150w, https:\/\/martinemrichard.fr\/blog\/wp-content\/uploads\/2023\/01\/IMG_0847_v1-768x768.jpg 768w, https:\/\/martinemrichard.fr\/blog\/wp-content\/uploads\/2023\/01\/IMG_0847_v1.jpg 1260w\" sizes=\"auto, (max-width: 300px) 100vw, 300px\" \/><img loading=\"lazy\" decoding=\"async\" class=\"alignright size-medium wp-image-17175\" src=\"https:\/\/martinemrichard.fr\/blog\/wp-content\/uploads\/2023\/01\/IMG_0871_v1-300x300.jpg\" alt=\"\" width=\"300\" height=\"300\" srcset=\"https:\/\/martinemrichard.fr\/blog\/wp-content\/uploads\/2023\/01\/IMG_0871_v1-300x300.jpg 300w, https:\/\/martinemrichard.fr\/blog\/wp-content\/uploads\/2023\/01\/IMG_0871_v1-1024x1024.jpg 1024w, https:\/\/martinemrichard.fr\/blog\/wp-content\/uploads\/2023\/01\/IMG_0871_v1-150x150.jpg 150w, https:\/\/martinemrichard.fr\/blog\/wp-content\/uploads\/2023\/01\/IMG_0871_v1-768x768.jpg 768w, https:\/\/martinemrichard.fr\/blog\/wp-content\/uploads\/2023\/01\/IMG_0871_v1.jpg 1250w\" sizes=\"auto, (max-width: 300px) 100vw, 300px\" \/><img loading=\"lazy\" decoding=\"async\" class=\"alignright size-medium wp-image-17176\" src=\"https:\/\/martinemrichard.fr\/blog\/wp-content\/uploads\/2023\/01\/IMG_0885_v1-300x300.jpg\" alt=\"\" width=\"300\" height=\"300\" srcset=\"https:\/\/martinemrichard.fr\/blog\/wp-content\/uploads\/2023\/01\/IMG_0885_v1-300x300.jpg 300w, https:\/\/martinemrichard.fr\/blog\/wp-content\/uploads\/2023\/01\/IMG_0885_v1-1024x1024.jpg 1024w, https:\/\/martinemrichard.fr\/blog\/wp-content\/uploads\/2023\/01\/IMG_0885_v1-150x150.jpg 150w, https:\/\/martinemrichard.fr\/blog\/wp-content\/uploads\/2023\/01\/IMG_0885_v1-768x768.jpg 768w, https:\/\/martinemrichard.fr\/blog\/wp-content\/uploads\/2023\/01\/IMG_0885_v1.jpg 1260w\" sizes=\"auto, (max-width: 300px) 100vw, 300px\" \/><\/p>\n<p>.<\/p>\n<p>.<\/p>\n<p>.<\/p>\n<p>.<\/p>\n<p>.<\/p>\n<p>.<\/p>\n<p>.<\/p>\n<p>.<\/p>\n<p>Par terre,\u00a0 j&rsquo;ai \u00e9parpill\u00e9 un assortiment de petites graines tr\u00e8s appr\u00e9ci\u00e9es par un foule de candidats \u00e9cart\u00e9s de la mangeoire du haut. Les pinsons des arbres y picorent r\u00e9guli\u00e8rement. Cette ann\u00e9e les pinsons du nord sont plus nombreux que l&rsquo;an dernier. Les moineaux\u00a0 piquent la boule de graisse aux graines. Ces p&rsquo;tits malins sont \u00e9galement tr\u00e8s pr\u00e9sents au sol; parfois aussi sur les mangeoires.<\/p>\n<p><img loading=\"lazy\" decoding=\"async\" class=\"alignright size-large wp-image-17179\" src=\"https:\/\/martinemrichard.fr\/blog\/wp-content\/uploads\/2023\/01\/IMG_0808_v1-1024x768.jpg\" alt=\"\" width=\"1024\" height=\"768\" srcset=\"https:\/\/martinemrichard.fr\/blog\/wp-content\/uploads\/2023\/01\/IMG_0808_v1-1024x768.jpg 1024w, https:\/\/martinemrichard.fr\/blog\/wp-content\/uploads\/2023\/01\/IMG_0808_v1-300x225.jpg 300w, https:\/\/martinemrichard.fr\/blog\/wp-content\/uploads\/2023\/01\/IMG_0808_v1-768x576.jpg 768w, https:\/\/martinemrichard.fr\/blog\/wp-content\/uploads\/2023\/01\/IMG_0808_v1-1536x1152.jpg 1536w, https:\/\/martinemrichard.fr\/blog\/wp-content\/uploads\/2023\/01\/IMG_0808_v1-2048x1536.jpg 2048w\" sizes=\"auto, (max-width: 1024px) 100vw, 1024px\" \/><\/p>\n<p>Exemple de cohabitation pacifique: le pinson des arbres \u00e0 gauche, le pinson du nord \u00e0 droite.<\/p>\n<p><img loading=\"lazy\" decoding=\"async\" class=\"alignright size-large wp-image-17171\" src=\"https:\/\/martinemrichard.fr\/blog\/wp-content\/uploads\/2023\/01\/IMG_0868_v1-1024x611.jpg\" alt=\"\" width=\"1024\" height=\"611\" srcset=\"https:\/\/martinemrichard.fr\/blog\/wp-content\/uploads\/2023\/01\/IMG_0868_v1-1024x611.jpg 1024w, https:\/\/martinemrichard.fr\/blog\/wp-content\/uploads\/2023\/01\/IMG_0868_v1-300x179.jpg 300w, https:\/\/martinemrichard.fr\/blog\/wp-content\/uploads\/2023\/01\/IMG_0868_v1-768x458.jpg 768w, https:\/\/martinemrichard.fr\/blog\/wp-content\/uploads\/2023\/01\/IMG_0868_v1-1536x917.jpg 1536w, https:\/\/martinemrichard.fr\/blog\/wp-content\/uploads\/2023\/01\/IMG_0868_v1.jpg 1779w\" sizes=\"auto, (max-width: 1024px) 100vw, 1024px\" \/><\/p>\n<p>Le rouge gorge s&rsquo;invite \u00e9galement \u00e0 la table ouverte. \u00ab\u00a0M\u00eame pas peur!\u00a0\u00bb<\/p>\n<p>.<img loading=\"lazy\" decoding=\"async\" class=\"alignright size-full wp-image-17186\" src=\"https:\/\/martinemrichard.fr\/blog\/wp-content\/uploads\/2023\/01\/IMG_0767_v1.jpg\" alt=\"\" width=\"793\" height=\"793\" srcset=\"https:\/\/martinemrichard.fr\/blog\/wp-content\/uploads\/2023\/01\/IMG_0767_v1.jpg 793w, https:\/\/martinemrichard.fr\/blog\/wp-content\/uploads\/2023\/01\/IMG_0767_v1-300x300.jpg 300w, https:\/\/martinemrichard.fr\/blog\/wp-content\/uploads\/2023\/01\/IMG_0767_v1-150x150.jpg 150w, https:\/\/martinemrichard.fr\/blog\/wp-content\/uploads\/2023\/01\/IMG_0767_v1-768x768.jpg 768w\" sizes=\"auto, (max-width: 793px) 100vw, 793px\" \/><\/p>\n<p>.<\/p>\n<p>.<\/p>\n<p>.<\/p>\n<p>.<\/p>\n<p>.<\/p>\n<p>Un second pinson des arbres a trouv\u00e9 la bonne astuce. Ce petit fut\u00e9\u00a0 a rep\u00e9r\u00e9 sur le trottoir la manne app\u00e9tissante dispos\u00e9e face \u00e0 notre porte-fen\u00eatre. Voil\u00e0 le bon plan. Tranquille, sans stress, il picore lentement, savourant\u00a0 ce repas offert loin de la turbulence plumes et piaillements.<\/p>\n<p>.<\/p>\n<p>MMR ( tous droits r\u00e9serv\u00e9s)<\/p>\n","protected":false},"excerpt":{"rendered":"<p>J&rsquo;adore le soleil et sa douce chaleur . Mais j&rsquo;ai bien conscience que l&rsquo;hiver doit retrouver ses droits pour le bienfait de mon jardin en particulier et pour la nature en g\u00e9n\u00e9ral. Aussi, en 2023, je salue son retour. Nous avons d\u00e9couvert l&rsquo;arriv\u00e9e de la neige un matin la semaine derni\u00e8re. Elle a vite fondu [&hellip;]<\/p>\n","protected":false},"author":1,"featured_media":0,"comment_status":"open","ping_status":"open","sticky":false,"template":"","format":"standard","meta":{"footnotes":""},"categories":[72],"tags":[12,927,397,314,11,1229,338,262,1389,1388,1160,362,1173],"class_list":["post-17166","post","type-post","status-publish","format-standard","hentry","category-animaux","tag-blanc","tag-chardonneret","tag-froid","tag-hiver","tag-jardin","tag-moineau-domestique","tag-neige","tag-oiseau","tag-pinson-des-arbres","tag-pinson-du-nord","tag-rouge-gorge","tag-tourterelle","tag-verdier"],"_links":{"self":[{"href":"https:\/\/martinemrichard.fr\/blog\/index.php?rest_route=\/wp\/v2\/posts\/17166","targetHints":{"allow":["GET"]}}],"collection":[{"href":"https:\/\/martinemrichard.fr\/blog\/index.php?rest_route=\/wp\/v2\/posts"}],"about":[{"href":"https:\/\/martinemrichard.fr\/blog\/index.php?rest_route=\/wp\/v2\/types\/post"}],"author":[{"embeddable":true,"href":"https:\/\/martinemrichard.fr\/blog\/index.php?rest_route=\/wp\/v2\/users\/1"}],"replies":[{"embeddable":true,"href":"https:\/\/martinemrichard.fr\/blog\/index.php?rest_route=%2Fwp%2Fv2%2Fcomments&post=17166"}],"version-history":[{"count":45,"href":"https:\/\/martinemrichard.fr\/blog\/index.php?rest_route=\/wp\/v2\/posts\/17166\/revisions"}],"predecessor-version":[{"id":17224,"href":"https:\/\/martinemrichard.fr\/blog\/index.php?rest_route=\/wp\/v2\/posts\/17166\/revisions\/17224"}],"wp:attachment":[{"href":"https:\/\/martinemrichard.fr\/blog\/index.php?rest_route=%2Fwp%2Fv2%2Fmedia&parent=17166"}],"wp:term":[{"taxonomy":"category","embeddable":true,"href":"https:\/\/martinemrichard.fr\/blog\/index.php?rest_route=%2Fwp%2Fv2%2Fcategories&post=17166"},{"taxonomy":"post_tag","embeddable":true,"href":"https:\/\/martinemrichard.fr\/blog\/index.php?rest_route=%2Fwp%2Fv2%2Ftags&post=17166"}],"curies":[{"name":"wp","href":"https:\/\/api.w.org\/{rel}","templated":true}]}}