{"id":17266,"date":"2023-02-26T02:47:58","date_gmt":"2023-02-26T01:47:58","guid":{"rendered":"https:\/\/martinemrichard.fr\/blog\/?p=17266"},"modified":"2023-02-27T05:57:45","modified_gmt":"2023-02-27T04:57:45","slug":"cetait-il-y-a-longtemps","status":"publish","type":"post","link":"https:\/\/martinemrichard.fr\/blog\/?p=17266","title":{"rendered":"C&rsquo;\u00e9tait il  y a longtemps&#8230;"},"content":{"rendered":"<p>Pour l&rsquo;Herbier de po\u00e9sies, <a href=\"https:\/\/imagesreves.blogspot.com\/2023\/02\/la-page-220.html\"><strong><span style=\"color: #0000ff;\">ICI<\/span><\/strong><\/a>  , Adamante nous propose d&rsquo;\u00e9crire sur cette photo de <a href=\"https:\/\/www.facebook.com\/photo\/?fbid=10225581534019504&amp;set=pob.1062471283\">Nathalie Guillon-Manaud<\/a><\/p>\n<p><img loading=\"lazy\" decoding=\"async\" class=\"aligncenter size-full wp-image-17267\" src=\"https:\/\/martinemrichard.fr\/blog\/wp-content\/uploads\/2023\/02\/Nathalie-Guillon-Manaud.jpg\" alt=\"\" width=\"640\" height=\"426\" srcset=\"https:\/\/martinemrichard.fr\/blog\/wp-content\/uploads\/2023\/02\/Nathalie-Guillon-Manaud.jpg 640w, https:\/\/martinemrichard.fr\/blog\/wp-content\/uploads\/2023\/02\/Nathalie-Guillon-Manaud-300x200.jpg 300w\" sizes=\"auto, (max-width: 640px) 100vw, 640px\" \/><\/p>\n<p>&nbsp;<\/p>\n<p>C&rsquo;\u00e9tait il y a longtemps, dans un petit village montagnard.<\/p>\n<p>Jeune citadine fra\u00eechement mari\u00e9e, elle est un peu d\u00e9rout\u00e9e par les m\u0153urs paysannes locales. A commencer par l&rsquo;accent tr\u00e8s diff\u00e9rent de ceux crois\u00e9s au cours de ses nombreux d\u00e9m\u00e9nagements aux quatre coins du pays. Son oreille doit s\u2019acclimater. Et quelle\u00a0 impression bizarre que de vivre comme en pays \u00e9tranger parmi ces gens s&rsquo;exprimant tr\u00e8s souvent en occitan. Bien qu&rsquo;ayant encore quelques notions d&rsquo;espagnol appris au lyc\u00e9e, de grands pans de conversations lui \u00e9chappent. Heureusement, un matin, o\u00f9 la fen\u00eatre de la salle de s\u00e9jour est grande ouverte, une vieille dame souriante s\u2019avance et l&rsquo;interpelle .<\/p>\n<p>&#8211; Bonjour! Je suis madame Agut. Boudiii!\u00a0 Je pense souvent \u00e0 vous et je me dis. Pauvre petite, loin de sa famille. Comme elle doit s&rsquo;ennuyer lorsque son mari travaille en for\u00eat toute la journ\u00e9e. Vous me rappelez ma fille partie tr\u00e8s loin elle aussi pour ses \u00e9tudes de v\u00e9t\u00e9rinaire.<\/p>\n<p>&#8211; Enchant\u00e9e de faire votre connaissance madame. Je m&rsquo;appelle C\u00e9cile.\u00a0 Oui, ce n&rsquo;est pas toujours facile ici pour une fille de la ville.<\/p>\n<p>&#8211; Venez chez moi\u00a0 boire un petit th\u00e9. Cela vous fera du bien et nous ferons plus ample connaissance.<\/p>\n<p>C&rsquo;est ainsi que C\u00e9cile se fait une grande amie, presque une seconde m\u00e8re. Madame Agut et son mari la prennent sous leur aile. Tr\u00e8s souvent, vers 16 heures, elle va se r\u00e9chauffer d&rsquo;un th\u00e9 ou d&rsquo;une infusion , les pieds au plus pr\u00e8s possible de l&rsquo;\u00e2tre en hiver.<\/p>\n<p style=\"text-align: center;\">Reflets de l&rsquo;\u00e9t\u00e9<\/p>\n<p style=\"text-align: center;\">Sur toasts confitur\u00e9s-<\/p>\n<p style=\"text-align: center;\">Pied de nez \u00e0 l&rsquo;hiver<\/p>\n<p>Aux beaux jours ils l\u2019emm\u00e8nent dans leur vieille 4L pour des balades aux alentours. Cueillette des narcisses en mai, des fraises des bois en juillet, des framboises en ao\u00fbt, des m\u00fbres, noisettes et champignons en septembre\/octobre.\u00a0 Ah l&rsquo;automne! C&rsquo;est aussi l&rsquo;\u00e9poque de la confection de magnifiques bouquets secs tout en \u00e9coutant les histoires d&rsquo;antan cont\u00e9es par Mr Agut.<\/p>\n<p style=\"text-align: center;\">Loisir cr\u00e9atif-<\/p>\n<p style=\"text-align: center;\">Le Cers* fulmine aux vitres<\/p>\n<p style=\"text-align: center;\">Rires au coin du feu<\/p>\n<p>.<\/p>\n<p>MMR ( tous droits r\u00e9serv\u00e9s)<\/p>\n<p>*Le Cers: Renseignement Wikip\u00e9dia:<\/p>\n<p>Le <b>cers<\/b>, ou <b>\u00e7ers<\/b>, (en <a title=\"Catalan\" href=\"https:\/\/fr.wikipedia.org\/wiki\/Catalan\">catalan<\/a>\u00a0: <span class=\"lang-ca\" lang=\"ca\"><i><b>el cer\u00e7<\/b><\/i><\/span>) est un vent venant du nord-ouest de <a title=\"Narbonne\" href=\"https:\/\/fr.wikipedia.org\/wiki\/Narbonne\">Narbonne<\/a>, parfois tr\u00e8s violent, soufflant dans le <a title=\"Languedoc\" href=\"https:\/\/fr.wikipedia.org\/wiki\/Languedoc\">Languedoc<\/a> pr\u00e8s de la <a title=\"Mer M\u00e9diterran\u00e9e\" href=\"https:\/\/fr.wikipedia.org\/wiki\/Mer_M%C3%A9diterran%C3%A9e\">c\u00f4te m\u00e9diterran\u00e9enne<\/a>. Il est toujours sec, mais est froid en hiver et parfois tr\u00e8s chaud en \u00e9t\u00e9.<\/p>\n","protected":false},"excerpt":{"rendered":"<p>Pour l&rsquo;Herbier de po\u00e9sies, ICI , Adamante nous propose d&rsquo;\u00e9crire sur cette photo de Nathalie Guillon-Manaud &nbsp; C&rsquo;\u00e9tait il y a longtemps, dans un petit village montagnard. Jeune citadine fra\u00eechement mari\u00e9e, elle est un peu d\u00e9rout\u00e9e par les m\u0153urs paysannes locales. A commencer par l&rsquo;accent tr\u00e8s diff\u00e9rent de ceux crois\u00e9s au cours de ses nombreux [&hellip;]<\/p>\n","protected":false},"author":1,"featured_media":0,"comment_status":"open","ping_status":"open","sticky":false,"template":"","format":"standard","meta":{"footnotes":""},"categories":[900,35],"tags":[222,1460,1456,602,1461,314,1457,1459,316,1458],"class_list":["post-17266","post","type-post","status-publish","format-standard","hentry","category-lherbier-de-poesie","category-haikus-haibuns","tag-automne","tag-bouquet-sec","tag-cers","tag-confiture","tag-fruits-des-bois","tag-hiver","tag-hortensia","tag-loccitan","tag-the","tag-village-montagnard"],"_links":{"self":[{"href":"https:\/\/martinemrichard.fr\/blog\/index.php?rest_route=\/wp\/v2\/posts\/17266","targetHints":{"allow":["GET"]}}],"collection":[{"href":"https:\/\/martinemrichard.fr\/blog\/index.php?rest_route=\/wp\/v2\/posts"}],"about":[{"href":"https:\/\/martinemrichard.fr\/blog\/index.php?rest_route=\/wp\/v2\/types\/post"}],"author":[{"embeddable":true,"href":"https:\/\/martinemrichard.fr\/blog\/index.php?rest_route=\/wp\/v2\/users\/1"}],"replies":[{"embeddable":true,"href":"https:\/\/martinemrichard.fr\/blog\/index.php?rest_route=%2Fwp%2Fv2%2Fcomments&post=17266"}],"version-history":[{"count":17,"href":"https:\/\/martinemrichard.fr\/blog\/index.php?rest_route=\/wp\/v2\/posts\/17266\/revisions"}],"predecessor-version":[{"id":17309,"href":"https:\/\/martinemrichard.fr\/blog\/index.php?rest_route=\/wp\/v2\/posts\/17266\/revisions\/17309"}],"wp:attachment":[{"href":"https:\/\/martinemrichard.fr\/blog\/index.php?rest_route=%2Fwp%2Fv2%2Fmedia&parent=17266"}],"wp:term":[{"taxonomy":"category","embeddable":true,"href":"https:\/\/martinemrichard.fr\/blog\/index.php?rest_route=%2Fwp%2Fv2%2Fcategories&post=17266"},{"taxonomy":"post_tag","embeddable":true,"href":"https:\/\/martinemrichard.fr\/blog\/index.php?rest_route=%2Fwp%2Fv2%2Ftags&post=17266"}],"curies":[{"name":"wp","href":"https:\/\/api.w.org\/{rel}","templated":true}]}}