{"id":1733,"date":"2011-05-31T06:59:22","date_gmt":"2011-05-31T04:59:22","guid":{"rendered":"http:\/\/martinemrichard.fr\/blog\/?p=1733"},"modified":"2011-05-31T06:59:22","modified_gmt":"2011-05-31T04:59:22","slug":"orchidees-au-jardin","status":"publish","type":"post","link":"https:\/\/martinemrichard.fr\/blog\/?p=1733","title":{"rendered":"Orchid\u00e9es au jardin"},"content":{"rendered":"<p>Nouveau rendez-vous pour la communaut\u00e9 de Hauteclaire, \u00ab\u00a0entre ombre et lumi\u00e8re\u00a0\u00bb\u00a0 ,<a href=\"http:\/\/www.over-blog.com\/com-1193061977\/Entre_ombre_et_lumiere.html\"> <strong>ICI<\/strong><\/a>,, dont le th\u00e8me aujourd&rsquo;hui est orchid\u00e9es.<\/p>\n<p style=\"text-align: justify;\"><a href=\"https:\/\/martinemrichard.fr\/blog\/wp-content\/uploads\/2011\/05\/pelouse-a-orchidees.jpg\"><img loading=\"lazy\" decoding=\"async\" class=\"alignright size-medium wp-image-1734\" title=\"pelouse a orchidees\" src=\"https:\/\/martinemrichard.fr\/blog\/wp-content\/uploads\/2011\/05\/pelouse-a-orchidees-300x225.jpg\" alt=\"\" width=\"300\" height=\"225\" srcset=\"https:\/\/martinemrichard.fr\/blog\/wp-content\/uploads\/2011\/05\/pelouse-a-orchidees-300x225.jpg 300w, https:\/\/martinemrichard.fr\/blog\/wp-content\/uploads\/2011\/05\/pelouse-a-orchidees-1024x768.jpg 1024w\" sizes=\"auto, (max-width: 300px) 100vw, 300px\" \/><\/a>Les orchid\u00e9es exotiques sont tr\u00e8s belles, \u00e9blouissantes nacres myst\u00e9rieuses. Mais, chez nous, en Europe, la nature offre aussi de r\u00e9elles petites beaut\u00e9s. A caresser des yeux car beaucoup sont en voie de disparition. Alors, s&rsquo;il vous pla\u00eet, admirez mais ne cueillez pas, merci.<\/p>\n<p style=\"text-align: justify;\">J&rsquo;ai la chance d&rsquo;avoir une pelouse propice \u00e0 ces jolies petites originales. Lire mes pr\u00e9c\u00e9dents articles dans la cat\u00e9gorie \u00a0\u00bb orchid\u00e9es indig\u00e8nes\u00a0\u00bb.<\/p>\n<p style=\"text-align: justify;\">Cette ann\u00e9e leur nombre a\u00a0 doubl\u00e9.<\/p>\n<p style=\"text-align: justify;\"><a href=\"https:\/\/martinemrichard.fr\/blog\/wp-content\/uploads\/2011\/05\/longicorne-noir-et-rouge1.jpg\"><img loading=\"lazy\" decoding=\"async\" class=\"alignleft size-medium wp-image-1736\" title=\"longicorne noir et rouge\" src=\"https:\/\/martinemrichard.fr\/blog\/wp-content\/uploads\/2011\/05\/longicorne-noir-et-rouge1-225x300.jpg\" alt=\"\" width=\"225\" height=\"300\" srcset=\"https:\/\/martinemrichard.fr\/blog\/wp-content\/uploads\/2011\/05\/longicorne-noir-et-rouge1-225x300.jpg 225w, https:\/\/martinemrichard.fr\/blog\/wp-content\/uploads\/2011\/05\/longicorne-noir-et-rouge1-768x1024.jpg 768w, https:\/\/martinemrichard.fr\/blog\/wp-content\/uploads\/2011\/05\/longicorne-noir-et-rouge1.jpg 1586w\" sizes=\"auto, (max-width: 225px) 100vw, 225px\" \/><\/a> L&rsquo;orchis pyramidale est la plus importante avec plus de quatre vingt plants fleuris. Beaucoup de petits espoirs ont point\u00e9 leurs plumets verts un peu partout. Ce qui fera le bonheur de maints insectes tels que ce longicorne \u00e0 gauche ( stictoleptura cordigera). Les coccinelles et leurs larves, inlassables, fouillent, chassent sur ces terrains fuchsias. Le cri du puceron, le soir, au fond des orchid\u00e9es, vous n&rsquo;avez jamais entendu? Brrr, \u00e0 vous glacer le sang! \ud83d\ude42<\/p>\n<p style=\"text-align: justify;\">Petit coin sauvage-<\/p>\n<p style=\"text-align: justify;\">La guerre \u00e9lytres et antennes<\/p>\n<p style=\"text-align: justify;\">S\u00e9duction orchis<\/p>\n<p style=\"text-align: justify;\">.<\/p>\n<p style=\"text-align: justify;\">Un seul et unique exemplaire , \u00e0 un pas de l&rsquo;\u00e9tendoir, m&rsquo;a \u00e9merveill\u00e9e. Apr\u00e8s quelques recherches, j&rsquo;ai<\/p>\n<p style=\"text-align: justify;\"><a href=\"https:\/\/martinemrichard.fr\/blog\/wp-content\/uploads\/2011\/05\/orchis-abeille-albinos1.jpg\"><img loading=\"lazy\" decoding=\"async\" class=\"alignleft size-medium wp-image-1738\" title=\"orchis abeille albinos\" src=\"https:\/\/martinemrichard.fr\/blog\/wp-content\/uploads\/2011\/05\/orchis-abeille-albinos1-225x300.jpg\" alt=\"\" width=\"225\" height=\"300\" srcset=\"https:\/\/martinemrichard.fr\/blog\/wp-content\/uploads\/2011\/05\/orchis-abeille-albinos1-225x300.jpg 225w, https:\/\/martinemrichard.fr\/blog\/wp-content\/uploads\/2011\/05\/orchis-abeille-albinos1-768x1024.jpg 768w, https:\/\/martinemrichard.fr\/blog\/wp-content\/uploads\/2011\/05\/orchis-abeille-albinos1.jpg 1785w\" sizes=\"auto, (max-width: 225px) 100vw, 225px\" \/><\/a>lu qu&rsquo;il existe des orchid\u00e9es albinos. Celle-ci serait une orchis abeille d\u00e9pigment\u00e9e. Si seulement elle voulait bien se plaire et croitre.<\/p>\n<p style=\"text-align: justify;\">.<\/p>\n<p style=\"text-align: justify;\">Bijou inconstant-<\/p>\n<p style=\"text-align: justify;\">Une orchid\u00e9e au soleil<\/p>\n<p style=\"text-align: justify;\">Abeille s\u00e9duite<\/p>\n<p style=\"text-align: justify;\">.<\/p>\n<p style=\"text-align: justify;\">Ce printemps voit aussi s&rsquo;\u00e9largir l&rsquo;aire d&rsquo;une autre pittoresque. Un peu&#8230; non, assez g\u00eanante, elle s&rsquo;est prise d&rsquo;affection pour l&rsquo;\u00e9tendoir.\u00a0 Une quinzaine d&rsquo;\u00e9bouriff\u00e9es se dressent sur deux m\u00e8tres carr\u00e9s environ.<\/p>\n<p style=\"text-align: justify;\"><a href=\"https:\/\/martinemrichard.fr\/blog\/wp-content\/uploads\/2011\/05\/orchis-bouc-et-chevre_feuille.jpg\"><img loading=\"lazy\" decoding=\"async\" class=\"alignleft size-medium wp-image-1739\" title=\"orchis bouc et chevre_feuille\" src=\"https:\/\/martinemrichard.fr\/blog\/wp-content\/uploads\/2011\/05\/orchis-bouc-et-chevre_feuille-225x300.jpg\" alt=\"\" width=\"225\" height=\"300\" srcset=\"https:\/\/martinemrichard.fr\/blog\/wp-content\/uploads\/2011\/05\/orchis-bouc-et-chevre_feuille-225x300.jpg 225w, https:\/\/martinemrichard.fr\/blog\/wp-content\/uploads\/2011\/05\/orchis-bouc-et-chevre_feuille-768x1024.jpg 768w, https:\/\/martinemrichard.fr\/blog\/wp-content\/uploads\/2011\/05\/orchis-bouc-et-chevre_feuille.jpg 1586w\" sizes=\"auto, (max-width: 225px) 100vw, 225px\" \/><\/a>Belles?\u00a0 Pas vraiment. Mais tr\u00e8s int\u00e9ressantes, intrigantes \u00e0 souhait.<\/p>\n<p style=\"text-align: justify;\">.<\/p>\n<p style=\"text-align: justify;\">Pr\u00e8s du ch\u00e8vre-feuille-<\/p>\n<p style=\"text-align: justify;\">L&rsquo;orchis bouc , rubans au vent<\/p>\n<p style=\"text-align: justify;\">Cache l&rsquo;araign\u00e9e<\/p>\n<p style=\"text-align: justify;\">.<\/p>\n<p style=\"text-align: justify;\">Pas \u00e9go\u00efste, Himantoglossum hircinum ( orchis bouc) accepte la compagnie de quatre autres cousines:<\/p>\n<p style=\"text-align: justify;\">Anacamptis pyramidalis ( rose fonc\u00e9)<\/p>\n<p style=\"text-align: justify;\">Ophrys apifera ( rose clair)<\/p>\n<p style=\"text-align: justify;\">Ophrys lutea ( jaune vif)<\/p>\n<p style=\"text-align: justify;\">Serapias vomeracea ( pourpre)<\/p>\n<p style=\"text-align: justify;\">En octobre, s&rsquo;exhale un parfum vanill\u00e9, pr\u00e8s de l&rsquo;escalier ( premi\u00e8re photo en haut ).\u00a0 J&rsquo;ai cherch\u00e9 et <a href=\"https:\/\/martinemrichard.fr\/blog\/wp-content\/uploads\/2011\/05\/orchidee-d_automne.jpg\"><img loading=\"lazy\" decoding=\"async\" class=\"alignleft size-medium wp-image-1744\" title=\"orchidee d_automne\" src=\"https:\/\/martinemrichard.fr\/blog\/wp-content\/uploads\/2011\/05\/orchidee-d_automne-225x300.jpg\" alt=\"\" width=\"225\" height=\"300\" srcset=\"https:\/\/martinemrichard.fr\/blog\/wp-content\/uploads\/2011\/05\/orchidee-d_automne-225x300.jpg 225w, https:\/\/martinemrichard.fr\/blog\/wp-content\/uploads\/2011\/05\/orchidee-d_automne-768x1024.jpg 768w, https:\/\/martinemrichard.fr\/blog\/wp-content\/uploads\/2011\/05\/orchidee-d_automne.jpg 1586w\" sizes=\"auto, (max-width: 225px) 100vw, 225px\" \/><\/a>cherch\u00e9 encore&#8230;. et enfin, par hasard,j&rsquo;ai fini par trouver.<\/p>\n<p style=\"text-align: justify;\">Une tige\u00a0 tr\u00e8s verte \u00e0 l&rsquo;assaut de laquelle montaient de petites taches blanches. Elles \u00e9taient minuscules et se distinguaient \u00e0 peine dans l&rsquo;herbe dess\u00e9ch\u00e9e, blanchie par l&rsquo;\u00e9t\u00e9. Seulement trois sp\u00e9cimens . A quatre pattes, reniflant ma d\u00e9couverte, j&rsquo;avais bonne mine. \ud83d\ude42 Mais cela m&rsquo;\u00e9tait \u00e9gal. j&rsquo;\u00e9tais aux anges.<\/p>\n<p style=\"text-align: justify;\">Intrigue vanille-<\/p>\n<p style=\"text-align: justify;\">Une enqu\u00eate au ras du sol<\/p>\n<p style=\"text-align: justify;\">Surprise orchid\u00e9e<\/p>\n<p style=\"text-align: justify;\">.<\/p>\n<p style=\"text-align: justify;\">MMR ( tous droits r\u00e9serv\u00e9s)<\/p>\n<p style=\"text-align: justify;\">\n<p style=\"text-align: justify;\">\n<p style=\"text-align: justify;\">\n<p style=\"text-align: justify;\">\n<p style=\"text-align: justify;\">\n<p style=\"text-align: justify;\">\n<p style=\"text-align: justify;\">\n<p style=\"text-align: justify;\">\n","protected":false},"excerpt":{"rendered":"<p>Nouveau rendez-vous pour la communaut\u00e9 de Hauteclaire, \u00ab\u00a0entre ombre et lumi\u00e8re\u00a0\u00bb\u00a0 , ICI,, dont le th\u00e8me aujourd&rsquo;hui est orchid\u00e9es. Les orchid\u00e9es exotiques sont tr\u00e8s belles, \u00e9blouissantes nacres myst\u00e9rieuses. Mais, chez nous, en Europe, la nature offre aussi de r\u00e9elles petites beaut\u00e9s. A caresser des yeux car beaucoup sont en voie de disparition. Alors, s&rsquo;il vous [&hellip;]<\/p>\n","protected":false},"author":1,"featured_media":0,"comment_status":"open","ping_status":"open","sticky":false,"template":"","format":"standard","meta":{"footnotes":""},"categories":[84,35,54],"tags":[51,53,100,50,48,101,99],"class_list":["post-1733","post","type-post","status-publish","format-standard","hentry","category-entre-ombre-et-lumiere","category-haikus-haibuns","category-orchidees-indigenes","tag-anacamptis-pyramidalis","tag-fuchsia","tag-longicorne","tag-ophrys-apifera","tag-orchidees-deurope","tag-orchis-bouc","tag-spiranthes-spiralis"],"_links":{"self":[{"href":"https:\/\/martinemrichard.fr\/blog\/index.php?rest_route=\/wp\/v2\/posts\/1733","targetHints":{"allow":["GET"]}}],"collection":[{"href":"https:\/\/martinemrichard.fr\/blog\/index.php?rest_route=\/wp\/v2\/posts"}],"about":[{"href":"https:\/\/martinemrichard.fr\/blog\/index.php?rest_route=\/wp\/v2\/types\/post"}],"author":[{"embeddable":true,"href":"https:\/\/martinemrichard.fr\/blog\/index.php?rest_route=\/wp\/v2\/users\/1"}],"replies":[{"embeddable":true,"href":"https:\/\/martinemrichard.fr\/blog\/index.php?rest_route=%2Fwp%2Fv2%2Fcomments&post=1733"}],"version-history":[{"count":7,"href":"https:\/\/martinemrichard.fr\/blog\/index.php?rest_route=\/wp\/v2\/posts\/1733\/revisions"}],"predecessor-version":[{"id":1747,"href":"https:\/\/martinemrichard.fr\/blog\/index.php?rest_route=\/wp\/v2\/posts\/1733\/revisions\/1747"}],"wp:attachment":[{"href":"https:\/\/martinemrichard.fr\/blog\/index.php?rest_route=%2Fwp%2Fv2%2Fmedia&parent=1733"}],"wp:term":[{"taxonomy":"category","embeddable":true,"href":"https:\/\/martinemrichard.fr\/blog\/index.php?rest_route=%2Fwp%2Fv2%2Fcategories&post=1733"},{"taxonomy":"post_tag","embeddable":true,"href":"https:\/\/martinemrichard.fr\/blog\/index.php?rest_route=%2Fwp%2Fv2%2Ftags&post=1733"}],"curies":[{"name":"wp","href":"https:\/\/api.w.org\/{rel}","templated":true}]}}