{"id":17437,"date":"2023-03-26T03:59:15","date_gmt":"2023-03-26T02:59:15","guid":{"rendered":"https:\/\/martinemrichard.fr\/blog\/?p=17437"},"modified":"2023-03-26T03:59:15","modified_gmt":"2023-03-26T02:59:15","slug":"cest-lprintemps","status":"publish","type":"post","link":"https:\/\/martinemrichard.fr\/blog\/?p=17437","title":{"rendered":"C&rsquo;est l&rsquo;printemps!"},"content":{"rendered":"<p><img loading=\"lazy\" decoding=\"async\" class=\"alignright size-large wp-image-17438\" src=\"https:\/\/martinemrichard.fr\/blog\/wp-content\/uploads\/2023\/03\/IMG_2523_v1-1024x768.jpg\" alt=\"\" width=\"1024\" height=\"768\" srcset=\"https:\/\/martinemrichard.fr\/blog\/wp-content\/uploads\/2023\/03\/IMG_2523_v1-1024x768.jpg 1024w, https:\/\/martinemrichard.fr\/blog\/wp-content\/uploads\/2023\/03\/IMG_2523_v1-300x225.jpg 300w, https:\/\/martinemrichard.fr\/blog\/wp-content\/uploads\/2023\/03\/IMG_2523_v1-768x576.jpg 768w, https:\/\/martinemrichard.fr\/blog\/wp-content\/uploads\/2023\/03\/IMG_2523_v1-1536x1152.jpg 1536w, https:\/\/martinemrichard.fr\/blog\/wp-content\/uploads\/2023\/03\/IMG_2523_v1-2048x1536.jpg 2048w\" sizes=\"auto, (max-width: 1024px) 100vw, 1024px\" \/><\/p>\n<p>Il y a comme une douceur dans l&rsquo;air en d\u00e9pit des 2 ou 3\u00b0 \u00e0 l&rsquo;aurore. Glissant lentement sur le satin rose th\u00e9 du ciel, Ph\u00e9bus a bonne mine, fringant comme un jeune premier au pied de sa belle.<\/p>\n<p style=\"text-align: center;\">L&rsquo;humeur est printani\u00e8re.<\/p>\n<p><img loading=\"lazy\" decoding=\"async\" class=\"alignright size-large wp-image-17439\" src=\"https:\/\/martinemrichard.fr\/blog\/wp-content\/uploads\/2023\/03\/IMG_2791_v1-1024x768.jpg\" alt=\"\" width=\"1024\" height=\"768\" srcset=\"https:\/\/martinemrichard.fr\/blog\/wp-content\/uploads\/2023\/03\/IMG_2791_v1-1024x768.jpg 1024w, https:\/\/martinemrichard.fr\/blog\/wp-content\/uploads\/2023\/03\/IMG_2791_v1-300x225.jpg 300w, https:\/\/martinemrichard.fr\/blog\/wp-content\/uploads\/2023\/03\/IMG_2791_v1-768x576.jpg 768w, https:\/\/martinemrichard.fr\/blog\/wp-content\/uploads\/2023\/03\/IMG_2791_v1-1536x1152.jpg 1536w, https:\/\/martinemrichard.fr\/blog\/wp-content\/uploads\/2023\/03\/IMG_2791_v1-2048x1536.jpg 2048w\" sizes=\"auto, (max-width: 1024px) 100vw, 1024px\" \/><\/p>\n<p>Le paysage change autour de chez moi. Les arbres laissent exploser leur s\u00e8ve en mille p\u00e9tales parfum\u00e9s. Arbustes d\u00e9coratifs ou arbres fruitiers sont au rendez-vous.<\/p>\n<p style=\"text-align: center;\">L&rsquo;heure est printani\u00e8re.<\/p>\n<p><img loading=\"lazy\" decoding=\"async\" class=\"alignright size-large wp-image-17446\" src=\"https:\/\/martinemrichard.fr\/blog\/wp-content\/uploads\/2023\/03\/IMG_2668_v1-1024x768.jpg\" alt=\"\" width=\"1024\" height=\"768\" srcset=\"https:\/\/martinemrichard.fr\/blog\/wp-content\/uploads\/2023\/03\/IMG_2668_v1-1024x768.jpg 1024w, https:\/\/martinemrichard.fr\/blog\/wp-content\/uploads\/2023\/03\/IMG_2668_v1-300x225.jpg 300w, https:\/\/martinemrichard.fr\/blog\/wp-content\/uploads\/2023\/03\/IMG_2668_v1-768x576.jpg 768w, https:\/\/martinemrichard.fr\/blog\/wp-content\/uploads\/2023\/03\/IMG_2668_v1-1536x1152.jpg 1536w, https:\/\/martinemrichard.fr\/blog\/wp-content\/uploads\/2023\/03\/IMG_2668_v1-2048x1536.jpg 2048w\" sizes=\"auto, (max-width: 1024px) 100vw, 1024px\" \/><\/p>\n<p>Au jardin les violettes blanches et celles qui sont mauve, parme, violine ou encore lilas se pressent d&rsquo;\u00e9panouir leurs papillons d\u00e9licats.<\/p>\n<p style=\"text-align: center;\">La s\u00e9duction est printani\u00e8re<\/p>\n<p><img loading=\"lazy\" decoding=\"async\" class=\"alignright size-large wp-image-17444\" src=\"https:\/\/martinemrichard.fr\/blog\/wp-content\/uploads\/2023\/03\/IMG_2676_v1-1024x1024.jpg\" alt=\"\" width=\"1024\" height=\"1024\" srcset=\"https:\/\/martinemrichard.fr\/blog\/wp-content\/uploads\/2023\/03\/IMG_2676_v1-1024x1024.jpg 1024w, https:\/\/martinemrichard.fr\/blog\/wp-content\/uploads\/2023\/03\/IMG_2676_v1-300x300.jpg 300w, https:\/\/martinemrichard.fr\/blog\/wp-content\/uploads\/2023\/03\/IMG_2676_v1-150x150.jpg 150w, https:\/\/martinemrichard.fr\/blog\/wp-content\/uploads\/2023\/03\/IMG_2676_v1-768x768.jpg 768w, https:\/\/martinemrichard.fr\/blog\/wp-content\/uploads\/2023\/03\/IMG_2676_v1.jpg 1238w\" sizes=\"auto, (max-width: 1024px) 100vw, 1024px\" \/><\/p>\n<p>A l&rsquo;h\u00f4tel \u00e0 insectes une agitation bourdonnante retient mon attention. Deux abeilles sauvages\u00a0 volent\u00a0 de-ci, de-l\u00e0 \u00e0 courte distance puis reviennent se poser sur le tuyau d&rsquo;une canne. Il s&rsquo;agit de deux m\u00e2les osmia cornuta. Ils attendent la sortie des femelles qui naissent environ une dizaine de jours apr\u00e8s eux.<\/p>\n<p style=\"text-align: center;\">L&rsquo;ardeur est printani\u00e8re<\/p>\n<p><img loading=\"lazy\" decoding=\"async\" class=\"alignright size-medium wp-image-17440\" src=\"https:\/\/martinemrichard.fr\/blog\/wp-content\/uploads\/2023\/03\/IMG_2491_v1-300x300.jpg\" alt=\"\" width=\"300\" height=\"300\" srcset=\"https:\/\/martinemrichard.fr\/blog\/wp-content\/uploads\/2023\/03\/IMG_2491_v1-300x300.jpg 300w, https:\/\/martinemrichard.fr\/blog\/wp-content\/uploads\/2023\/03\/IMG_2491_v1-1024x1024.jpg 1024w, https:\/\/martinemrichard.fr\/blog\/wp-content\/uploads\/2023\/03\/IMG_2491_v1-150x150.jpg 150w, https:\/\/martinemrichard.fr\/blog\/wp-content\/uploads\/2023\/03\/IMG_2491_v1-768x768.jpg 768w, https:\/\/martinemrichard.fr\/blog\/wp-content\/uploads\/2023\/03\/IMG_2491_v1.jpg 1315w\" sizes=\"auto, (max-width: 300px) 100vw, 300px\" \/><img loading=\"lazy\" decoding=\"async\" class=\"alignright size-medium wp-image-17441\" src=\"https:\/\/martinemrichard.fr\/blog\/wp-content\/uploads\/2023\/03\/IMG_2615_v1-300x300.jpg\" alt=\"\" width=\"300\" height=\"300\" srcset=\"https:\/\/martinemrichard.fr\/blog\/wp-content\/uploads\/2023\/03\/IMG_2615_v1-300x300.jpg 300w, https:\/\/martinemrichard.fr\/blog\/wp-content\/uploads\/2023\/03\/IMG_2615_v1-1024x1024.jpg 1024w, https:\/\/martinemrichard.fr\/blog\/wp-content\/uploads\/2023\/03\/IMG_2615_v1-150x150.jpg 150w, https:\/\/martinemrichard.fr\/blog\/wp-content\/uploads\/2023\/03\/IMG_2615_v1-768x768.jpg 768w, https:\/\/martinemrichard.fr\/blog\/wp-content\/uploads\/2023\/03\/IMG_2615_v1-1536x1536.jpg 1536w, https:\/\/martinemrichard.fr\/blog\/wp-content\/uploads\/2023\/03\/IMG_2615_v1.jpg 1647w\" sizes=\"auto, (max-width: 300px) 100vw, 300px\" \/><img loading=\"lazy\" decoding=\"async\" class=\"alignright size-medium wp-image-17442\" src=\"https:\/\/martinemrichard.fr\/blog\/wp-content\/uploads\/2023\/03\/IMG_2484_v1-300x300.jpg\" alt=\"\" width=\"300\" height=\"300\" srcset=\"https:\/\/martinemrichard.fr\/blog\/wp-content\/uploads\/2023\/03\/IMG_2484_v1-300x300.jpg 300w, https:\/\/martinemrichard.fr\/blog\/wp-content\/uploads\/2023\/03\/IMG_2484_v1-1024x1024.jpg 1024w, https:\/\/martinemrichard.fr\/blog\/wp-content\/uploads\/2023\/03\/IMG_2484_v1-150x150.jpg 150w, https:\/\/martinemrichard.fr\/blog\/wp-content\/uploads\/2023\/03\/IMG_2484_v1-768x768.jpg 768w, https:\/\/martinemrichard.fr\/blog\/wp-content\/uploads\/2023\/03\/IMG_2484_v1.jpg 1433w\" sizes=\"auto, (max-width: 300px) 100vw, 300px\" \/><\/p>\n<p>.<\/p>\n<p>.<\/p>\n<p>.<\/p>\n<p>&nbsp;<\/p>\n<p>.<\/p>\n<p>.<\/p>\n<p>.<\/p>\n<p>.<\/p>\n<p>Jacinthes, an\u00e9mones, narcisses, hell\u00e9bores&#8230; se haussent du col; rivalisent de couleurs intenses. C\u2019est \u00e0 celle qui attirera le plus de butineurs.<\/p>\n<p style=\"text-align: center;\">La joute est printani\u00e8re<\/p>\n<p><img loading=\"lazy\" decoding=\"async\" class=\"alignright size-large wp-image-17445\" src=\"https:\/\/martinemrichard.fr\/blog\/wp-content\/uploads\/2023\/03\/IMG_2838_v1-1024x768.jpg\" alt=\"\" width=\"1024\" height=\"768\" srcset=\"https:\/\/martinemrichard.fr\/blog\/wp-content\/uploads\/2023\/03\/IMG_2838_v1-1024x768.jpg 1024w, https:\/\/martinemrichard.fr\/blog\/wp-content\/uploads\/2023\/03\/IMG_2838_v1-300x225.jpg 300w, https:\/\/martinemrichard.fr\/blog\/wp-content\/uploads\/2023\/03\/IMG_2838_v1-768x576.jpg 768w, https:\/\/martinemrichard.fr\/blog\/wp-content\/uploads\/2023\/03\/IMG_2838_v1-1536x1152.jpg 1536w, https:\/\/martinemrichard.fr\/blog\/wp-content\/uploads\/2023\/03\/IMG_2838_v1-2048x1536.jpg 2048w\" sizes=\"auto, (max-width: 1024px) 100vw, 1024px\" \/>Ce renouveau agit sur ma psych\u00e9. App\u00e9tence, boulimie, fr\u00e9n\u00e9sie,voracit\u00e9&#8230; Ce ne sont pas les mots qui manquent dans notre belle langue pour d\u00e9finir mon \u00e9tat d&rsquo;esprit du moment.\u00a0 Besoin de d\u00e9guster de tendres crudit\u00e9s; Besoin de cr\u00e9er \u00e0 l&rsquo;atelier; besoin de nettoyer le jardin qui tient plus de la jungle apr\u00e8s tant de mois \u00e0 l&rsquo;abandon; besoin de filer voir ailleurs si l&rsquo;herbe est plus verte.<\/p>\n<p style=\"text-align: center;\">La fringale est printani\u00e8re<\/p>\n<p>.<\/p>\n<p>&nbsp;<\/p>\n<p>MMR ( tous droits r\u00e9serv\u00e9s)<\/p>\n","protected":false},"excerpt":{"rendered":"<p>Il y a comme une douceur dans l&rsquo;air en d\u00e9pit des 2 ou 3\u00b0 \u00e0 l&rsquo;aurore. Glissant lentement sur le satin rose th\u00e9 du ciel, Ph\u00e9bus a bonne mine, fringant comme un jeune premier au pied de sa belle. L&rsquo;humeur est printani\u00e8re. Le paysage change autour de chez moi. Les arbres laissent exploser leur s\u00e8ve [&hellip;]<\/p>\n","protected":false},"author":1,"featured_media":0,"comment_status":"open","ping_status":"open","sticky":false,"template":"","format":"standard","meta":{"footnotes":""},"categories":[72,71],"tags":[145,364,21,1392,11,206,396,1312,22,268,440,1486,52,122,413],"class_list":["post-17437","post","type-post","status-publish","format-standard","hentry","category-animaux","category-jardin-fleur","tag-abeille","tag-aurore","tag-fleurs","tag-hellebore","tag-jardin","tag-lever-de-soleil","tag-narcisse","tag-osmie-cornue","tag-petales","tag-phebus","tag-printemps","tag-prunus","tag-rose","tag-soleil","tag-violettes"],"_links":{"self":[{"href":"https:\/\/martinemrichard.fr\/blog\/index.php?rest_route=\/wp\/v2\/posts\/17437","targetHints":{"allow":["GET"]}}],"collection":[{"href":"https:\/\/martinemrichard.fr\/blog\/index.php?rest_route=\/wp\/v2\/posts"}],"about":[{"href":"https:\/\/martinemrichard.fr\/blog\/index.php?rest_route=\/wp\/v2\/types\/post"}],"author":[{"embeddable":true,"href":"https:\/\/martinemrichard.fr\/blog\/index.php?rest_route=\/wp\/v2\/users\/1"}],"replies":[{"embeddable":true,"href":"https:\/\/martinemrichard.fr\/blog\/index.php?rest_route=%2Fwp%2Fv2%2Fcomments&post=17437"}],"version-history":[{"count":21,"href":"https:\/\/martinemrichard.fr\/blog\/index.php?rest_route=\/wp\/v2\/posts\/17437\/revisions"}],"predecessor-version":[{"id":17466,"href":"https:\/\/martinemrichard.fr\/blog\/index.php?rest_route=\/wp\/v2\/posts\/17437\/revisions\/17466"}],"wp:attachment":[{"href":"https:\/\/martinemrichard.fr\/blog\/index.php?rest_route=%2Fwp%2Fv2%2Fmedia&parent=17437"}],"wp:term":[{"taxonomy":"category","embeddable":true,"href":"https:\/\/martinemrichard.fr\/blog\/index.php?rest_route=%2Fwp%2Fv2%2Fcategories&post=17437"},{"taxonomy":"post_tag","embeddable":true,"href":"https:\/\/martinemrichard.fr\/blog\/index.php?rest_route=%2Fwp%2Fv2%2Ftags&post=17437"}],"curies":[{"name":"wp","href":"https:\/\/api.w.org\/{rel}","templated":true}]}}