{"id":1758,"date":"2011-06-03T07:08:09","date_gmt":"2011-06-03T05:08:09","guid":{"rendered":"http:\/\/martinemrichard.fr\/blog\/?p=1758"},"modified":"2011-06-03T07:08:09","modified_gmt":"2011-06-03T05:08:09","slug":"floraison","status":"publish","type":"post","link":"https:\/\/martinemrichard.fr\/blog\/?p=1758","title":{"rendered":"Floraison"},"content":{"rendered":"<p>Pour le rendez-vous du \u00a0\u00bb Coucou du ha\u00efku\u00a0\u00bb,<strong> I<a href=\"http:\/\/www.over-blog.com\/com-1172092675\/Le_coucou_du_haiku.html\">CI<\/a><\/strong><a href=\"http:\/\/www.over-blog.com\/com-1172092675\/Le_coucou_du_haiku.html\"> <\/a>, et son d\u00e9fi du vendredi, sur une photo de Mamylilou:<\/p>\n<p>. <a href=\"https:\/\/martinemrichard.fr\/blog\/wp-content\/uploads\/2011\/06\/20100703_83coeur-de-lys-jaune.jpg\"><img loading=\"lazy\" decoding=\"async\" class=\"alignright size-medium wp-image-1759\" title=\"20100703_83coeur-de-lys-jaune\" src=\"https:\/\/martinemrichard.fr\/blog\/wp-content\/uploads\/2011\/06\/20100703_83coeur-de-lys-jaune-300x219.jpg\" alt=\"\" width=\"300\" height=\"219\" srcset=\"https:\/\/martinemrichard.fr\/blog\/wp-content\/uploads\/2011\/06\/20100703_83coeur-de-lys-jaune-300x219.jpg 300w, https:\/\/martinemrichard.fr\/blog\/wp-content\/uploads\/2011\/06\/20100703_83coeur-de-lys-jaune-1024x749.jpg 1024w, https:\/\/martinemrichard.fr\/blog\/wp-content\/uploads\/2011\/06\/20100703_83coeur-de-lys-jaune.jpg 1200w\" sizes=\"auto, (max-width: 300px) 100vw, 300px\" \/><\/a><\/p>\n<p>C\u0153ur livr\u00e9 au vent-<\/p>\n<p>Th\u00e9\u00e2tre d&rsquo;amours \u00e9lytres<\/p>\n<p>Pollen impudique<\/p>\n<p>.<\/p>\n<p>Au pic du soleil-<\/p>\n<p>Bouquet pour l&rsquo;ombre sacr\u00e9e<\/p>\n<p>Lys de la Madone<\/p>\n<p>.<\/p>\n<p>Au c\u0153ur d&rsquo;un roncier-<\/p>\n<p>Lilium pyrenaicum*<\/p>\n<p>Beaut\u00e9 menac\u00e9e<\/p>\n<p>.<\/p>\n<p>lilium pyrena\u00efcum: lys des Pyr\u00e9n\u00e9es d&rsquo;un jaune verd\u00e2tre, parfum\u00e9.<\/p>\n<p>MMR( tous droits r\u00e9serv\u00e9s)<\/p>\n","protected":false},"excerpt":{"rendered":"<p>Pour le rendez-vous du \u00a0\u00bb Coucou du ha\u00efku\u00a0\u00bb, ICI , et son d\u00e9fi du vendredi, sur une photo de Mamylilou: . C\u0153ur livr\u00e9 au vent- Th\u00e9\u00e2tre d&rsquo;amours \u00e9lytres Pollen impudique . Au pic du soleil- Bouquet pour l&rsquo;ombre sacr\u00e9e Lys de la Madone . Au c\u0153ur d&rsquo;un roncier- Lilium pyrenaicum* Beaut\u00e9 menac\u00e9e . lilium pyrena\u00efcum: [&hellip;]<\/p>\n","protected":false},"author":1,"featured_media":0,"comment_status":"open","ping_status":"open","sticky":false,"template":"","format":"standard","meta":{"footnotes":""},"categories":[71,35],"tags":[37,104],"class_list":["post-1758","post","type-post","status-publish","format-standard","hentry","category-jardin-fleur","category-haikus-haibuns","tag-haikus","tag-lys"],"_links":{"self":[{"href":"https:\/\/martinemrichard.fr\/blog\/index.php?rest_route=\/wp\/v2\/posts\/1758","targetHints":{"allow":["GET"]}}],"collection":[{"href":"https:\/\/martinemrichard.fr\/blog\/index.php?rest_route=\/wp\/v2\/posts"}],"about":[{"href":"https:\/\/martinemrichard.fr\/blog\/index.php?rest_route=\/wp\/v2\/types\/post"}],"author":[{"embeddable":true,"href":"https:\/\/martinemrichard.fr\/blog\/index.php?rest_route=\/wp\/v2\/users\/1"}],"replies":[{"embeddable":true,"href":"https:\/\/martinemrichard.fr\/blog\/index.php?rest_route=%2Fwp%2Fv2%2Fcomments&post=1758"}],"version-history":[{"count":5,"href":"https:\/\/martinemrichard.fr\/blog\/index.php?rest_route=\/wp\/v2\/posts\/1758\/revisions"}],"predecessor-version":[{"id":1764,"href":"https:\/\/martinemrichard.fr\/blog\/index.php?rest_route=\/wp\/v2\/posts\/1758\/revisions\/1764"}],"wp:attachment":[{"href":"https:\/\/martinemrichard.fr\/blog\/index.php?rest_route=%2Fwp%2Fv2%2Fmedia&parent=1758"}],"wp:term":[{"taxonomy":"category","embeddable":true,"href":"https:\/\/martinemrichard.fr\/blog\/index.php?rest_route=%2Fwp%2Fv2%2Fcategories&post=1758"},{"taxonomy":"post_tag","embeddable":true,"href":"https:\/\/martinemrichard.fr\/blog\/index.php?rest_route=%2Fwp%2Fv2%2Ftags&post=1758"}],"curies":[{"name":"wp","href":"https:\/\/api.w.org\/{rel}","templated":true}]}}