{"id":1765,"date":"2011-06-04T22:13:58","date_gmt":"2011-06-04T20:13:58","guid":{"rendered":"http:\/\/martinemrichard.fr\/blog\/?p=1765"},"modified":"2011-06-04T22:17:15","modified_gmt":"2011-06-04T20:17:15","slug":"drape-rose","status":"publish","type":"post","link":"https:\/\/martinemrichard.fr\/blog\/?p=1765","title":{"rendered":"Drap\u00e9 rose"},"content":{"rendered":"<p>Abstrait ou figuratif? <a href=\"https:\/\/martinemrichard.fr\/blog\/wp-content\/uploads\/2011\/06\/drape-rose-r.jpg\"><img loading=\"lazy\" decoding=\"async\" class=\"alignright size-medium wp-image-1766\" title=\"drape rose r\" src=\"https:\/\/martinemrichard.fr\/blog\/wp-content\/uploads\/2011\/06\/drape-rose-r-71x300.jpg\" alt=\"\" width=\"71\" height=\"300\" \/><\/a><\/p>\n<p style=\"text-align: justify;\">Certains aiment une \u0153uvre qui \u00ab\u00a0ressemble\u00a0\u00bb \u00e0 quelque chose : fleur, fruit, portrait, paysage. Ils admirent la prouesse technique \u00e0 \u00ab\u00a0copier\u00a0\u00bb la r\u00e9alit\u00e9. Il est vrai que c&rsquo;est un sacr\u00e9 challenge pour l&rsquo;artiste. Pendant des ann\u00e9es je me r\u00e9galais, m&rsquo;effor\u00e7ais d&rsquo;approcher cette r\u00e9alit\u00e9 dans un style\u00a0 impressionniste. Et puis, on \u00e9volue .<\/p>\n<p style=\"text-align: justify;\">En me rapprochant de mon sujet favori, les fleurs, j&rsquo;ai d\u00e9couvert un nouveau monde, de nouveaux sujets . C&rsquo;\u00e9tait motivant et excitant.<\/p>\n<p style=\"text-align: justify;\">Depuis est n\u00e9e une s\u00e9rie sur les p\u00e9tales dont fait parti le tableau \u00e0 droite:<\/p>\n<p style=\"text-align: justify;\">Pastel sec- environ 20&#215;90<\/p>\n<p style=\"text-align: justify;\">C&rsquo;est un morceau de pivoine blanche. Mais, chacun peut y trouver quelque chose d&rsquo;autre qu&rsquo;une fleur.<\/p>\n<p style=\"text-align: justify;\"><a href=\"https:\/\/martinemrichard.fr\/blog\/wp-content\/uploads\/2011\/06\/oiseau.jpg\"><img loading=\"lazy\" decoding=\"async\" class=\"alignleft size-full wp-image-1769\" title=\"oiseau\" src=\"https:\/\/martinemrichard.fr\/blog\/wp-content\/uploads\/2011\/06\/oiseau.jpg\" alt=\"\" width=\"191\" height=\"154\" \/><\/a>Il siffle l&rsquo;oiseau, il siffle la m\u00e9lodie\u00a0 troublante du bois \u00e9meraude.<\/p>\n<p>Plumes aurore fragile,<\/p>\n<p>Regard eau dormante,<\/p>\n<p>Le soliste compose<\/p>\n<p>Un hymne \u00e0 l&rsquo;amour.<\/p>\n<p><a href=\"https:\/\/martinemrichard.fr\/blog\/wp-content\/uploads\/2011\/06\/le-renne-.jpg\"><img loading=\"lazy\" decoding=\"async\" class=\"alignleft size-medium wp-image-1770\" title=\"le renne\" src=\"https:\/\/martinemrichard.fr\/blog\/wp-content\/uploads\/2011\/06\/le-renne--179x300.jpg\" alt=\"\" width=\"179\" height=\"300\" srcset=\"https:\/\/martinemrichard.fr\/blog\/wp-content\/uploads\/2011\/06\/le-renne--179x300.jpg 179w, https:\/\/martinemrichard.fr\/blog\/wp-content\/uploads\/2011\/06\/le-renne-.jpg 224w\" sizes=\"auto, (max-width: 179px) 100vw, 179px\" \/><\/a>Galopade\u00a0 \u00e9touff\u00e9e<\/p>\n<p>Sur neige rose th\u00e9,<\/p>\n<p>Le renne tend l&rsquo;oreille,<\/p>\n<p>Renifle le sauvage,<\/p>\n<p>La\u00a0 hardiesse t\u00eatue<\/p>\n<p>De renard en maraude.<\/p>\n<p>Il flaire l&rsquo;impr\u00e9vu,<\/p>\n<p>La seconde trahie,<\/p>\n<p>D\u00e9chirure lichen<\/p>\n<p>A l&rsquo;or\u00e9e du futur.<\/p>\n<p><a href=\"https:\/\/martinemrichard.fr\/blog\/wp-content\/uploads\/2011\/06\/le-cheval.jpg\"><img loading=\"lazy\" decoding=\"async\" class=\"alignleft size-medium wp-image-1771\" title=\"le cheval\" src=\"https:\/\/martinemrichard.fr\/blog\/wp-content\/uploads\/2011\/06\/le-cheval-114x300.jpg\" alt=\"\" width=\"114\" height=\"300\" \/><\/a>Fringant, caracolant,<\/p>\n<p>Pi\u00e9tinant sans vergogne<\/p>\n<p>L&rsquo;anis \u00e9toil\u00e9,<\/p>\n<p>La piste menthe fra\u00eeche<\/p>\n<p>O\u00f9 se roule lapin,<\/p>\n<p>O\u00f9 guette belette,<\/p>\n<p>Un cheval insouciant<\/p>\n<p>Domine son pr\u00e9sent.<\/p>\n<p>Il exhale l&rsquo;audace,<\/p>\n<p>Le parfum des batailles,<\/p>\n<p><a href=\"https:\/\/martinemrichard.fr\/blog\/wp-content\/uploads\/2011\/06\/homme-1.jpg\"><img loading=\"lazy\" decoding=\"async\" class=\"alignleft size-medium wp-image-1774\" title=\"homme\" src=\"https:\/\/martinemrichard.fr\/blog\/wp-content\/uploads\/2011\/06\/homme-1-245x300.jpg\" alt=\"\" width=\"245\" height=\"300\" srcset=\"https:\/\/martinemrichard.fr\/blog\/wp-content\/uploads\/2011\/06\/homme-1-245x300.jpg 245w, https:\/\/martinemrichard.fr\/blog\/wp-content\/uploads\/2011\/06\/homme-1.jpg 355w\" sizes=\"auto, (max-width: 245px) 100vw, 245px\" \/><\/a>L&rsquo;ivresse des tournois<\/p>\n<p>O\u00f9 son ma\u00eetre triomphe.<\/p>\n<p>Chevalier solitaire,<\/p>\n<p>C\u0153ur puret\u00e9 diamant,<\/p>\n<p>Va, de lune en soleil,<\/p>\n<p>D&rsquo;oc\u00e9ans en d\u00e9serts,<\/p>\n<p>De cabanes en ch\u00e2teaux,<\/p>\n<p>Poursuivant sa qu\u00eate:<\/p>\n<p>Hymen ferveur dor\u00e9e&#8230;<\/p>\n<p>MMR ( tous droits r\u00e9serv\u00e9s)<\/p>\n<p>Et vous? Qu&rsquo;y voyez-vous?<\/p>\n<p style=\"text-align: justify;\">\n<p style=\"text-align: justify;\">\n<p style=\"text-align: justify;\">\n<p style=\"text-align: justify;\">\n","protected":false},"excerpt":{"rendered":"<p>Abstrait ou figuratif? Certains aiment une \u0153uvre qui \u00ab\u00a0ressemble\u00a0\u00bb \u00e0 quelque chose : fleur, fruit, portrait, paysage. Ils admirent la prouesse technique \u00e0 \u00ab\u00a0copier\u00a0\u00bb la r\u00e9alit\u00e9. Il est vrai que c&rsquo;est un sacr\u00e9 challenge pour l&rsquo;artiste. Pendant des ann\u00e9es je me r\u00e9galais, m&rsquo;effor\u00e7ais d&rsquo;approcher cette r\u00e9alit\u00e9 dans un style\u00a0 impressionniste. Et puis, on \u00e9volue . [&hellip;]<\/p>\n","protected":false},"author":1,"featured_media":0,"comment_status":"open","ping_status":"open","sticky":false,"template":"","format":"standard","meta":{"footnotes":""},"categories":[69,4],"tags":[105,21,18,39,22,52],"class_list":["post-1765","post","type-post","status-publish","format-standard","hentry","category-mes-oeuvres","category-poemes","tag-abstrait","tag-fleurs","tag-pastels","tag-peinture","tag-petales","tag-rose"],"_links":{"self":[{"href":"https:\/\/martinemrichard.fr\/blog\/index.php?rest_route=\/wp\/v2\/posts\/1765","targetHints":{"allow":["GET"]}}],"collection":[{"href":"https:\/\/martinemrichard.fr\/blog\/index.php?rest_route=\/wp\/v2\/posts"}],"about":[{"href":"https:\/\/martinemrichard.fr\/blog\/index.php?rest_route=\/wp\/v2\/types\/post"}],"author":[{"embeddable":true,"href":"https:\/\/martinemrichard.fr\/blog\/index.php?rest_route=\/wp\/v2\/users\/1"}],"replies":[{"embeddable":true,"href":"https:\/\/martinemrichard.fr\/blog\/index.php?rest_route=%2Fwp%2Fv2%2Fcomments&post=1765"}],"version-history":[{"count":6,"href":"https:\/\/martinemrichard.fr\/blog\/index.php?rest_route=\/wp\/v2\/posts\/1765\/revisions"}],"predecessor-version":[{"id":1777,"href":"https:\/\/martinemrichard.fr\/blog\/index.php?rest_route=\/wp\/v2\/posts\/1765\/revisions\/1777"}],"wp:attachment":[{"href":"https:\/\/martinemrichard.fr\/blog\/index.php?rest_route=%2Fwp%2Fv2%2Fmedia&parent=1765"}],"wp:term":[{"taxonomy":"category","embeddable":true,"href":"https:\/\/martinemrichard.fr\/blog\/index.php?rest_route=%2Fwp%2Fv2%2Fcategories&post=1765"},{"taxonomy":"post_tag","embeddable":true,"href":"https:\/\/martinemrichard.fr\/blog\/index.php?rest_route=%2Fwp%2Fv2%2Ftags&post=1765"}],"curies":[{"name":"wp","href":"https:\/\/api.w.org\/{rel}","templated":true}]}}