{"id":17802,"date":"2023-07-16T03:45:48","date_gmt":"2023-07-16T02:45:48","guid":{"rendered":"https:\/\/martinemrichard.fr\/blog\/?p=17802"},"modified":"2023-07-19T05:01:27","modified_gmt":"2023-07-19T04:01:27","slug":"le-feu-dartifice-de-carcassonne","status":"publish","type":"post","link":"https:\/\/martinemrichard.fr\/blog\/?p=17802","title":{"rendered":"Le Feu d&rsquo;artifice de Carcassonne"},"content":{"rendered":"<p><img loading=\"lazy\" decoding=\"async\" class=\"alignright size-full wp-image-17803\" src=\"https:\/\/martinemrichard.fr\/blog\/wp-content\/uploads\/2023\/07\/IMG_6186_v1.jpg\" alt=\"\" width=\"1485\" height=\"1485\" srcset=\"https:\/\/martinemrichard.fr\/blog\/wp-content\/uploads\/2023\/07\/IMG_6186_v1.jpg 1485w, https:\/\/martinemrichard.fr\/blog\/wp-content\/uploads\/2023\/07\/IMG_6186_v1-300x300.jpg 300w, https:\/\/martinemrichard.fr\/blog\/wp-content\/uploads\/2023\/07\/IMG_6186_v1-1024x1024.jpg 1024w, https:\/\/martinemrichard.fr\/blog\/wp-content\/uploads\/2023\/07\/IMG_6186_v1-150x150.jpg 150w, https:\/\/martinemrichard.fr\/blog\/wp-content\/uploads\/2023\/07\/IMG_6186_v1-768x768.jpg 768w\" sizes=\"auto, (max-width: 1485px) 100vw, 1485px\" \/><\/p>\n<p>Le feu d&rsquo;artifice du 14 juillet \u00e0 Carcassonne:\u00a0 30 minutes \u00e9poustouflantes! Un \u00e9v\u00e8nement retransmis dans le monde entier! Le plus beau apr\u00e8s celui de la Tour Eiffel.\u00a0 500 000? 600 000 spectateurs attendus ? Plus?\u00a0 Le nombre est difficile \u00e0 estimer. Ce qui est s\u00fbr, c&rsquo;est qu&rsquo;il vaut mieux\u00a0 pr\u00e9voir de s&rsquo;installer des heures \u00e0 l&rsquo;avance pour savourer dans de bonnes conditions ce spectacle gratuit.<\/p>\n<p>.<\/p>\n<p><img loading=\"lazy\" decoding=\"async\" class=\"alignright size-full wp-image-17805\" src=\"https:\/\/martinemrichard.fr\/blog\/wp-content\/uploads\/2023\/07\/IMG_6187_v1.jpg\" alt=\"\" width=\"1485\" height=\"1485\" srcset=\"https:\/\/martinemrichard.fr\/blog\/wp-content\/uploads\/2023\/07\/IMG_6187_v1.jpg 1485w, https:\/\/martinemrichard.fr\/blog\/wp-content\/uploads\/2023\/07\/IMG_6187_v1-300x300.jpg 300w, https:\/\/martinemrichard.fr\/blog\/wp-content\/uploads\/2023\/07\/IMG_6187_v1-1024x1024.jpg 1024w, https:\/\/martinemrichard.fr\/blog\/wp-content\/uploads\/2023\/07\/IMG_6187_v1-150x150.jpg 150w, https:\/\/martinemrichard.fr\/blog\/wp-content\/uploads\/2023\/07\/IMG_6187_v1-768x768.jpg 768w\" sizes=\"auto, (max-width: 1485px) 100vw, 1485px\" \/><\/p>\n<p>Un nouveau th\u00e8me chaque ann\u00e9e. Celui de 2023 \u00e9tait \u00ab\u00a0La Cit\u00e9 stellaire\u00a0\u00bb. En hommage au 50\u00e8me anniversaire de la fus\u00e9e Ariane,\u00a0 f\u00eat\u00e9 en 2023.<\/p>\n<p><img loading=\"lazy\" decoding=\"async\" class=\"alignright size-full wp-image-17806\" src=\"https:\/\/martinemrichard.fr\/blog\/wp-content\/uploads\/2023\/07\/IMG_6205_v1.jpg\" alt=\"\" width=\"1485\" height=\"1406\" srcset=\"https:\/\/martinemrichard.fr\/blog\/wp-content\/uploads\/2023\/07\/IMG_6205_v1.jpg 1485w, https:\/\/martinemrichard.fr\/blog\/wp-content\/uploads\/2023\/07\/IMG_6205_v1-300x284.jpg 300w, https:\/\/martinemrichard.fr\/blog\/wp-content\/uploads\/2023\/07\/IMG_6205_v1-1024x970.jpg 1024w, https:\/\/martinemrichard.fr\/blog\/wp-content\/uploads\/2023\/07\/IMG_6205_v1-768x727.jpg 768w\" sizes=\"auto, (max-width: 1485px) 100vw, 1485px\" \/><\/p>\n<p>N\u00e9buleuses<\/p>\n<p><img loading=\"lazy\" decoding=\"async\" class=\"alignright size-full wp-image-17807\" src=\"https:\/\/martinemrichard.fr\/blog\/wp-content\/uploads\/2023\/07\/IMG_6219_v1.jpg\" alt=\"\" width=\"1764\" height=\"1670\" srcset=\"https:\/\/martinemrichard.fr\/blog\/wp-content\/uploads\/2023\/07\/IMG_6219_v1.jpg 1764w, https:\/\/martinemrichard.fr\/blog\/wp-content\/uploads\/2023\/07\/IMG_6219_v1-300x284.jpg 300w, https:\/\/martinemrichard.fr\/blog\/wp-content\/uploads\/2023\/07\/IMG_6219_v1-1024x969.jpg 1024w, https:\/\/martinemrichard.fr\/blog\/wp-content\/uploads\/2023\/07\/IMG_6219_v1-768x727.jpg 768w, https:\/\/martinemrichard.fr\/blog\/wp-content\/uploads\/2023\/07\/IMG_6219_v1-1536x1454.jpg 1536w\" sizes=\"auto, (max-width: 1764px) 100vw, 1764px\" \/><\/p>\n<p>Les c\u0153urs: un incontournable qu&rsquo;affectionne particuli\u00e8rement le public!<\/p>\n<p><img loading=\"lazy\" decoding=\"async\" class=\"alignright size-full wp-image-17808\" src=\"https:\/\/martinemrichard.fr\/blog\/wp-content\/uploads\/2023\/07\/IMG_6220_v1.jpg\" alt=\"\" width=\"1688\" height=\"1492\" srcset=\"https:\/\/martinemrichard.fr\/blog\/wp-content\/uploads\/2023\/07\/IMG_6220_v1.jpg 1688w, https:\/\/martinemrichard.fr\/blog\/wp-content\/uploads\/2023\/07\/IMG_6220_v1-300x265.jpg 300w, https:\/\/martinemrichard.fr\/blog\/wp-content\/uploads\/2023\/07\/IMG_6220_v1-1024x905.jpg 1024w, https:\/\/martinemrichard.fr\/blog\/wp-content\/uploads\/2023\/07\/IMG_6220_v1-768x679.jpg 768w, https:\/\/martinemrichard.fr\/blog\/wp-content\/uploads\/2023\/07\/IMG_6220_v1-1536x1358.jpg 1536w\" sizes=\"auto, (max-width: 1688px) 100vw, 1688px\" \/><\/p>\n<p>Les constellations d&rsquo;\u00e9toiles!<\/p>\n<p><img loading=\"lazy\" decoding=\"async\" class=\"alignright size-full wp-image-17809\" src=\"https:\/\/martinemrichard.fr\/blog\/wp-content\/uploads\/2023\/07\/IMG_6255_v1.jpg\" alt=\"\" width=\"1847\" height=\"1591\" srcset=\"https:\/\/martinemrichard.fr\/blog\/wp-content\/uploads\/2023\/07\/IMG_6255_v1.jpg 1847w, https:\/\/martinemrichard.fr\/blog\/wp-content\/uploads\/2023\/07\/IMG_6255_v1-300x258.jpg 300w, https:\/\/martinemrichard.fr\/blog\/wp-content\/uploads\/2023\/07\/IMG_6255_v1-1024x882.jpg 1024w, https:\/\/martinemrichard.fr\/blog\/wp-content\/uploads\/2023\/07\/IMG_6255_v1-768x662.jpg 768w, https:\/\/martinemrichard.fr\/blog\/wp-content\/uploads\/2023\/07\/IMG_6255_v1-1536x1323.jpg 1536w\" sizes=\"auto, (max-width: 1847px) 100vw, 1847px\" \/><\/p>\n<p>Vert! bleu! rouge! jaune! Blanc! Toutes les couleurs sont pr\u00e9sent\u00e9es.<\/p>\n<p><img loading=\"lazy\" decoding=\"async\" class=\"alignright size-full wp-image-17811\" src=\"https:\/\/martinemrichard.fr\/blog\/wp-content\/uploads\/2023\/07\/IMG_6293_v1.jpg\" alt=\"\" width=\"1520\" height=\"1362\" srcset=\"https:\/\/martinemrichard.fr\/blog\/wp-content\/uploads\/2023\/07\/IMG_6293_v1.jpg 1520w, https:\/\/martinemrichard.fr\/blog\/wp-content\/uploads\/2023\/07\/IMG_6293_v1-300x269.jpg 300w, https:\/\/martinemrichard.fr\/blog\/wp-content\/uploads\/2023\/07\/IMG_6293_v1-1024x918.jpg 1024w, https:\/\/martinemrichard.fr\/blog\/wp-content\/uploads\/2023\/07\/IMG_6293_v1-768x688.jpg 768w\" sizes=\"auto, (max-width: 1520px) 100vw, 1520px\" \/><\/p>\n<p>Supernovas! galaxies! Travers\u00e9es de champs d&rsquo;ast\u00e9ro\u00efdes<\/p>\n<p><img loading=\"lazy\" decoding=\"async\" class=\"alignright size-full wp-image-17812\" src=\"https:\/\/martinemrichard.fr\/blog\/wp-content\/uploads\/2023\/07\/IMG_6334_v1.jpg\" alt=\"\" width=\"2357\" height=\"1110\" srcset=\"https:\/\/martinemrichard.fr\/blog\/wp-content\/uploads\/2023\/07\/IMG_6334_v1.jpg 2357w, https:\/\/martinemrichard.fr\/blog\/wp-content\/uploads\/2023\/07\/IMG_6334_v1-300x141.jpg 300w, https:\/\/martinemrichard.fr\/blog\/wp-content\/uploads\/2023\/07\/IMG_6334_v1-1024x482.jpg 1024w, https:\/\/martinemrichard.fr\/blog\/wp-content\/uploads\/2023\/07\/IMG_6334_v1-768x362.jpg 768w, https:\/\/martinemrichard.fr\/blog\/wp-content\/uploads\/2023\/07\/IMG_6334_v1-1536x723.jpg 1536w, https:\/\/martinemrichard.fr\/blog\/wp-content\/uploads\/2023\/07\/IMG_6334_v1-2048x964.jpg 2048w\" sizes=\"auto, (max-width: 2357px) 100vw, 2357px\" \/><\/p>\n<p><span style=\"color: #ff0000;\"><strong>\u00a0L&#8217;embrasement de la Cit\u00e9.<\/strong><\/span><\/p>\n<p><strong>Le 14 ao\u00fbt 1898<\/strong>, <a href=\"https:\/\/www.audetourisme.com\/fr\/a-voir-a-faire\/incontournables\/cite-carcassonne\/\">la cit\u00e9 de Carcassonne <\/a>accueille les <strong>\u00ab Cadets de Gascogne \u00bb,<\/strong> c\u00e9l\u00e8bre compagnie r\u00e9unissant des personnalit\u00e9s \u00e9minentes des milieux litt\u00e9raires, artistiques et politiques de l\u2019\u00e9poque. La ville organise en leur honneur une grande f\u00eate. Il y a des reconstitutions historiques, des bals, des banquets, des d\u00e9fil\u00e9s&#8230;<\/p>\n<p>La suite de cet article passionnant\u00a0 de l&rsquo; Agence de D\u00e9veloppement Touristique de l\u2019Aude \u00a92022, \u00e0 lire:\u00a0<a href=\"https:\/\/www.audetourisme.com\/fr\/agenda\/les-grandes-manifestations\/embrasement-et-feu-dartifice-de-la-cite\/\"><span style=\"color: #0000ff;\"><strong> ICI\u00a0<\/strong> <\/span><\/a><\/p>\n<p><img loading=\"lazy\" decoding=\"async\" class=\"alignright size-full wp-image-17813\" src=\"https:\/\/martinemrichard.fr\/blog\/wp-content\/uploads\/2023\/07\/IMG_6362_v1.jpg\" alt=\"\" width=\"2357\" height=\"1110\" srcset=\"https:\/\/martinemrichard.fr\/blog\/wp-content\/uploads\/2023\/07\/IMG_6362_v1.jpg 2357w, https:\/\/martinemrichard.fr\/blog\/wp-content\/uploads\/2023\/07\/IMG_6362_v1-300x141.jpg 300w, https:\/\/martinemrichard.fr\/blog\/wp-content\/uploads\/2023\/07\/IMG_6362_v1-1024x482.jpg 1024w, https:\/\/martinemrichard.fr\/blog\/wp-content\/uploads\/2023\/07\/IMG_6362_v1-768x362.jpg 768w, https:\/\/martinemrichard.fr\/blog\/wp-content\/uploads\/2023\/07\/IMG_6362_v1-1536x723.jpg 1536w, https:\/\/martinemrichard.fr\/blog\/wp-content\/uploads\/2023\/07\/IMG_6362_v1-2048x964.jpg 2048w\" sizes=\"auto, (max-width: 2357px) 100vw, 2357px\" \/><\/p>\n<p>La visite de la voie lact\u00e9e.\u00a0 Sur cette photo, l&rsquo;intensit\u00e9 lumineuse permet, en bas, \u00e0 gauche, de distinguer les toits et tours de la vieille Cit\u00e9.<\/p>\n<p><img loading=\"lazy\" decoding=\"async\" class=\"alignright size-full wp-image-17814\" src=\"https:\/\/martinemrichard.fr\/blog\/wp-content\/uploads\/2023\/07\/IMG_6363_v1.jpg\" alt=\"\" width=\"1384\" height=\"1384\" srcset=\"https:\/\/martinemrichard.fr\/blog\/wp-content\/uploads\/2023\/07\/IMG_6363_v1.jpg 1384w, https:\/\/martinemrichard.fr\/blog\/wp-content\/uploads\/2023\/07\/IMG_6363_v1-300x300.jpg 300w, https:\/\/martinemrichard.fr\/blog\/wp-content\/uploads\/2023\/07\/IMG_6363_v1-1024x1024.jpg 1024w, https:\/\/martinemrichard.fr\/blog\/wp-content\/uploads\/2023\/07\/IMG_6363_v1-150x150.jpg 150w, https:\/\/martinemrichard.fr\/blog\/wp-content\/uploads\/2023\/07\/IMG_6363_v1-768x768.jpg 768w\" sizes=\"auto, (max-width: 1384px) 100vw, 1384px\" \/><\/p>\n<p>Une balade entre les plan\u00e8tes.<\/p>\n<p><img loading=\"lazy\" decoding=\"async\" class=\"alignright size-full wp-image-17816\" src=\"https:\/\/martinemrichard.fr\/blog\/wp-content\/uploads\/2023\/07\/IMG_6370_v1.jpg\" alt=\"\" width=\"1539\" height=\"1539\" srcset=\"https:\/\/martinemrichard.fr\/blog\/wp-content\/uploads\/2023\/07\/IMG_6370_v1.jpg 1539w, https:\/\/martinemrichard.fr\/blog\/wp-content\/uploads\/2023\/07\/IMG_6370_v1-300x300.jpg 300w, https:\/\/martinemrichard.fr\/blog\/wp-content\/uploads\/2023\/07\/IMG_6370_v1-1024x1024.jpg 1024w, https:\/\/martinemrichard.fr\/blog\/wp-content\/uploads\/2023\/07\/IMG_6370_v1-150x150.jpg 150w, https:\/\/martinemrichard.fr\/blog\/wp-content\/uploads\/2023\/07\/IMG_6370_v1-768x768.jpg 768w, https:\/\/martinemrichard.fr\/blog\/wp-content\/uploads\/2023\/07\/IMG_6370_v1-1536x1536.jpg 1536w\" sizes=\"auto, (max-width: 1539px) 100vw, 1539px\" \/><\/p>\n<p>D&rsquo;\u00e9tranges corps en apesanteur.\u00a0 Ou la rencontre avec un ovni.\u00a0 Ou avec celles d&rsquo;\u00e9toiles filantes.<\/p>\n<p><img loading=\"lazy\" decoding=\"async\" class=\"alignright size-full wp-image-17817\" src=\"https:\/\/martinemrichard.fr\/blog\/wp-content\/uploads\/2023\/07\/IMG_6397_v1.jpg\" alt=\"\" width=\"1989\" height=\"1492\" srcset=\"https:\/\/martinemrichard.fr\/blog\/wp-content\/uploads\/2023\/07\/IMG_6397_v1.jpg 1989w, https:\/\/martinemrichard.fr\/blog\/wp-content\/uploads\/2023\/07\/IMG_6397_v1-300x225.jpg 300w, https:\/\/martinemrichard.fr\/blog\/wp-content\/uploads\/2023\/07\/IMG_6397_v1-1024x768.jpg 1024w, https:\/\/martinemrichard.fr\/blog\/wp-content\/uploads\/2023\/07\/IMG_6397_v1-768x576.jpg 768w, https:\/\/martinemrichard.fr\/blog\/wp-content\/uploads\/2023\/07\/IMG_6397_v1-1536x1152.jpg 1536w\" sizes=\"auto, (max-width: 1989px) 100vw, 1989px\" \/><\/p>\n<p>Le bouquet final!<\/p>\n<p><img loading=\"lazy\" decoding=\"async\" class=\"alignright size-full wp-image-17818\" src=\"https:\/\/martinemrichard.fr\/blog\/wp-content\/uploads\/2023\/07\/IMG_6407_v1.jpg\" alt=\"\" width=\"1989\" height=\"1492\" srcset=\"https:\/\/martinemrichard.fr\/blog\/wp-content\/uploads\/2023\/07\/IMG_6407_v1.jpg 1989w, https:\/\/martinemrichard.fr\/blog\/wp-content\/uploads\/2023\/07\/IMG_6407_v1-300x225.jpg 300w, https:\/\/martinemrichard.fr\/blog\/wp-content\/uploads\/2023\/07\/IMG_6407_v1-1024x768.jpg 1024w, https:\/\/martinemrichard.fr\/blog\/wp-content\/uploads\/2023\/07\/IMG_6407_v1-768x576.jpg 768w, https:\/\/martinemrichard.fr\/blog\/wp-content\/uploads\/2023\/07\/IMG_6407_v1-1536x1152.jpg 1536w\" sizes=\"auto, (max-width: 1989px) 100vw, 1989px\" \/><\/p>\n<p>Extraordinaire!\u00a0 Difficile de choisir parmi mes 200 photos!<\/p>\n<p><img loading=\"lazy\" decoding=\"async\" class=\"alignright size-full wp-image-17819\" src=\"https:\/\/martinemrichard.fr\/blog\/wp-content\/uploads\/2023\/07\/IMG_6444_v1.jpg\" alt=\"\" width=\"2362\" height=\"1504\" srcset=\"https:\/\/martinemrichard.fr\/blog\/wp-content\/uploads\/2023\/07\/IMG_6444_v1.jpg 2362w, https:\/\/martinemrichard.fr\/blog\/wp-content\/uploads\/2023\/07\/IMG_6444_v1-300x191.jpg 300w, https:\/\/martinemrichard.fr\/blog\/wp-content\/uploads\/2023\/07\/IMG_6444_v1-1024x652.jpg 1024w, https:\/\/martinemrichard.fr\/blog\/wp-content\/uploads\/2023\/07\/IMG_6444_v1-768x489.jpg 768w, https:\/\/martinemrichard.fr\/blog\/wp-content\/uploads\/2023\/07\/IMG_6444_v1-1536x978.jpg 1536w, https:\/\/martinemrichard.fr\/blog\/wp-content\/uploads\/2023\/07\/IMG_6444_v1-2048x1304.jpg 2048w\" sizes=\"auto, (max-width: 2362px) 100vw, 2362px\" \/><\/p>\n<p>H\u00e9las, mes clich\u00e9s ne lui rendent pas l&rsquo;hommage qu&rsquo;il m\u00e9rite! Chaque ann\u00e9e, l&rsquo;installation de ce show lumineux change de place. Tant\u00f4t c\u00f4t\u00e9 nord, tant\u00f4t c\u00f4t\u00e9 sud.\u00a0 2023 \u00e9tait au sud. Ce qui signifie que tout ce qui \u00e9tait au sol m&rsquo;\u00e9chappait.\u00a0 Aussi, je vous recommande la vid\u00e9o ci-dessous, prise, justement, c\u00f4t\u00e9 sud.<\/p>\n<p><a href=\"https:\/\/www.dailymotion.com\/video\/x8mjkss\"><span style=\"color: #0000ff;\"><strong>ICI<\/strong><\/span><\/a>: une vid\u00e9o de ce spectacle pyrotechnique 2023, prise au pied de la Cit\u00e9. Ce vid\u00e9aste est nettement mieux plac\u00e9 que moi. \ud83d\ude09<\/p>\n<p>Envie d&rsquo;en voir une autre?<\/p>\n<p>Voici le lien vers la vid\u00e9o int\u00e9grale de celui de 2022. C&rsquo;est LE feu d&rsquo;artifice en Occitanie!\u00a0\u00a0<a href=\"https:\/\/france3-regions.francetvinfo.fr\/occitanie\/aude\/carcassonne\/video-feu-d-artifice-voir-ou-revoir-l-embrasement-de-la-cite-de-carcassonne-2576740.html\"> <span style=\"color: #0000ff;\"><strong>ICI<\/strong> <\/span><\/a><\/p>\n<p>.<\/p>\n<p>MMR (tous droits r\u00e9serv\u00e9s)<\/p>\n<p><span style=\"color: #ff0000;\"><strong>Merci pour vos commentaires qui font vivre\u00a0 ce blog.\u00a0\u00a0 Une motivation pour le continuer. <\/strong><\/span><\/p>\n","protected":false},"excerpt":{"rendered":"<p>Le feu d&rsquo;artifice du 14 juillet \u00e0 Carcassonne:\u00a0 30 minutes \u00e9poustouflantes! Un \u00e9v\u00e8nement retransmis dans le monde entier! Le plus beau apr\u00e8s celui de la Tour Eiffel.\u00a0 500 000? 600 000 spectateurs attendus ? Plus?\u00a0 Le nombre est difficile \u00e0 estimer. Ce qui est s\u00fbr, c&rsquo;est qu&rsquo;il vaut mieux\u00a0 pr\u00e9voir de s&rsquo;installer des heures \u00e0 [&hellip;]<\/p>\n","protected":false},"author":1,"featured_media":0,"comment_status":"open","ping_status":"open","sticky":false,"template":"","format":"standard","meta":{"footnotes":""},"categories":[1],"tags":[1507,1505,1506],"class_list":["post-17802","post","type-post","status-publish","format-standard","hentry","category-meli_melo","tag-lembrasement-de-la-cite","tag-la-cite-stellaire","tag-le-feu-dartifice-2023-de-carcassonne"],"_links":{"self":[{"href":"https:\/\/martinemrichard.fr\/blog\/index.php?rest_route=\/wp\/v2\/posts\/17802","targetHints":{"allow":["GET"]}}],"collection":[{"href":"https:\/\/martinemrichard.fr\/blog\/index.php?rest_route=\/wp\/v2\/posts"}],"about":[{"href":"https:\/\/martinemrichard.fr\/blog\/index.php?rest_route=\/wp\/v2\/types\/post"}],"author":[{"embeddable":true,"href":"https:\/\/martinemrichard.fr\/blog\/index.php?rest_route=\/wp\/v2\/users\/1"}],"replies":[{"embeddable":true,"href":"https:\/\/martinemrichard.fr\/blog\/index.php?rest_route=%2Fwp%2Fv2%2Fcomments&post=17802"}],"version-history":[{"count":9,"href":"https:\/\/martinemrichard.fr\/blog\/index.php?rest_route=\/wp\/v2\/posts\/17802\/revisions"}],"predecessor-version":[{"id":17828,"href":"https:\/\/martinemrichard.fr\/blog\/index.php?rest_route=\/wp\/v2\/posts\/17802\/revisions\/17828"}],"wp:attachment":[{"href":"https:\/\/martinemrichard.fr\/blog\/index.php?rest_route=%2Fwp%2Fv2%2Fmedia&parent=17802"}],"wp:term":[{"taxonomy":"category","embeddable":true,"href":"https:\/\/martinemrichard.fr\/blog\/index.php?rest_route=%2Fwp%2Fv2%2Fcategories&post=17802"},{"taxonomy":"post_tag","embeddable":true,"href":"https:\/\/martinemrichard.fr\/blog\/index.php?rest_route=%2Fwp%2Fv2%2Ftags&post=17802"}],"curies":[{"name":"wp","href":"https:\/\/api.w.org\/{rel}","templated":true}]}}