{"id":1799,"date":"2011-06-10T04:49:36","date_gmt":"2011-06-10T02:49:36","guid":{"rendered":"http:\/\/martinemrichard.fr\/blog\/?p=1799"},"modified":"2011-06-10T04:49:36","modified_gmt":"2011-06-10T02:49:36","slug":"exposition-pour-pentecote","status":"publish","type":"post","link":"https:\/\/martinemrichard.fr\/blog\/?p=1799","title":{"rendered":"Exposition pour Pentec\u00f4te"},"content":{"rendered":"<p><a href=\"https:\/\/martinemrichard.fr\/blog\/wp-content\/uploads\/2011\/06\/Affiche-Pentecote.jpg\"><img loading=\"lazy\" decoding=\"async\" class=\"aligncenter size-medium wp-image-1800\" title=\"Affiche Pentecote\" src=\"https:\/\/martinemrichard.fr\/blog\/wp-content\/uploads\/2011\/06\/Affiche-Pentecote-209x300.jpg\" alt=\"\" width=\"209\" height=\"300\" srcset=\"https:\/\/martinemrichard.fr\/blog\/wp-content\/uploads\/2011\/06\/Affiche-Pentecote-209x300.jpg 209w, https:\/\/martinemrichard.fr\/blog\/wp-content\/uploads\/2011\/06\/Affiche-Pentecote-716x1024.jpg 716w\" sizes=\"auto, (max-width: 209px) 100vw, 209px\" \/><\/a>.<\/p>\n<p>Le blog sera en pause jusqu&rsquo;\u00e0 mardi. Je serai sur cette exposition avec mes huiles et pastels secs , avec pour th\u00e8me: la fleur<\/p>\n<p>L&rsquo;occasion, peut-\u00eatre, pendant ce temps, pour les plus curieux, d&rsquo;aller d\u00e9couvrir mes vieux articles pass\u00e9s presque inaper\u00e7us.<\/p>\n<p>Je vous dis \u00e0 bient\u00f4t \ud83d\ude09<\/p>\n<p>MMR<\/p>\n","protected":false},"excerpt":{"rendered":"<p>. Le blog sera en pause jusqu&rsquo;\u00e0 mardi. Je serai sur cette exposition avec mes huiles et pastels secs , avec pour th\u00e8me: la fleur L&rsquo;occasion, peut-\u00eatre, pendant ce temps, pour les plus curieux, d&rsquo;aller d\u00e9couvrir mes vieux articles pass\u00e9s presque inaper\u00e7us. Je vous dis \u00e0 bient\u00f4t \ud83d\ude09 MMR<\/p>\n","protected":false},"author":1,"featured_media":0,"comment_status":"open","ping_status":"open","sticky":false,"template":"","format":"standard","meta":{"footnotes":""},"categories":[34],"tags":[42,17,18,39],"class_list":["post-1799","post","type-post","status-publish","format-standard","hentry","category-expositions","tag-artistes","tag-exposition","tag-pastels","tag-peinture"],"_links":{"self":[{"href":"https:\/\/martinemrichard.fr\/blog\/index.php?rest_route=\/wp\/v2\/posts\/1799","targetHints":{"allow":["GET"]}}],"collection":[{"href":"https:\/\/martinemrichard.fr\/blog\/index.php?rest_route=\/wp\/v2\/posts"}],"about":[{"href":"https:\/\/martinemrichard.fr\/blog\/index.php?rest_route=\/wp\/v2\/types\/post"}],"author":[{"embeddable":true,"href":"https:\/\/martinemrichard.fr\/blog\/index.php?rest_route=\/wp\/v2\/users\/1"}],"replies":[{"embeddable":true,"href":"https:\/\/martinemrichard.fr\/blog\/index.php?rest_route=%2Fwp%2Fv2%2Fcomments&post=1799"}],"version-history":[{"count":3,"href":"https:\/\/martinemrichard.fr\/blog\/index.php?rest_route=\/wp\/v2\/posts\/1799\/revisions"}],"predecessor-version":[{"id":1803,"href":"https:\/\/martinemrichard.fr\/blog\/index.php?rest_route=\/wp\/v2\/posts\/1799\/revisions\/1803"}],"wp:attachment":[{"href":"https:\/\/martinemrichard.fr\/blog\/index.php?rest_route=%2Fwp%2Fv2%2Fmedia&parent=1799"}],"wp:term":[{"taxonomy":"category","embeddable":true,"href":"https:\/\/martinemrichard.fr\/blog\/index.php?rest_route=%2Fwp%2Fv2%2Fcategories&post=1799"},{"taxonomy":"post_tag","embeddable":true,"href":"https:\/\/martinemrichard.fr\/blog\/index.php?rest_route=%2Fwp%2Fv2%2Ftags&post=1799"}],"curies":[{"name":"wp","href":"https:\/\/api.w.org\/{rel}","templated":true}]}}