{"id":1804,"date":"2011-06-15T09:03:51","date_gmt":"2011-06-15T07:03:51","guid":{"rendered":"http:\/\/martinemrichard.fr\/blog\/?p=1804"},"modified":"2011-06-19T19:05:33","modified_gmt":"2011-06-19T17:05:33","slug":"les-artistiques-de-banat-1-ere-partie","status":"publish","type":"post","link":"https:\/\/martinemrichard.fr\/blog\/?p=1804","title":{"rendered":"Les artistiques de Banat- 1 \u00e8re partie"},"content":{"rendered":"<p style=\"text-align: justify;\"><a href=\"https:\/\/martinemrichard.fr\/blog\/wp-content\/uploads\/2011\/06\/banat-31.jpg\"><img loading=\"lazy\" decoding=\"async\" class=\"alignleft size-thumbnail wp-image-1808\" title=\"banat 3\" src=\"https:\/\/martinemrichard.fr\/blog\/wp-content\/uploads\/2011\/06\/banat-31-150x150.jpg\" alt=\"\" width=\"150\" height=\"150\" \/><\/a> . Partis tr\u00e8s t\u00f4t de la maison <a href=\"https:\/\/martinemrichard.fr\/blog\/wp-content\/uploads\/2011\/06\/banat-1.jpg\"><img loading=\"lazy\" decoding=\"async\" class=\"alignright size-thumbnail wp-image-1809\" title=\"banat 1\" src=\"https:\/\/martinemrichard.fr\/blog\/wp-content\/uploads\/2011\/06\/banat-1-150x150.jpg\" alt=\"\" width=\"150\" height=\"150\" \/><\/a>samedi matin, nous avons d\u00e9couvert Banat un peu avant neuf heures. C&rsquo;est un tr\u00e8s petit village pyr\u00e9n\u00e9en ( 120 habitants), pr\u00e8s de Tarascon sur Ari\u00e8ge.<\/p>\n<p style=\"text-align: justify;\">La fra\u00eecheur des derni\u00e8res pluies nous fit un peu frissonner.\u00a0 Que c&rsquo;\u00e9tait calme, paisible et&#8230; si vert!<\/p>\n<p style=\"text-align: justify;\"><a href=\"https:\/\/martinemrichard.fr\/blog\/wp-content\/uploads\/2011\/06\/banat-2-2.jpg\"><img loading=\"lazy\" decoding=\"async\" class=\"alignleft size-thumbnail wp-image-1810\" title=\"banat 2\" src=\"https:\/\/martinemrichard.fr\/blog\/wp-content\/uploads\/2011\/06\/banat-2-2-150x150.jpg\" alt=\"\" width=\"150\" height=\"150\" \/><\/a>Tout en nous <a href=\"https:\/\/martinemrichard.fr\/blog\/wp-content\/uploads\/2011\/06\/banat-5.jpg\"><img loading=\"lazy\" decoding=\"async\" class=\"alignright size-medium wp-image-1811\" title=\"banat 5\" src=\"https:\/\/martinemrichard.fr\/blog\/wp-content\/uploads\/2011\/06\/banat-5-300x225.jpg\" alt=\"\" width=\"300\" height=\"225\" srcset=\"https:\/\/martinemrichard.fr\/blog\/wp-content\/uploads\/2011\/06\/banat-5-300x225.jpg 300w, https:\/\/martinemrichard.fr\/blog\/wp-content\/uploads\/2011\/06\/banat-5-1024x768.jpg 1024w\" sizes=\"auto, (max-width: 300px) 100vw, 300px\" \/><\/a>impr\u00e9gnant de cette atmosph\u00e8re sereine, je t\u00e9l\u00e9phonai \u00e0 la pr\u00e9sidente de la manifestation, Roselyne, car nous \u00e9tions un peu d\u00e9sorient\u00e9s.\u00a0 Sa voix souriante nous apprit que nous \u00e9tions \u00e0 deux pas de notre espace.<\/p>\n<p style=\"text-align: justify;\"><a href=\"https:\/\/martinemrichard.fr\/blog\/wp-content\/uploads\/2011\/06\/banat-42.jpg\"><img loading=\"lazy\" decoding=\"async\" class=\"alignleft size-medium wp-image-1816\" title=\"banat 4\" src=\"https:\/\/martinemrichard.fr\/blog\/wp-content\/uploads\/2011\/06\/banat-42-300x204.jpg\" alt=\"\" width=\"300\" height=\"204\" srcset=\"https:\/\/martinemrichard.fr\/blog\/wp-content\/uploads\/2011\/06\/banat-42-300x204.jpg 300w, https:\/\/martinemrichard.fr\/blog\/wp-content\/uploads\/2011\/06\/banat-42-1024x698.jpg 1024w\" sizes=\"auto, (max-width: 300px) 100vw, 300px\" \/><\/a><\/p>\n<p style=\"text-align: justify;\">Une trentaine d&rsquo;artistes \u00e9taient r\u00e9partis un partout dans les remises, granges, tentes, \u00e0 l&rsquo;\u00e9cole, \u00e0 l&rsquo;\u00e9glise&#8230;<\/p>\n<p style=\"text-align: justify;\">Quant \u00e0 moi, je partageais un vaste chapiteau avec quatre autres exposants. Apr\u00e8s quelques t\u00e2tonnements chacun trouva sa place. Un conseil par-ci, un p&rsquo;tit coup de main par-l\u00e0, l&rsquo;ambiance \u00e9tait tr\u00e8s cordiale. J&rsquo;avais d\u00e9cid\u00e9 de montrer des huiles. Un impr\u00e9vu\u00a0 me f\u00eet changer mes plans. Ce f\u00fbt donc uniquement des pastels secs sur le th\u00e8me de la fleur. Les diff\u00e9rents formats des encadrements\u00a0 compliqu\u00e8rent l\u00e9g\u00e8rement l&rsquo;accrochage. A la guerre comme \u00e0 la guerre; il faut s&rsquo;adapter et faire du mieux possible. <a href=\"https:\/\/martinemrichard.fr\/blog\/wp-content\/uploads\/2011\/06\/banat-6.jpg\"><img loading=\"lazy\" decoding=\"async\" class=\"alignleft size-medium wp-image-1817\" title=\"banat 6\" src=\"https:\/\/martinemrichard.fr\/blog\/wp-content\/uploads\/2011\/06\/banat-6-300x225.jpg\" alt=\"\" width=\"300\" height=\"225\" srcset=\"https:\/\/martinemrichard.fr\/blog\/wp-content\/uploads\/2011\/06\/banat-6-300x225.jpg 300w, https:\/\/martinemrichard.fr\/blog\/wp-content\/uploads\/2011\/06\/banat-6-1024x768.jpg 1024w\" sizes=\"auto, (max-width: 300px) 100vw, 300px\" \/><\/a><\/p>\n<p style=\"text-align: justify;\">Nous \u00e9tions install\u00e9s dans le jardin de Roselyne avec d&rsquo;autres participants. L&rsquo;un devant sa v\u00e9randa, d&rsquo;autres sous des tentes ou \u00e0 l&rsquo;air libre. Les sculptures de \u00a0 Roselyne sortaient de sa galerie pour animer les pelouses et les massifs.<\/p>\n<p style=\"text-align: justify;\">Apr\u00e8s m&rsquo;avoir\u00a0 grandement aid\u00e9e, mon Cher et Tendre reprit le chemin de la maison me confiant aux mains charmantes de notre h\u00f4tesse. Celle-ci, tout en r\u00e9pondant au t\u00e9l\u00e9phone, r\u00e9solvant le probl\u00e8me d&rsquo;un requ\u00e9rant, me conduisit \u00e0 ma chambre, chez l&rsquo;habitant. Des gens adorables dont je fis la connaissance plus tard. Le lit fait, mes affaires pos\u00e9es, je ressortis et partis \u00e0 la d\u00e9couverte de quelques <a href=\"https:\/\/martinemrichard.fr\/blog\/wp-content\/uploads\/2011\/06\/banat-8.jpg\"><img loading=\"lazy\" decoding=\"async\" class=\"alignleft size-medium wp-image-1819\" title=\"banat 8\" src=\"https:\/\/martinemrichard.fr\/blog\/wp-content\/uploads\/2011\/06\/banat-8-225x300.jpg\" alt=\"\" width=\"225\" height=\"300\" srcset=\"https:\/\/martinemrichard.fr\/blog\/wp-content\/uploads\/2011\/06\/banat-8-225x300.jpg 225w, https:\/\/martinemrichard.fr\/blog\/wp-content\/uploads\/2011\/06\/banat-8-768x1024.jpg 768w, https:\/\/martinemrichard.fr\/blog\/wp-content\/uploads\/2011\/06\/banat-8.jpg 1785w\" sizes=\"auto, (max-width: 225px) 100vw, 225px\" \/><\/a>\u00ab\u00a0confr\u00e8res\u00a0\u00bb. Face \u00e0 l&rsquo;entr\u00e9e de mes h\u00e9bergeurs, un passage\u00a0 menait \u00e0 une remise occup\u00e9e par plusieurs artistes espagnols. Un des leurs exposait aussi dans la cour de mes logeurs des \u0153uvres figuratives int\u00e9ressantes ainsi que des techniques mixtes remarquables.<\/p>\n<p style=\"text-align: justify;\">Les aiguilles de la montre tournant, il \u00e9tait temps de retourner aupr\u00e8s de mon stand. La porte grande ouverte de la petite \u00e9glise<a href=\"https:\/\/martinemrichard.fr\/blog\/wp-content\/uploads\/2011\/06\/banat-9.jpg\"><img loading=\"lazy\" decoding=\"async\" class=\"alignright size-medium wp-image-1820\" title=\"banat 9\" src=\"https:\/\/martinemrichard.fr\/blog\/wp-content\/uploads\/2011\/06\/banat-9-225x300.jpg\" alt=\"\" width=\"225\" height=\"300\" srcset=\"https:\/\/martinemrichard.fr\/blog\/wp-content\/uploads\/2011\/06\/banat-9-225x300.jpg 225w, https:\/\/martinemrichard.fr\/blog\/wp-content\/uploads\/2011\/06\/banat-9-768x1024.jpg 768w, https:\/\/martinemrichard.fr\/blog\/wp-content\/uploads\/2011\/06\/banat-9.jpg 1982w\" sizes=\"auto, (max-width: 225px) 100vw, 225px\" \/><\/a> m&rsquo;attira comme un aimant. Une affichette, \u00e0 l&rsquo;entr\u00e9e annon\u00e7ait la couleur. J&rsquo;eus l&rsquo;agr\u00e9able surprise\u00a0 de d\u00e9couvrir le nom d&rsquo;un copain\u00a0 audois.<a href=\"https:\/\/martinemrichard.fr\/blog\/wp-content\/uploads\/2011\/06\/banat-10.jpg\"><img loading=\"lazy\" decoding=\"async\" class=\"alignleft size-medium wp-image-1823\" title=\"banat 10\" src=\"https:\/\/martinemrichard.fr\/blog\/wp-content\/uploads\/2011\/06\/banat-10-300x225.jpg\" alt=\"\" width=\"300\" height=\"225\" \/><\/a><\/p>\n<p style=\"text-align: justify;\">En compagnie d&rsquo;un autre aquarelliste, Robert \u00e9tait associ\u00e9 \u00e0 un graveur anglais fort talentueux,<a href=\"http:\/\/www.whitevarnish.com\/\"> <strong>ICI<\/strong><\/a>, . Aux repas, sa femme et lui, me r\u00e9gal\u00e8rent de leur bonne humeur , de leur humour, de leur app\u00e9tit d&rsquo;apprendre notre langue, nos go\u00fbts et nos coutumes . Je revins plus tard, d\u00e9couvrir en d\u00e9tail les \u0153uvres de ces trois cr\u00e9ateurs.<\/p>\n<p style=\"text-align: justify;\">Tout en suivant des yeux les gaies arabesques des hirondelles et martinets, en respirant une rose pos\u00e9e sur un mur moussu, m&rsquo;\u00e9merveillant face \u00e0 une entr\u00e9e digne d&rsquo;un conte de f\u00e9e, <a href=\"https:\/\/martinemrichard.fr\/blog\/wp-content\/uploads\/2011\/06\/banat-11.jpg\"><img loading=\"lazy\" decoding=\"async\" class=\"alignright size-medium wp-image-1828\" title=\"banat 11\" src=\"https:\/\/martinemrichard.fr\/blog\/wp-content\/uploads\/2011\/06\/banat-11-225x300.jpg\" alt=\"\" width=\"225\" height=\"300\" srcset=\"https:\/\/martinemrichard.fr\/blog\/wp-content\/uploads\/2011\/06\/banat-11-225x300.jpg 225w, https:\/\/martinemrichard.fr\/blog\/wp-content\/uploads\/2011\/06\/banat-11-768x1024.jpg 768w, https:\/\/martinemrichard.fr\/blog\/wp-content\/uploads\/2011\/06\/banat-11.jpg 1785w\" sizes=\"auto, (max-width: 225px) 100vw, 225px\" \/><\/a>je m&rsquo;acheminai doucement vers mon lieu d&rsquo;exposition&#8230;<\/p>\n<p style=\"text-align: justify;\">MMR ( tous droits r\u00e9serv\u00e9s)<\/p>\n<p style=\"text-align: justify;\">\n","protected":false},"excerpt":{"rendered":"<p>. Partis tr\u00e8s t\u00f4t de la maison samedi matin, nous avons d\u00e9couvert Banat un peu avant neuf heures. C&rsquo;est un tr\u00e8s petit village pyr\u00e9n\u00e9en ( 120 habitants), pr\u00e8s de Tarascon sur Ari\u00e8ge. La fra\u00eecheur des derni\u00e8res pluies nous fit un peu frissonner.\u00a0 Que c&rsquo;\u00e9tait calme, paisible et&#8230; si vert! Tout en nous impr\u00e9gnant de cette [&hellip;]<\/p>\n","protected":false},"author":1,"featured_media":0,"comment_status":"open","ping_status":"open","sticky":false,"template":"","format":"standard","meta":{"footnotes":""},"categories":[34],"tags":[42,113,17,21,18,39,22],"class_list":["post-1804","post","type-post","status-publish","format-standard","hentry","category-expositions","tag-artistes","tag-banat","tag-exposition","tag-fleurs","tag-pastels","tag-peinture","tag-petales"],"_links":{"self":[{"href":"https:\/\/martinemrichard.fr\/blog\/index.php?rest_route=\/wp\/v2\/posts\/1804","targetHints":{"allow":["GET"]}}],"collection":[{"href":"https:\/\/martinemrichard.fr\/blog\/index.php?rest_route=\/wp\/v2\/posts"}],"about":[{"href":"https:\/\/martinemrichard.fr\/blog\/index.php?rest_route=\/wp\/v2\/types\/post"}],"author":[{"embeddable":true,"href":"https:\/\/martinemrichard.fr\/blog\/index.php?rest_route=\/wp\/v2\/users\/1"}],"replies":[{"embeddable":true,"href":"https:\/\/martinemrichard.fr\/blog\/index.php?rest_route=%2Fwp%2Fv2%2Fcomments&post=1804"}],"version-history":[{"count":15,"href":"https:\/\/martinemrichard.fr\/blog\/index.php?rest_route=\/wp\/v2\/posts\/1804\/revisions"}],"predecessor-version":[{"id":1885,"href":"https:\/\/martinemrichard.fr\/blog\/index.php?rest_route=\/wp\/v2\/posts\/1804\/revisions\/1885"}],"wp:attachment":[{"href":"https:\/\/martinemrichard.fr\/blog\/index.php?rest_route=%2Fwp%2Fv2%2Fmedia&parent=1804"}],"wp:term":[{"taxonomy":"category","embeddable":true,"href":"https:\/\/martinemrichard.fr\/blog\/index.php?rest_route=%2Fwp%2Fv2%2Fcategories&post=1804"},{"taxonomy":"post_tag","embeddable":true,"href":"https:\/\/martinemrichard.fr\/blog\/index.php?rest_route=%2Fwp%2Fv2%2Ftags&post=1804"}],"curies":[{"name":"wp","href":"https:\/\/api.w.org\/{rel}","templated":true}]}}