{"id":18072,"date":"2023-10-29T03:30:24","date_gmt":"2023-10-29T02:30:24","guid":{"rendered":"https:\/\/martinemrichard.fr\/blog\/?p=18072"},"modified":"2023-11-21T06:10:05","modified_gmt":"2023-11-21T05:10:05","slug":"au-pays-du-matin-calme","status":"publish","type":"post","link":"https:\/\/martinemrichard.fr\/blog\/?p=18072","title":{"rendered":"Au pays du matin calme"},"content":{"rendered":"<p><img loading=\"lazy\" decoding=\"async\" class=\"alignright size-full wp-image-18075\" src=\"https:\/\/martinemrichard.fr\/blog\/wp-content\/uploads\/2023\/10\/IMG_8301_v1.jpg\" alt=\"\" width=\"1024\" height=\"1024\" srcset=\"https:\/\/martinemrichard.fr\/blog\/wp-content\/uploads\/2023\/10\/IMG_8301_v1.jpg 1024w, https:\/\/martinemrichard.fr\/blog\/wp-content\/uploads\/2023\/10\/IMG_8301_v1-300x300.jpg 300w, https:\/\/martinemrichard.fr\/blog\/wp-content\/uploads\/2023\/10\/IMG_8301_v1-150x150.jpg 150w, https:\/\/martinemrichard.fr\/blog\/wp-content\/uploads\/2023\/10\/IMG_8301_v1-768x768.jpg 768w\" sizes=\"auto, (max-width: 1024px) 100vw, 1024px\" \/><\/p>\n<p>.<\/p>\n<p style=\"text-align: center;\">Silhouettes graciles,<\/p>\n<p style=\"text-align: center;\">Sculpt\u00e9es par la lumi\u00e8re<\/p>\n<p style=\"text-align: center;\">De Ph\u00e9bus indolent,<\/p>\n<p style=\"text-align: center;\">Les aigrettes valsent.<\/p>\n<p style=\"text-align: center;\">.<\/p>\n<p style=\"text-align: center;\">Les notes l\u00e9g\u00e8res<\/p>\n<p style=\"text-align: center;\">Du vent dans la pin\u00e8de,<\/p>\n<p style=\"text-align: center;\">Du Bassin s&rsquo;\u00e9brouant,<\/p>\n<p style=\"text-align: center;\">Chor\u00e9graphient leurs pas.<\/p>\n<p style=\"text-align: center;\">.<\/p>\n<p style=\"text-align: center;\">Galbes ang\u00e9liques<\/p>\n<p style=\"text-align: center;\">Marchant, sautant, volant,<\/p>\n<p style=\"text-align: center;\">Interpr\u00e8tent la vie<\/p>\n<p style=\"text-align: center;\">Po\u00e9tique et l\u00e9g\u00e8re.<\/p>\n<p style=\"text-align: center;\">.<\/p>\n<p>.<\/p>\n<p><img loading=\"lazy\" decoding=\"async\" class=\"alignright size-full wp-image-18073\" src=\"https:\/\/martinemrichard.fr\/blog\/wp-content\/uploads\/2023\/10\/IMG_8300_v1.jpg\" alt=\"\" width=\"2362\" height=\"1263\" srcset=\"https:\/\/martinemrichard.fr\/blog\/wp-content\/uploads\/2023\/10\/IMG_8300_v1.jpg 2362w, https:\/\/martinemrichard.fr\/blog\/wp-content\/uploads\/2023\/10\/IMG_8300_v1-300x160.jpg 300w, https:\/\/martinemrichard.fr\/blog\/wp-content\/uploads\/2023\/10\/IMG_8300_v1-1024x548.jpg 1024w, https:\/\/martinemrichard.fr\/blog\/wp-content\/uploads\/2023\/10\/IMG_8300_v1-768x411.jpg 768w, https:\/\/martinemrichard.fr\/blog\/wp-content\/uploads\/2023\/10\/IMG_8300_v1-1536x821.jpg 1536w, https:\/\/martinemrichard.fr\/blog\/wp-content\/uploads\/2023\/10\/IMG_8300_v1-2048x1095.jpg 2048w\" sizes=\"auto, (max-width: 2362px) 100vw, 2362px\" \/><\/p>\n<p>.<\/p>\n<p>MMR (tous droits r\u00e9serv\u00e9s)<\/p>\n<p><span style=\"color: #ff0000;\"><strong>Merci pour tous vos commentaires tr\u00e8s appr\u00e9ci\u00e9s et motivants.<\/strong><\/span><\/p>\n<p><span style=\"color: #ff0000;\"><strong>\ud83d\ude42<\/strong><\/span><\/p>\n","protected":false},"excerpt":{"rendered":"<p>. Silhouettes graciles, Sculpt\u00e9es par la lumi\u00e8re De Ph\u00e9bus indolent, Les aigrettes valsent. . Les notes l\u00e9g\u00e8res Du vent dans la pin\u00e8de, Du Bassin s&rsquo;\u00e9brouant, Chor\u00e9graphient leurs pas. . Galbes ang\u00e9liques Marchant, sautant, volant, Interpr\u00e8tent la vie Po\u00e9tique et l\u00e9g\u00e8re. . . . MMR (tous droits r\u00e9serv\u00e9s) Merci pour tous vos commentaires tr\u00e8s appr\u00e9ci\u00e9s et [&hellip;]<\/p>\n","protected":false},"author":1,"featured_media":0,"comment_status":"open","ping_status":"open","sticky":false,"template":"","format":"standard","meta":{"footnotes":""},"categories":[70,4],"tags":[1527,1283,466,268,537,1528,103],"class_list":["post-18072","post","type-post","status-publish","format-standard","hentry","category-ocean-et-bassin-darcachon","category-poemes","tag-aigrette","tag-bassin","tag-lumiere","tag-phebus","tag-pinede","tag-valser","tag-vent"],"_links":{"self":[{"href":"https:\/\/martinemrichard.fr\/blog\/index.php?rest_route=\/wp\/v2\/posts\/18072","targetHints":{"allow":["GET"]}}],"collection":[{"href":"https:\/\/martinemrichard.fr\/blog\/index.php?rest_route=\/wp\/v2\/posts"}],"about":[{"href":"https:\/\/martinemrichard.fr\/blog\/index.php?rest_route=\/wp\/v2\/types\/post"}],"author":[{"embeddable":true,"href":"https:\/\/martinemrichard.fr\/blog\/index.php?rest_route=\/wp\/v2\/users\/1"}],"replies":[{"embeddable":true,"href":"https:\/\/martinemrichard.fr\/blog\/index.php?rest_route=%2Fwp%2Fv2%2Fcomments&post=18072"}],"version-history":[{"count":9,"href":"https:\/\/martinemrichard.fr\/blog\/index.php?rest_route=\/wp\/v2\/posts\/18072\/revisions"}],"predecessor-version":[{"id":18180,"href":"https:\/\/martinemrichard.fr\/blog\/index.php?rest_route=\/wp\/v2\/posts\/18072\/revisions\/18180"}],"wp:attachment":[{"href":"https:\/\/martinemrichard.fr\/blog\/index.php?rest_route=%2Fwp%2Fv2%2Fmedia&parent=18072"}],"wp:term":[{"taxonomy":"category","embeddable":true,"href":"https:\/\/martinemrichard.fr\/blog\/index.php?rest_route=%2Fwp%2Fv2%2Fcategories&post=18072"},{"taxonomy":"post_tag","embeddable":true,"href":"https:\/\/martinemrichard.fr\/blog\/index.php?rest_route=%2Fwp%2Fv2%2Ftags&post=18072"}],"curies":[{"name":"wp","href":"https:\/\/api.w.org\/{rel}","templated":true}]}}