{"id":18117,"date":"2024-01-07T06:28:01","date_gmt":"2024-01-07T05:28:01","guid":{"rendered":"https:\/\/martinemrichard.fr\/blog\/?p=18117"},"modified":"2024-01-13T17:27:50","modified_gmt":"2024-01-13T16:27:50","slug":"aurore-en-or","status":"publish","type":"post","link":"https:\/\/martinemrichard.fr\/blog\/?p=18117","title":{"rendered":"Aurore en or"},"content":{"rendered":"<p><img loading=\"lazy\" decoding=\"async\" class=\"alignright size-large wp-image-18118\" src=\"https:\/\/martinemrichard.fr\/blog\/wp-content\/uploads\/2023\/10\/IMG_9104_v1-1-1024x743.jpg\" alt=\"\" width=\"1024\" height=\"743\" srcset=\"https:\/\/martinemrichard.fr\/blog\/wp-content\/uploads\/2023\/10\/IMG_9104_v1-1-1024x743.jpg 1024w, https:\/\/martinemrichard.fr\/blog\/wp-content\/uploads\/2023\/10\/IMG_9104_v1-1-300x218.jpg 300w, https:\/\/martinemrichard.fr\/blog\/wp-content\/uploads\/2023\/10\/IMG_9104_v1-1-768x558.jpg 768w, https:\/\/martinemrichard.fr\/blog\/wp-content\/uploads\/2023\/10\/IMG_9104_v1-1-1536x1115.jpg 1536w, https:\/\/martinemrichard.fr\/blog\/wp-content\/uploads\/2023\/10\/IMG_9104_v1-1.jpg 1989w\" sizes=\"auto, (max-width: 1024px) 100vw, 1024px\" \/><\/p>\n<p style=\"text-align: center;\">\u00c9bauche du jour-<\/p>\n<p style=\"text-align: center;\">Une l\u00e8ve-t\u00f4t pagaie<\/p>\n<p style=\"text-align: center;\">L&rsquo;eau sal\u00e9e orange.<\/p>\n<p style=\"text-align: center;\">.<\/p>\n<p><img loading=\"lazy\" decoding=\"async\" class=\"alignright size-large wp-image-18173\" src=\"https:\/\/martinemrichard.fr\/blog\/wp-content\/uploads\/2023\/11\/IMG_0638_v1-1024x768.jpg\" alt=\"\" width=\"1024\" height=\"768\" srcset=\"https:\/\/martinemrichard.fr\/blog\/wp-content\/uploads\/2023\/11\/IMG_0638_v1-1024x768.jpg 1024w, https:\/\/martinemrichard.fr\/blog\/wp-content\/uploads\/2023\/11\/IMG_0638_v1-300x225.jpg 300w, https:\/\/martinemrichard.fr\/blog\/wp-content\/uploads\/2023\/11\/IMG_0638_v1-768x576.jpg 768w, https:\/\/martinemrichard.fr\/blog\/wp-content\/uploads\/2023\/11\/IMG_0638_v1-1536x1152.jpg 1536w, https:\/\/martinemrichard.fr\/blog\/wp-content\/uploads\/2023\/11\/IMG_0638_v1.jpg 1824w\" sizes=\"auto, (max-width: 1024px) 100vw, 1024px\" \/><\/p>\n<p>&nbsp;<\/p>\n<p style=\"text-align: center;\">Aquarelle mandarine<\/p>\n<p style=\"text-align: center;\">La pastelliste salue<\/p>\n<p style=\"text-align: center;\">L&rsquo;artiste solaire<\/p>\n<p><img loading=\"lazy\" decoding=\"async\" class=\"alignright size-large wp-image-18175\" src=\"https:\/\/martinemrichard.fr\/blog\/wp-content\/uploads\/2023\/11\/IMG_1224_v1-1024x731.jpg\" alt=\"\" width=\"1024\" height=\"731\" srcset=\"https:\/\/martinemrichard.fr\/blog\/wp-content\/uploads\/2023\/11\/IMG_1224_v1-1024x731.jpg 1024w, https:\/\/martinemrichard.fr\/blog\/wp-content\/uploads\/2023\/11\/IMG_1224_v1-300x214.jpg 300w, https:\/\/martinemrichard.fr\/blog\/wp-content\/uploads\/2023\/11\/IMG_1224_v1-768x548.jpg 768w, https:\/\/martinemrichard.fr\/blog\/wp-content\/uploads\/2023\/11\/IMG_1224_v1-1536x1096.jpg 1536w, https:\/\/martinemrichard.fr\/blog\/wp-content\/uploads\/2023\/11\/IMG_1224_v1.jpg 1691w\" sizes=\"auto, (max-width: 1024px) 100vw, 1024px\" \/><\/p>\n<p style=\"text-align: center;\">Au seuil sem\u00e9 d&rsquo;or fin<\/p>\n<p style=\"text-align: center;\">D&rsquo;un jour riche en promesses<\/p>\n<p style=\"text-align: center;\">Une mouette p\u00eache<\/p>\n<p style=\"text-align: center;\">.<\/p>\n<p>.<\/p>\n<p>MMR (tous droits r\u00e9serv\u00e9s)<\/p>\n<p><span style=\"color: #ff0000;\"><strong>Merci \u00e0 toutes et \u00e0 tous pour vos commentaires, vos partages de souvenirs, d\u2019anecdotes&#8230;\u00a0 que je lis toujours avec grand plaisir. C&rsquo;est si enrichissant! Sans eux, ce blog serait ferm\u00e9 depuis longtemps.<\/strong><\/span><\/p>\n","protected":false},"excerpt":{"rendered":"<p>\u00c9bauche du jour- Une l\u00e8ve-t\u00f4t pagaie L&rsquo;eau sal\u00e9e orange. . &nbsp; Aquarelle mandarine La pastelliste salue L&rsquo;artiste solaire Au seuil sem\u00e9 d&rsquo;or fin D&rsquo;un jour riche en promesses Une mouette p\u00eache . . MMR (tous droits r\u00e9serv\u00e9s) Merci \u00e0 toutes et \u00e0 tous pour vos commentaires, vos partages de souvenirs, d\u2019anecdotes&#8230;\u00a0 que je lis toujours [&hellip;]<\/p>\n","protected":false},"author":1,"featured_media":0,"comment_status":"open","ping_status":"open","sticky":false,"template":"","format":"standard","meta":{"footnotes":""},"categories":[35,70],"tags":[1142,364,135,507,206,566,265,59,1535,134],"class_list":["post-18117","post","type-post","status-publish","format-standard","hentry","category-haikus-haibuns","category-ocean-et-bassin-darcachon","tag-artiste","tag-aurore","tag-bassin-darcachon","tag-jour","tag-lever-de-soleil","tag-mandarine","tag-mouette","tag-or","tag-pastelliste","tag-poeme"],"_links":{"self":[{"href":"https:\/\/martinemrichard.fr\/blog\/index.php?rest_route=\/wp\/v2\/posts\/18117","targetHints":{"allow":["GET"]}}],"collection":[{"href":"https:\/\/martinemrichard.fr\/blog\/index.php?rest_route=\/wp\/v2\/posts"}],"about":[{"href":"https:\/\/martinemrichard.fr\/blog\/index.php?rest_route=\/wp\/v2\/types\/post"}],"author":[{"embeddable":true,"href":"https:\/\/martinemrichard.fr\/blog\/index.php?rest_route=\/wp\/v2\/users\/1"}],"replies":[{"embeddable":true,"href":"https:\/\/martinemrichard.fr\/blog\/index.php?rest_route=%2Fwp%2Fv2%2Fcomments&post=18117"}],"version-history":[{"count":15,"href":"https:\/\/martinemrichard.fr\/blog\/index.php?rest_route=\/wp\/v2\/posts\/18117\/revisions"}],"predecessor-version":[{"id":18440,"href":"https:\/\/martinemrichard.fr\/blog\/index.php?rest_route=\/wp\/v2\/posts\/18117\/revisions\/18440"}],"wp:attachment":[{"href":"https:\/\/martinemrichard.fr\/blog\/index.php?rest_route=%2Fwp%2Fv2%2Fmedia&parent=18117"}],"wp:term":[{"taxonomy":"category","embeddable":true,"href":"https:\/\/martinemrichard.fr\/blog\/index.php?rest_route=%2Fwp%2Fv2%2Fcategories&post=18117"},{"taxonomy":"post_tag","embeddable":true,"href":"https:\/\/martinemrichard.fr\/blog\/index.php?rest_route=%2Fwp%2Fv2%2Ftags&post=18117"}],"curies":[{"name":"wp","href":"https:\/\/api.w.org\/{rel}","templated":true}]}}