{"id":18122,"date":"2024-01-28T07:08:18","date_gmt":"2024-01-28T06:08:18","guid":{"rendered":"https:\/\/martinemrichard.fr\/blog\/?p=18122"},"modified":"2024-01-30T18:48:08","modified_gmt":"2024-01-30T17:48:08","slug":"la-vague-et-lenfant","status":"publish","type":"post","link":"https:\/\/martinemrichard.fr\/blog\/?p=18122","title":{"rendered":"La vague et l&rsquo;enfant"},"content":{"rendered":"<p>La vague roule<img loading=\"lazy\" decoding=\"async\" class=\"alignright size-large wp-image-18123\" src=\"https:\/\/martinemrichard.fr\/blog\/wp-content\/uploads\/2023\/10\/IMG_2152_v1-768x1024.jpg\" alt=\"\" width=\"768\" height=\"1024\" srcset=\"https:\/\/martinemrichard.fr\/blog\/wp-content\/uploads\/2023\/10\/IMG_2152_v1-768x1024.jpg 768w, https:\/\/martinemrichard.fr\/blog\/wp-content\/uploads\/2023\/10\/IMG_2152_v1-225x300.jpg 225w, https:\/\/martinemrichard.fr\/blog\/wp-content\/uploads\/2023\/10\/IMG_2152_v1.jpg 1152w\" sizes=\"auto, (max-width: 768px) 100vw, 768px\" \/><\/p>\n<p>Inlassable<\/p>\n<p>Ses fables sal\u00e9es<\/p>\n<p>Ses contes d&rsquo;eau marine<\/p>\n<p>Moir\u00e9e de myst\u00e8res.<\/p>\n<p>Son orbe vaporise<\/p>\n<p>La trace \u00e9ph\u00e9m\u00e8re<\/p>\n<p>D&rsquo;un banc d&rsquo;\u00e9cailles bleues<\/p>\n<p>En route vers le Nord.<\/p>\n<p>.<\/p>\n<p>La vague enroule<\/p>\n<p>Inlassable<\/p>\n<p>\u00c9crase et remod\u00e8le<\/p>\n<p>Les humeurs chagrines<\/p>\n<p>R\u00e9pandues sur le sable.<\/p>\n<p>Elle \u00e9crit sur la plage<\/p>\n<p>Sa po\u00e9sie liquide<\/p>\n<p>Peupl\u00e9e de sir\u00e8nes<\/p>\n<p>Tritons et poissons clown.<\/p>\n<p>.<\/p>\n<p>Comme l&rsquo;enfant, apprend<\/p>\n<p>A lire dans l&rsquo;\u00e9cume<\/p>\n<p>Sa magie l\u00e9nifiante<\/p>\n<p>Ber\u00e7ant l&rsquo;\u00e2me meurtrie.<\/p>\n<p>.<\/p>\n<p>MMR ( tous droits r\u00e9serv\u00e9s)<\/p>\n","protected":false},"excerpt":{"rendered":"<p>La vague roule Inlassable Ses fables sal\u00e9es Ses contes d&rsquo;eau marine Moir\u00e9e de myst\u00e8res. Son orbe vaporise La trace \u00e9ph\u00e9m\u00e8re D&rsquo;un banc d&rsquo;\u00e9cailles bleues En route vers le Nord. . La vague enroule Inlassable \u00c9crase et remod\u00e8le Les humeurs chagrines R\u00e9pandues sur le sable. Elle \u00e9crit sur la plage Sa po\u00e9sie liquide Peupl\u00e9e de sir\u00e8nes [&hellip;]<\/p>\n","protected":false},"author":1,"featured_media":0,"comment_status":"open","ping_status":"open","sticky":false,"template":"","format":"standard","meta":{"footnotes":""},"categories":[70],"tags":[251,935,1116,252,102,319,134,858,320,725],"class_list":["post-18122","post","type-post","status-publish","format-standard","hentry","category-ocean-et-bassin-darcachon","tag-contes","tag-ecume","tag-enfant","tag-fables","tag-ocean","tag-plage","tag-poeme","tag-poesie","tag-sable","tag-vague"],"_links":{"self":[{"href":"https:\/\/martinemrichard.fr\/blog\/index.php?rest_route=\/wp\/v2\/posts\/18122","targetHints":{"allow":["GET"]}}],"collection":[{"href":"https:\/\/martinemrichard.fr\/blog\/index.php?rest_route=\/wp\/v2\/posts"}],"about":[{"href":"https:\/\/martinemrichard.fr\/blog\/index.php?rest_route=\/wp\/v2\/types\/post"}],"author":[{"embeddable":true,"href":"https:\/\/martinemrichard.fr\/blog\/index.php?rest_route=\/wp\/v2\/users\/1"}],"replies":[{"embeddable":true,"href":"https:\/\/martinemrichard.fr\/blog\/index.php?rest_route=%2Fwp%2Fv2%2Fcomments&post=18122"}],"version-history":[{"count":26,"href":"https:\/\/martinemrichard.fr\/blog\/index.php?rest_route=\/wp\/v2\/posts\/18122\/revisions"}],"predecessor-version":[{"id":18456,"href":"https:\/\/martinemrichard.fr\/blog\/index.php?rest_route=\/wp\/v2\/posts\/18122\/revisions\/18456"}],"wp:attachment":[{"href":"https:\/\/martinemrichard.fr\/blog\/index.php?rest_route=%2Fwp%2Fv2%2Fmedia&parent=18122"}],"wp:term":[{"taxonomy":"category","embeddable":true,"href":"https:\/\/martinemrichard.fr\/blog\/index.php?rest_route=%2Fwp%2Fv2%2Fcategories&post=18122"},{"taxonomy":"post_tag","embeddable":true,"href":"https:\/\/martinemrichard.fr\/blog\/index.php?rest_route=%2Fwp%2Fv2%2Ftags&post=18122"}],"curies":[{"name":"wp","href":"https:\/\/api.w.org\/{rel}","templated":true}]}}