{"id":1836,"date":"2011-06-18T11:22:33","date_gmt":"2011-06-18T09:22:33","guid":{"rendered":"http:\/\/martinemrichard.fr\/blog\/?p=1836"},"modified":"2011-06-18T16:58:52","modified_gmt":"2011-06-18T14:58:52","slug":"les-artistiques-de-banat-suite","status":"publish","type":"post","link":"https:\/\/martinemrichard.fr\/blog\/?p=1836","title":{"rendered":"Les artistiques de Banat, suite"},"content":{"rendered":"<p style=\"text-align: justify;\">Le ciel de ce samedi \u00e9tait incertain <a href=\"https:\/\/martinemrichard.fr\/blog\/wp-content\/uploads\/2011\/06\/banat-26-1.jpg\"><img loading=\"lazy\" decoding=\"async\" class=\"alignright size-medium wp-image-1839\" title=\"banat 26\" src=\"https:\/\/martinemrichard.fr\/blog\/wp-content\/uploads\/2011\/06\/banat-26-1-300x225.jpg\" alt=\"\" width=\"300\" height=\"225\" srcset=\"https:\/\/martinemrichard.fr\/blog\/wp-content\/uploads\/2011\/06\/banat-26-1-300x225.jpg 300w, https:\/\/martinemrichard.fr\/blog\/wp-content\/uploads\/2011\/06\/banat-26-1-1024x768.jpg 1024w\" sizes=\"auto, (max-width: 300px) 100vw, 300px\" \/><\/a> et cela inqui\u00e9tait tout le monde. Un grand \u00e9clat de bleu, puis la menace orageuse suivait et ainsi de suite. Malgr\u00e9 tout, j&rsquo;appr\u00e9ciais le bon air, les fragrances des rosiers tout proches. <a href=\"https:\/\/martinemrichard.fr\/blog\/wp-content\/uploads\/2011\/06\/banat-27.jpg\"><img loading=\"lazy\" decoding=\"async\" class=\"alignleft size-thumbnail wp-image-1840\" title=\"banat 27\" src=\"https:\/\/martinemrichard.fr\/blog\/wp-content\/uploads\/2011\/06\/banat-27-150x150.jpg\" alt=\"\" width=\"150\" height=\"150\" \/><\/a><\/p>\n<p style=\"text-align: justify;\">Vers 11h30, quelques regards curieux s&rsquo;avanc\u00e8rent vers notre barnum. C&rsquo;\u00e9tait surtout, pour la plupart , des artistes. Les organisateurs, Roselyne, \u00c9velyne, et d&rsquo;autres ( qu&rsquo;ils me pardonnent ma\u00a0 m\u00e9moire d\u00e9faillante ) \u00e9taient aux petits soins pour nous. On nous proposa du th\u00e9, du caf\u00e9&#8230;30 mn apr\u00e8s, mon estomac m&rsquo;annoncera bruyamment que midi approchait. Ce qui f\u00fbt confirm\u00e9 par le sourire de Roselyne nous invitant \u00e0 la suivre . Elle referma le grand portail de son jardin, direction la cour de l&rsquo;\u00e9cole. Un point chaud- buvette \u00e9tait dress\u00e9. Le parfum de grillades nous guidait mieux que des paroles! \ud83d\ude42\u00a0 Plusieurs personnes s&rsquo;activaient derri\u00e8re un comptoir. En attendant mon tour dans la file je lus : Chipolatas ou merguez grill\u00e9es, frites ou\u00a0 salade de riz + un verre de vin rouge ou ros\u00e9 + un gros morceau de pain = 5,50\u20ac , une p\u00e2tisserie orientale 1\u20ac ( choix: cornes de gazelle, beignets au miel, et des carr\u00e9s aux amandes), th\u00e9 \u00e0 la menthe 0,50\u20ac&#8230;\u00a0 Le fond de l&rsquo;air \u00e9tant un peu frisquet, j&rsquo;appr\u00e9ciai\u00a0 la chaleur de ce repas.\u00a0 L&rsquo;apr\u00e8s-midi se d\u00e9roula un peu trop tranquille \u00e0 notre go\u00fbt. Mais sans surprise car ce jour est bien souvent consacr\u00e9 \u00e0 remplir son r\u00e9frig\u00e9rateur. Nous avons pu nous relayer pour partir\u00a0 admirer le travail des uns et <a href=\"https:\/\/martinemrichard.fr\/blog\/wp-content\/uploads\/2011\/06\/banat-29.jpg\"><img loading=\"lazy\" decoding=\"async\" class=\"alignright size-medium wp-image-1843\" title=\"banat 29\" src=\"https:\/\/martinemrichard.fr\/blog\/wp-content\/uploads\/2011\/06\/banat-29-300x225.jpg\" alt=\"\" width=\"300\" height=\"225\" srcset=\"https:\/\/martinemrichard.fr\/blog\/wp-content\/uploads\/2011\/06\/banat-29-300x225.jpg 300w, https:\/\/martinemrichard.fr\/blog\/wp-content\/uploads\/2011\/06\/banat-29-1024x768.jpg 1024w\" sizes=\"auto, (max-width: 300px) 100vw, 300px\" \/><\/a>des autres.\u00a0 Entre le chapiteau et la maison de Roselyne, une artisan d&rsquo;art pr\u00e9sentait un travail sur verre\u00a0 superbe, d&rsquo;une grande originalit\u00e9. Navr\u00e9e que les photos ne montrent pas plus en d\u00e9tails. Mais, sans autorisation des cr\u00e9ateurs, je ne peux d\u00e9voiler davantage.<a href=\"https:\/\/martinemrichard.fr\/blog\/wp-content\/uploads\/2011\/06\/banat-30.jpg\"><img loading=\"lazy\" decoding=\"async\" class=\"alignleft size-medium wp-image-1847\" title=\"banat 30\" src=\"https:\/\/martinemrichard.fr\/blog\/wp-content\/uploads\/2011\/06\/banat-30-225x300.jpg\" alt=\"\" width=\"225\" height=\"300\" \/><\/a><\/p>\n<p style=\"text-align: justify;\">L&rsquo; Espagne \u00e9tait dignement repr\u00e9sent\u00e9e par une dizaine de peintres invit\u00e9s.\u00a0 L&rsquo;un d&rsquo;entre eux partageait le passage sous la maison de mes h\u00f4tes ainsi que leur cour avec une extraordinaire collection\u00a0 d&rsquo;outils anciens: clefs, chaudrons, faucilles, marteaux, pinces, etc&#8230;.<\/p>\n<p style=\"text-align: justify;\">Cette photo a \u00e9t\u00e9 prise , depuis ma chambre, le dimanche matin. Un soleil \u00e9clatant habillait les vieux murs d&rsquo;une chaude carnation. Tout comme lui, mon moral \u00e9tait au beau fixe. Apr\u00e8s un th\u00e9-biscottes vite aval\u00e9, je m&#8217;empressais de rejoindre mon stand.\u00a0<a href=\"https:\/\/martinemrichard.fr\/blog\/wp-content\/uploads\/2011\/06\/banat-12.jpg\"><img loading=\"lazy\" decoding=\"async\" class=\"alignright size-medium wp-image-1851\" title=\"banat 12\" src=\"https:\/\/martinemrichard.fr\/blog\/wp-content\/uploads\/2011\/06\/banat-12-300x225.jpg\" alt=\"\" width=\"300\" height=\"225\" srcset=\"https:\/\/martinemrichard.fr\/blog\/wp-content\/uploads\/2011\/06\/banat-12-300x225.jpg 300w, https:\/\/martinemrichard.fr\/blog\/wp-content\/uploads\/2011\/06\/banat-12-1024x768.jpg 1024w\" sizes=\"auto, (max-width: 300px) 100vw, 300px\" \/><\/a><\/p>\n<p style=\"text-align: justify;\">Je fus accueillie par les aboiements du yorkshire de Roselyne. Petit gardien prenant son r\u00f4le tr\u00e8s au s\u00e9rieux. :). Ce qui ne troublait pas du tout l&rsquo;app\u00e9tit de nos amis espagnols se d\u00e9lectant de croissants, pain, confiture, etc.. un copieux petit-d\u00e9jeuner\u00a0 servi par \u00c9velyne et Roselyne.<\/p>\n<p style=\"text-align: justify;\">Un petit coucou \u00e0 chacun puis je rejoignis mes compagnons du weekend d\u00e9j\u00e0 \u00e0 leur poste. Les amateurs\u00a0 ayant d\u00e9cid\u00e9 de faire la grasse matin\u00e9e, j&rsquo;en profitais pour capturer cette lumi\u00e8re qui a le don de me faire vibrer. <a href=\"https:\/\/martinemrichard.fr\/blog\/wp-content\/uploads\/2011\/06\/banat-31-.jpg\"><img loading=\"lazy\" decoding=\"async\" class=\"alignleft size-medium wp-image-1855\" title=\"banat 31\" src=\"https:\/\/martinemrichard.fr\/blog\/wp-content\/uploads\/2011\/06\/banat-31--225x300.jpg\" alt=\"\" width=\"225\" height=\"300\" srcset=\"https:\/\/martinemrichard.fr\/blog\/wp-content\/uploads\/2011\/06\/banat-31--225x300.jpg 225w, https:\/\/martinemrichard.fr\/blog\/wp-content\/uploads\/2011\/06\/banat-31--768x1024.jpg 768w, https:\/\/martinemrichard.fr\/blog\/wp-content\/uploads\/2011\/06\/banat-31-.jpg 1785w\" sizes=\"auto, (max-width: 225px) 100vw, 225px\" \/><\/a><\/p>\n<p style=\"text-align: justify;\">\n<p style=\"text-align: justify;\">\n<p style=\"text-align: justify;\">\n<p style=\"text-align: justify;\">\n<p style=\"text-align: justify;\"><a href=\"https:\/\/martinemrichard.fr\/blog\/wp-content\/uploads\/2011\/06\/banat-131.jpg\"><img loading=\"lazy\" decoding=\"async\" class=\"alignright size-medium wp-image-1856\" title=\"banat 13\" src=\"https:\/\/martinemrichard.fr\/blog\/wp-content\/uploads\/2011\/06\/banat-131-300x225.jpg\" alt=\"\" width=\"300\" height=\"225\" srcset=\"https:\/\/martinemrichard.fr\/blog\/wp-content\/uploads\/2011\/06\/banat-131-300x225.jpg 300w, https:\/\/martinemrichard.fr\/blog\/wp-content\/uploads\/2011\/06\/banat-131-1024x768.jpg 1024w\" sizes=\"auto, (max-width: 300px) 100vw, 300px\" \/><\/a><\/p>\n<p style=\"text-align: justify;\">\n<p style=\"text-align: justify;\">\n<p style=\"text-align: justify;\">\n<p style=\"text-align: justify;\">\n<p style=\"text-align: justify;\">\n<p style=\"text-align: justify;\">\n<p style=\"text-align: justify;\">\n<p style=\"text-align: justify;\">\n<p style=\"text-align: justify;\">\n<p style=\"text-align: justify;\">\n<p style=\"text-align: justify;\">\n<p style=\"text-align: justify;\">\n<p style=\"text-align: justify;\">\n<p style=\"text-align: justify;\">\n<p style=\"text-align: justify;\">Je m&rsquo;\u00e9chappais, certes, mais peu de temps. Il ne fallait pas rater l&rsquo;occasion de discuter, \u00e9changer et, qui sait, vendre un pastel. J&rsquo;attendais aussi la visite d&rsquo;un copain po\u00e8te, membre de notre association <a href=\"http:\/\/www.poesie-terpsichore.eu\/index2.php\"><strong>Terpsichore<\/strong><\/a>. Il arriva, chaleureux comme \u00e0 son habitude l&rsquo;ami <a href=\"http:\/\/www.aime-z.fr\/aime_z\/index2.php\"><strong>Bernard<\/strong><\/a>. Il regardait tout, s&rsquo;int\u00e9ressait, posait des questions \u00e0 l&rsquo;un ou l&rsquo;autre.\u00a0\u00a0 S&rsquo;ensuivit des discutions passionnantes sur l&rsquo;art, l&rsquo;histoire locale, etc&#8230;<\/p>\n<p style=\"text-align: justify;\">Nous n&rsquo;avons pas vu poindre midi. \u00ab\u00a0Hop! On ferme!\u00a0\u00bb clama gentiment madame la pr\u00e9sidente. Nous part\u00eemes tous rejoindre le reste des acteurs des Artistiques de Banat, auxquels se m\u00ealaient la bonne humeur de quelques habitants et touristes . En chemin, la musique d&rsquo;un orgue de barbarie nous freina le temps d&rsquo;\u00e9couter la fin de son refrain. Le menu du jour embaumait la cour d&rsquo;\u00e9cole d&rsquo;exotisme app\u00e9tissant. C&rsquo;\u00e9tait couscous-party, toujours au m\u00eame tarif. Install\u00e9s \u00e0 une petite table avec Bernard, une exposante et son \u00e9poux, nous \u00e9cout\u00e2mes avec d\u00e9lice le musicien des rues&#8230;<a href=\"https:\/\/martinemrichard.fr\/blog\/wp-content\/uploads\/2011\/06\/banat-152.jpg\"><img loading=\"lazy\" decoding=\"async\" class=\"alignright size-medium wp-image-1876\" title=\"banat 15\" src=\"https:\/\/martinemrichard.fr\/blog\/wp-content\/uploads\/2011\/06\/banat-152-225x300.jpg\" alt=\"\" width=\"225\" height=\"300\" srcset=\"https:\/\/martinemrichard.fr\/blog\/wp-content\/uploads\/2011\/06\/banat-152-225x300.jpg 225w, https:\/\/martinemrichard.fr\/blog\/wp-content\/uploads\/2011\/06\/banat-152-768x1024.jpg 768w, https:\/\/martinemrichard.fr\/blog\/wp-content\/uploads\/2011\/06\/banat-152.jpg 1982w\" sizes=\"auto, (max-width: 225px) 100vw, 225px\" \/><\/a><\/p>\n<p style=\"text-align: justify;\">Vous trouverez d&rsquo;autres photos sur le site des<a href=\"http:\/\/www.ariegeartbanat.com\/photos-pentec%C3%B4te-2011\/\"> <strong>Artistiques de Banat <\/strong><\/a><\/p>\n<p style=\"text-align: justify;\">MMR( tous droits r\u00e9serv\u00e9s)<\/p>\n<p style=\"text-align: justify;\">\n<p style=\"text-align: justify;\"><a href=\"https:\/\/martinemrichard.fr\/blog\/wp-content\/uploads\/2011\/06\/banat-142.jpg\"><img loading=\"lazy\" decoding=\"async\" class=\"alignleft size-medium wp-image-1867\" title=\"banat 14\" src=\"https:\/\/martinemrichard.fr\/blog\/wp-content\/uploads\/2011\/06\/banat-142-225x300.jpg\" alt=\"\" width=\"225\" height=\"300\" srcset=\"https:\/\/martinemrichard.fr\/blog\/wp-content\/uploads\/2011\/06\/banat-142-225x300.jpg 225w, https:\/\/martinemrichard.fr\/blog\/wp-content\/uploads\/2011\/06\/banat-142-768x1024.jpg 768w\" sizes=\"auto, (max-width: 225px) 100vw, 225px\" \/><\/a><\/p>\n<p style=\"text-align: justify;\">\n","protected":false},"excerpt":{"rendered":"<p>Le ciel de ce samedi \u00e9tait incertain et cela inqui\u00e9tait tout le monde. Un grand \u00e9clat de bleu, puis la menace orageuse suivait et ainsi de suite. Malgr\u00e9 tout, j&rsquo;appr\u00e9ciais le bon air, les fragrances des rosiers tout proches. Vers 11h30, quelques regards curieux s&rsquo;avanc\u00e8rent vers notre barnum. C&rsquo;\u00e9tait surtout, pour la plupart , des [&hellip;]<\/p>\n","protected":false},"author":1,"featured_media":0,"comment_status":"open","ping_status":"open","sticky":false,"template":"","format":"standard","meta":{"footnotes":""},"categories":[34],"tags":[17,21,18,39,52],"class_list":["post-1836","post","type-post","status-publish","format-standard","hentry","category-expositions","tag-exposition","tag-fleurs","tag-pastels","tag-peinture","tag-rose"],"_links":{"self":[{"href":"https:\/\/martinemrichard.fr\/blog\/index.php?rest_route=\/wp\/v2\/posts\/1836","targetHints":{"allow":["GET"]}}],"collection":[{"href":"https:\/\/martinemrichard.fr\/blog\/index.php?rest_route=\/wp\/v2\/posts"}],"about":[{"href":"https:\/\/martinemrichard.fr\/blog\/index.php?rest_route=\/wp\/v2\/types\/post"}],"author":[{"embeddable":true,"href":"https:\/\/martinemrichard.fr\/blog\/index.php?rest_route=\/wp\/v2\/users\/1"}],"replies":[{"embeddable":true,"href":"https:\/\/martinemrichard.fr\/blog\/index.php?rest_route=%2Fwp%2Fv2%2Fcomments&post=1836"}],"version-history":[{"count":28,"href":"https:\/\/martinemrichard.fr\/blog\/index.php?rest_route=\/wp\/v2\/posts\/1836\/revisions"}],"predecessor-version":[{"id":1882,"href":"https:\/\/martinemrichard.fr\/blog\/index.php?rest_route=\/wp\/v2\/posts\/1836\/revisions\/1882"}],"wp:attachment":[{"href":"https:\/\/martinemrichard.fr\/blog\/index.php?rest_route=%2Fwp%2Fv2%2Fmedia&parent=1836"}],"wp:term":[{"taxonomy":"category","embeddable":true,"href":"https:\/\/martinemrichard.fr\/blog\/index.php?rest_route=%2Fwp%2Fv2%2Fcategories&post=1836"},{"taxonomy":"post_tag","embeddable":true,"href":"https:\/\/martinemrichard.fr\/blog\/index.php?rest_route=%2Fwp%2Fv2%2Ftags&post=1836"}],"curies":[{"name":"wp","href":"https:\/\/api.w.org\/{rel}","templated":true}]}}