{"id":18678,"date":"2024-04-07T07:57:57","date_gmt":"2024-04-07T06:57:57","guid":{"rendered":"https:\/\/martinemrichard.fr\/blog\/?p=18678"},"modified":"2024-04-10T07:17:45","modified_gmt":"2024-04-10T06:17:45","slug":"vous-avez-dit-printemps","status":"publish","type":"post","link":"https:\/\/martinemrichard.fr\/blog\/?p=18678","title":{"rendered":"Vous avez dit printemps?"},"content":{"rendered":"<p><img loading=\"lazy\" decoding=\"async\" class=\"size-large wp-image-18679\" src=\"https:\/\/martinemrichard.fr\/blog\/wp-content\/uploads\/2024\/03\/IMG_20230322_114302_v1-1024x576.jpg\" alt=\"\" width=\"1024\" height=\"576\" srcset=\"https:\/\/martinemrichard.fr\/blog\/wp-content\/uploads\/2024\/03\/IMG_20230322_114302_v1-1024x576.jpg 1024w, https:\/\/martinemrichard.fr\/blog\/wp-content\/uploads\/2024\/03\/IMG_20230322_114302_v1-300x169.jpg 300w, https:\/\/martinemrichard.fr\/blog\/wp-content\/uploads\/2024\/03\/IMG_20230322_114302_v1-768x432.jpg 768w, https:\/\/martinemrichard.fr\/blog\/wp-content\/uploads\/2024\/03\/IMG_20230322_114302_v1-1536x865.jpg 1536w, https:\/\/martinemrichard.fr\/blog\/wp-content\/uploads\/2024\/03\/IMG_20230322_114302_v1-2048x1153.jpg 2048w\" sizes=\"auto, (max-width: 1024px) 100vw, 1024px\" \/><\/p>\n<p>&nbsp;<\/p>\n<p style=\"text-align: center;\">O\u00f9 es-tu?<\/p>\n<p style=\"text-align: center;\">Que fais-tu<\/p>\n<p style=\"text-align: center;\">Y es-tu?<\/p>\n<p>Le printemps s&rsquo;en vient lentement, comme ind\u00e9cis. Parfois chauss\u00e9 de ballerines, il esquisse un entrechat. A d&rsquo;autre moments, ses pieds \u00e9th\u00e9r\u00e9s lest\u00e9s de grosses bottes, il joue \u00e0 cloche-pieds parmi les nombreuses\u00a0 flaques, cadeaux d&rsquo;une surabondance de giboul\u00e9es.<\/p>\n<p>Je contemple, morose, depuis ma fen\u00eatre, cette grisaille ruisselante. Certes, le jardin est heureux de toute cette manne liquide qui tombe du ciel. Mais moi, j&rsquo;ai faim de chaude lumi\u00e8re.<\/p>\n<p>Lorsque soudain, un coup de tramontane vient d\u00e9chirer l&rsquo;\u00e9paisse couche nuageuse. Le soleil appara\u00eet, mutin, gommant ma m\u00e9lancolie. La nature \u00e9tincelle. Les couleurs resplendissent. Narcisses, tulipes, pissenlits, p\u00e2querettes se haussent, brillent \u00e0 qui mieux mieux pour s\u00e9duire abeilles et papillons.<\/p>\n<p>Le cerisier du voisin\u00a0 tend vers l&rsquo;azur sa belle t\u00eate neigeuse. Tandis que les pruniers de l&rsquo;all\u00e9e communale rosissent de plaisir sous les caresses dor\u00e9es de Ph\u00e9bus.<\/p>\n<p>.<\/p>\n<p><img loading=\"lazy\" decoding=\"async\" class=\"size-large wp-image-18685\" src=\"https:\/\/martinemrichard.fr\/blog\/wp-content\/uploads\/2024\/03\/IMG_20230403_110806_v1-1024x576.jpg\" alt=\"\" width=\"1024\" height=\"576\" srcset=\"https:\/\/martinemrichard.fr\/blog\/wp-content\/uploads\/2024\/03\/IMG_20230403_110806_v1-1024x576.jpg 1024w, https:\/\/martinemrichard.fr\/blog\/wp-content\/uploads\/2024\/03\/IMG_20230403_110806_v1-300x169.jpg 300w, https:\/\/martinemrichard.fr\/blog\/wp-content\/uploads\/2024\/03\/IMG_20230403_110806_v1-768x432.jpg 768w, https:\/\/martinemrichard.fr\/blog\/wp-content\/uploads\/2024\/03\/IMG_20230403_110806_v1-1536x864.jpg 1536w, https:\/\/martinemrichard.fr\/blog\/wp-content\/uploads\/2024\/03\/IMG_20230403_110806_v1-2048x1152.jpg 2048w\" sizes=\"auto, (max-width: 1024px) 100vw, 1024px\" \/><\/p>\n<p style=\"text-align: center;\">fleurs de cerisiers-<\/p>\n<p style=\"text-align: center;\">les abeilles travaillent<\/p>\n<p style=\"text-align: center;\">et moi&#8230; je l\u00e9zarde<\/p>\n<p>.<\/p>\n<p>MMR ( tous droits r\u00e9serv\u00e9s)<\/p>\n<p><span style=\"color: #ff0000;\"><strong>Merci pour tous vos commentaires tr\u00e8s appr\u00e9ci\u00e9s et motivants \ud83d\ude42<\/strong><\/span><\/p>\n","protected":false},"excerpt":{"rendered":"<p>&nbsp; O\u00f9 es-tu? Que fais-tu Y es-tu? Le printemps s&rsquo;en vient lentement, comme ind\u00e9cis. Parfois chauss\u00e9 de ballerines, il esquisse un entrechat. A d&rsquo;autre moments, ses pieds \u00e9th\u00e9r\u00e9s lest\u00e9s de grosses bottes, il joue \u00e0 cloche-pieds parmi les nombreuses\u00a0 flaques, cadeaux d&rsquo;une surabondance de giboul\u00e9es. Je contemple, morose, depuis ma fen\u00eatre, cette grisaille ruisselante. Certes, [&hellip;]<\/p>\n","protected":false},"author":1,"featured_media":0,"comment_status":"open","ping_status":"open","sticky":false,"template":"","format":"standard","meta":{"footnotes":""},"categories":[35],"tags":[941,85,440,798,122,335],"class_list":["post-18678","post","type-post","status-publish","format-standard","hentry","category-haikus-haibuns","tag-fleur-de-cerisier","tag-haibun","tag-printemps","tag-prunier","tag-soleil","tag-tramontane"],"_links":{"self":[{"href":"https:\/\/martinemrichard.fr\/blog\/index.php?rest_route=\/wp\/v2\/posts\/18678","targetHints":{"allow":["GET"]}}],"collection":[{"href":"https:\/\/martinemrichard.fr\/blog\/index.php?rest_route=\/wp\/v2\/posts"}],"about":[{"href":"https:\/\/martinemrichard.fr\/blog\/index.php?rest_route=\/wp\/v2\/types\/post"}],"author":[{"embeddable":true,"href":"https:\/\/martinemrichard.fr\/blog\/index.php?rest_route=\/wp\/v2\/users\/1"}],"replies":[{"embeddable":true,"href":"https:\/\/martinemrichard.fr\/blog\/index.php?rest_route=%2Fwp%2Fv2%2Fcomments&post=18678"}],"version-history":[{"count":14,"href":"https:\/\/martinemrichard.fr\/blog\/index.php?rest_route=\/wp\/v2\/posts\/18678\/revisions"}],"predecessor-version":[{"id":18750,"href":"https:\/\/martinemrichard.fr\/blog\/index.php?rest_route=\/wp\/v2\/posts\/18678\/revisions\/18750"}],"wp:attachment":[{"href":"https:\/\/martinemrichard.fr\/blog\/index.php?rest_route=%2Fwp%2Fv2%2Fmedia&parent=18678"}],"wp:term":[{"taxonomy":"category","embeddable":true,"href":"https:\/\/martinemrichard.fr\/blog\/index.php?rest_route=%2Fwp%2Fv2%2Fcategories&post=18678"},{"taxonomy":"post_tag","embeddable":true,"href":"https:\/\/martinemrichard.fr\/blog\/index.php?rest_route=%2Fwp%2Fv2%2Ftags&post=18678"}],"curies":[{"name":"wp","href":"https:\/\/api.w.org\/{rel}","templated":true}]}}