{"id":1886,"date":"2011-06-21T18:53:06","date_gmt":"2011-06-21T16:53:06","guid":{"rendered":"http:\/\/martinemrichard.fr\/blog\/?p=1886"},"modified":"2011-06-21T19:00:42","modified_gmt":"2011-06-21T17:00:42","slug":"les-artistiques-de-banat-suite-et-fin","status":"publish","type":"post","link":"https:\/\/martinemrichard.fr\/blog\/?p=1886","title":{"rendered":"Les Artistiques de Banat, suite et fin"},"content":{"rendered":"<p style=\"text-align: justify;\">Bien que l&rsquo;apr\u00e8s midi f\u00fbt tr\u00e8s ensoleill\u00e9, nous n&rsquo;attendions pas grand monde avant 15h. Nous f\u00fbmes <a href=\"https:\/\/martinemrichard.fr\/blog\/wp-content\/uploads\/2011\/06\/sentier-art-1.jpg\"><img loading=\"lazy\" decoding=\"async\" class=\"alignleft size-thumbnail wp-image-1890\" title=\"sentier art\" src=\"https:\/\/martinemrichard.fr\/blog\/wp-content\/uploads\/2011\/06\/sentier-art-1-150x150.jpg\" alt=\"\" width=\"150\" height=\"150\" \/><\/a>plusieurs \u00e0 manifester le d\u00e9sir de d\u00e9couvrir <a href=\"http:\/\/www.ariegenews.com\/ariege\/news-18523.html\">le <strong>SENTIER D&rsquo;ART<\/strong><\/a> des Artistiques de Banat.\u00a0 Confiant nos stands \u00e0 <a href=\"http:\/\/jacquesdehee.e-monsite.com\/\">Jacques Dehee <\/a>, nous descend\u00eemes vers le rond point d&rsquo;o\u00f9 part la route menant au village ( pr\u00e8s d&rsquo;un Mus\u00e9e de la pr\u00e9histoire).\u00a0 Une centaine de m\u00e8tres \u00e0 peine de marche tranquille, et nous attaqu\u00e2mes un petit chemin velout\u00e9\u00a0 d&rsquo;herbes r\u00e9cemment fauch\u00e9es.<a href=\"https:\/\/martinemrichard.fr\/blog\/wp-content\/uploads\/2011\/06\/banat-171.jpg\"><img loading=\"lazy\" decoding=\"async\" class=\"alignright size-medium wp-image-1891\" title=\"banat 17\" src=\"https:\/\/martinemrichard.fr\/blog\/wp-content\/uploads\/2011\/06\/banat-171-300x225.jpg\" alt=\"\" width=\"300\" height=\"225\" srcset=\"https:\/\/martinemrichard.fr\/blog\/wp-content\/uploads\/2011\/06\/banat-171-300x225.jpg 300w, https:\/\/martinemrichard.fr\/blog\/wp-content\/uploads\/2011\/06\/banat-171-1024x768.jpg 1024w\" sizes=\"auto, (max-width: 300px) 100vw, 300px\" \/><\/a> Un \u00e9trange animal nous accueillit d&rsquo;un rire muet., sculpture originale piquant d\u00e9licieusement notre curiosit\u00e9. Le trac\u00e9, balis\u00e9 et prot\u00e9g\u00e9, grimpait un peu gaillardement \u00e0 l&rsquo;assaut de la montagne ,mais sans m\u00e9chancet\u00e9. Nous avions tous des chaussures adapt\u00e9es, alors&#8230; en avant toute!\u00a0 Par endroit des sortes de marches sollicitaient un peu trop mes muscles paresseux. Mais cela valait le coup.<a href=\"https:\/\/martinemrichard.fr\/blog\/wp-content\/uploads\/2011\/06\/banat-18.jpg\"><img loading=\"lazy\" decoding=\"async\" class=\"alignleft size-medium wp-image-1893\" title=\"banat 18\" src=\"https:\/\/martinemrichard.fr\/blog\/wp-content\/uploads\/2011\/06\/banat-18-225x300.jpg\" alt=\"\" width=\"225\" height=\"300\" srcset=\"https:\/\/martinemrichard.fr\/blog\/wp-content\/uploads\/2011\/06\/banat-18-225x300.jpg 225w, https:\/\/martinemrichard.fr\/blog\/wp-content\/uploads\/2011\/06\/banat-18-768x1024.jpg 768w, https:\/\/martinemrichard.fr\/blog\/wp-content\/uploads\/2011\/06\/banat-18.jpg 1785w\" sizes=\"auto, (max-width: 225px) 100vw, 225px\" \/><\/a> Tant\u00f4t \u00e0 droite, tant\u00f4t \u00e0 gauche, au -dessus de nos t\u00eates, des \u0153uvres nous surprenaient, nous \u00e9merveillaient, faisaient na\u00eetre un sourire ou un rire&#8230; Du talent, une grande imagination, de la po\u00e9sie o\u00f9 la tendresse et l&rsquo;humour s&#8217;embrassaient\u00a0 avec bonheur. Quelle heureuse initiative!<a href=\"https:\/\/martinemrichard.fr\/blog\/wp-content\/uploads\/2011\/06\/banat-19.jpg\"><img loading=\"lazy\" decoding=\"async\" class=\"alignright size-medium wp-image-1895\" title=\"banat 19\" src=\"https:\/\/martinemrichard.fr\/blog\/wp-content\/uploads\/2011\/06\/banat-19-225x300.jpg\" alt=\"\" width=\"225\" height=\"300\" srcset=\"https:\/\/martinemrichard.fr\/blog\/wp-content\/uploads\/2011\/06\/banat-19-225x300.jpg 225w, https:\/\/martinemrichard.fr\/blog\/wp-content\/uploads\/2011\/06\/banat-19-768x1024.jpg 768w, https:\/\/martinemrichard.fr\/blog\/wp-content\/uploads\/2011\/06\/banat-19.jpg 1785w\" sizes=\"auto, (max-width: 225px) 100vw, 225px\" \/><\/a> La randonn\u00e9es ( une petite demi-heure) serpentait entre les p\u00e2tures ( quelques vaches nous ont ignor\u00e9s, tr\u00e8s occup\u00e9es \u00e0 ruminer), des statuettes, des c\u00e9ramiques, des peintures sur les rochers ou des cailloux scell\u00e9s, du bois, du m\u00e9tal&#8230;<\/p>\n<p style=\"text-align: justify;\"><a href=\"https:\/\/martinemrichard.fr\/blog\/wp-content\/uploads\/2011\/06\/banat-353.jpg\"><img loading=\"lazy\" decoding=\"async\" class=\"alignright size-medium wp-image-1911\" title=\"banat 35\" src=\"https:\/\/martinemrichard.fr\/blog\/wp-content\/uploads\/2011\/06\/banat-353-225x300.jpg\" alt=\"\" width=\"225\" height=\"300\" srcset=\"https:\/\/martinemrichard.fr\/blog\/wp-content\/uploads\/2011\/06\/banat-353-225x300.jpg 225w, https:\/\/martinemrichard.fr\/blog\/wp-content\/uploads\/2011\/06\/banat-353-768x1024.jpg 768w, https:\/\/martinemrichard.fr\/blog\/wp-content\/uploads\/2011\/06\/banat-353.jpg 1982w\" sizes=\"auto, (max-width: 225px) 100vw, 225px\" \/><\/a><\/p>\n<p style=\"text-align: justify;\"><a href=\"https:\/\/martinemrichard.fr\/blog\/wp-content\/uploads\/2011\/06\/banat-203.jpg\"><img loading=\"lazy\" decoding=\"async\" class=\"alignleft size-medium wp-image-1909\" title=\"banat 20\" src=\"https:\/\/martinemrichard.fr\/blog\/wp-content\/uploads\/2011\/06\/banat-203-225x300.jpg\" alt=\"\" width=\"225\" height=\"300\" srcset=\"https:\/\/martinemrichard.fr\/blog\/wp-content\/uploads\/2011\/06\/banat-203-225x300.jpg 225w, https:\/\/martinemrichard.fr\/blog\/wp-content\/uploads\/2011\/06\/banat-203-768x1024.jpg 768w, https:\/\/martinemrichard.fr\/blog\/wp-content\/uploads\/2011\/06\/banat-203.jpg 1586w\" sizes=\"auto, (max-width: 225px) 100vw, 225px\" \/><\/a><\/p>\n<p style=\"text-align: justify;\">\n<p style=\"text-align: justify;\">\n<p style=\"text-align: justify;\">\n<p style=\"text-align: justify;\">\n<p style=\"text-align: justify;\">\n<p style=\"text-align: justify;\">\n<p style=\"text-align: justify;\">\n<p style=\"text-align: justify;\">\n<p style=\"text-align: justify;\">\n<p style=\"text-align: justify;\">\n<p style=\"text-align: justify;\">\n<p style=\"text-align: justify;\">\n<p style=\"text-align: justify;\">\n<p style=\"text-align: justify;\">\n<p style=\"text-align: justify;\">\n<p style=\"text-align: justify;\">\n<p style=\"text-align: justify;\">\n<p style=\"text-align: justify;\">\n<p style=\"text-align: justify;\">En fin de parcours, la fra\u00eecheur d&rsquo;un ruisseau racontait sans doute la l\u00e9gende de <a href=\"http:\/\/fr.wikipedia.org\/wiki\/Pyr%C3%A8ne_%28mythologie%29\"><strong>Pyr\u00e8ne <\/strong><\/a>.<\/p>\n<p style=\"text-align: justify;\"><a href=\"https:\/\/martinemrichard.fr\/blog\/wp-content\/uploads\/2011\/06\/banat-36.jpg\"><img loading=\"lazy\" decoding=\"async\" class=\"alignleft size-medium wp-image-1915\" title=\"banat 36\" src=\"https:\/\/martinemrichard.fr\/blog\/wp-content\/uploads\/2011\/06\/banat-36-300x225.jpg\" alt=\"\" width=\"300\" height=\"225\" srcset=\"https:\/\/martinemrichard.fr\/blog\/wp-content\/uploads\/2011\/06\/banat-36-300x225.jpg 300w, https:\/\/martinemrichard.fr\/blog\/wp-content\/uploads\/2011\/06\/banat-36-1024x768.jpg 1024w\" sizes=\"auto, (max-width: 300px) 100vw, 300px\" \/><\/a><\/p>\n<p style=\"text-align: justify;\">\n<p style=\"text-align: justify;\">\n<p style=\"text-align: justify;\">\n<p style=\"text-align: justify;\">\n<p style=\"text-align: justify;\">\n<p style=\"text-align: justify;\">\n<p style=\"text-align: justify;\">\n<p style=\"text-align: justify;\">\n<p style=\"text-align: justify;\">\n<p style=\"text-align: justify;\">\n<p style=\"text-align: justify;\">\n<p style=\"text-align: justify;\">Un dernier arr\u00eat aupr\u00e8s d&rsquo;un groupe de sculptures, toujours aussi \u00e9tonnantes et pittoresques, nous retrouv\u00e2mes les premi\u00e8res maisons. Vieilles pierres, Jardins de toute beaut\u00e9 bruissant d&rsquo;abeilles, de bourdons et papillons&#8230; <a href=\"https:\/\/martinemrichard.fr\/blog\/wp-content\/uploads\/2011\/06\/banat-32.jpg\"><img loading=\"lazy\" decoding=\"async\" class=\"alignright size-thumbnail wp-image-1918\" title=\"banat 32\" src=\"https:\/\/martinemrichard.fr\/blog\/wp-content\/uploads\/2011\/06\/banat-32-150x150.jpg\" alt=\"\" width=\"150\" height=\"150\" \/><\/a><\/p>\n<p style=\"text-align: justify;\">Je d\u00e9couvris celui-ci presque dans le passage de notre chapiteau. J&rsquo;ai cru que c&rsquo;\u00e9tait un euplagia quadripunctaria. Mais celui-ci \u00e0 des pois au lieu de rayures. Si quelqu&rsquo;un peut me renseigner, merci. D\u00e9licatement, gr\u00e2ce \u00e0 une herbe,\u00a0 je le mis \u00e0 l&rsquo;abri. Le lendemain, il avait disparu.<\/p>\n<p style=\"text-align: justify;\">A la suite de cette promenade, je regardai la libellule de Kiko, d&rsquo;un autre <a href=\"https:\/\/martinemrichard.fr\/blog\/wp-content\/uploads\/2011\/06\/banat-33.jpg\"><img loading=\"lazy\" decoding=\"async\" class=\"alignleft size-medium wp-image-1921\" title=\"banat 33\" src=\"https:\/\/martinemrichard.fr\/blog\/wp-content\/uploads\/2011\/06\/banat-33-300x225.jpg\" alt=\"\" width=\"300\" height=\"225\" srcset=\"https:\/\/martinemrichard.fr\/blog\/wp-content\/uploads\/2011\/06\/banat-33-300x225.jpg 300w, https:\/\/martinemrichard.fr\/blog\/wp-content\/uploads\/2011\/06\/banat-33-1024x768.jpg 1024w\" sizes=\"auto, (max-width: 300px) 100vw, 300px\" \/><\/a><a href=\"https:\/\/martinemrichard.fr\/blog\/wp-content\/uploads\/2011\/06\/banat-21.jpg\"><img loading=\"lazy\" decoding=\"async\" class=\"alignright size-medium wp-image-1923\" title=\"banat 21\" src=\"https:\/\/martinemrichard.fr\/blog\/wp-content\/uploads\/2011\/06\/banat-21-300x225.jpg\" alt=\"\" width=\"300\" height=\"225\" srcset=\"https:\/\/martinemrichard.fr\/blog\/wp-content\/uploads\/2011\/06\/banat-21-300x225.jpg 300w, https:\/\/martinemrichard.fr\/blog\/wp-content\/uploads\/2011\/06\/banat-21-1024x768.jpg 1024w\" sizes=\"auto, (max-width: 300px) 100vw, 300px\" \/><\/a>\u0153il.<\/p>\n<p style=\"text-align: justify;\">\n<p style=\"text-align: justify;\">\n<p style=\"text-align: justify;\">\n<p style=\"text-align: justify;\">\n<p style=\"text-align: justify;\">\n<p style=\"text-align: justify;\">\n<p style=\"text-align: justify;\">\n<p style=\"text-align: justify;\">\n<p style=\"text-align: justify;\">\n<p style=\"text-align: justify;\">\n<p style=\"text-align: justify;\">\n<p style=\"text-align: justify;\">\n<p style=\"text-align: justify;\">\n<p style=\"text-align: justify;\">\n<p style=\"text-align: justify;\">\n<p style=\"text-align: justify;\">\n<p style=\"text-align: justify;\">\n<p style=\"text-align: justify;\">\n<p style=\"text-align: justify;\">\n<p style=\"text-align: justify;\">\n<p style=\"text-align: justify;\">\n<p style=\"text-align: justify;\">\n<p style=\"text-align: justify;\">\n<p style=\"text-align: justify;\">Le jardin de Roselyne \u00e9tait tr\u00e8s anim\u00e9. Des couples se promenaient de tableaux en tableaux, posant parfois des questions, prenant une carte. L&rsquo;orgue de barbarie nous tint compagnie un long moment .<\/p>\n<p style=\"text-align: justify;\">\n<p style=\"text-align: justify;\">\n<p style=\"text-align: justify;\">\n<p style=\"text-align: justify;\">\n<p style=\"text-align: justify;\">\n<p style=\"text-align: justify;\">\n<p style=\"text-align: justify;\">\n<p style=\"text-align: justify;\">\n<p style=\"text-align: justify;\">\n<p style=\"text-align: justify;\">\n<p style=\"text-align: justify;\">\n<p style=\"text-align: justify;\">\n<p style=\"text-align: justify;\">\n<p style=\"text-align: justify;\"><a href=\"https:\/\/martinemrichard.fr\/blog\/wp-content\/uploads\/2011\/06\/banat-37-1.jpg\"><img loading=\"lazy\" decoding=\"async\" class=\"alignright size-medium wp-image-1927\" title=\"banat 37\" src=\"https:\/\/martinemrichard.fr\/blog\/wp-content\/uploads\/2011\/06\/banat-37-1-300x225.jpg\" alt=\"\" width=\"300\" height=\"225\" srcset=\"https:\/\/martinemrichard.fr\/blog\/wp-content\/uploads\/2011\/06\/banat-37-1-300x225.jpg 300w, https:\/\/martinemrichard.fr\/blog\/wp-content\/uploads\/2011\/06\/banat-37-1-1024x768.jpg 1024w\" sizes=\"auto, (max-width: 300px) 100vw, 300px\" \/><\/a><\/p>\n<p style=\"text-align: justify;\">\n<p style=\"text-align: justify;\">\n<p style=\"text-align: justify;\">\n<p style=\"text-align: justify;\">\n<p style=\"text-align: justify;\">\n<p style=\"text-align: justify;\">\n<p style=\"text-align: justify;\">\n<p style=\"text-align: justify;\"><a href=\"https:\/\/martinemrichard.fr\/blog\/wp-content\/uploads\/2011\/06\/banat-38-.jpg\"><img loading=\"lazy\" decoding=\"async\" class=\"alignleft size-thumbnail wp-image-1928\" title=\"banat 38\" src=\"https:\/\/martinemrichard.fr\/blog\/wp-content\/uploads\/2011\/06\/banat-38--150x150.jpg\" alt=\"\" width=\"150\" height=\"150\" \/><\/a><\/p>\n<p style=\"text-align: justify;\">\n<p style=\"text-align: justify;\">\n<p style=\"text-align: justify;\">\n<p style=\"text-align: justify;\">\n<p style=\"text-align: justify;\">\n<p style=\"text-align: justify;\">\n<p style=\"text-align: justify;\">\n<p style=\"text-align: justify;\">\n<p style=\"text-align: justify;\">\n<p style=\"text-align: justify;\">\n<p style=\"text-align: justify;\">\n<p style=\"text-align: justify;\">\n<p style=\"text-align: justify;\">\n<p style=\"text-align: justify;\">\n<p style=\"text-align: justify;\">\n<p style=\"text-align: justify;\">\n<p style=\"text-align: justify;\">\n<p style=\"text-align: justify;\">\n<p style=\"text-align: justify;\">Vers 18h, le calme revenu, l&rsquo;\u00e9crivain <a href=\"http:\/\/www.ariegeartbanat.com\/page-d-accueil\/les-artistes-de-l-association\/pierre-jean-brassac\/\"><strong>Pierre Jean Brassac<\/strong><\/a> proposa un jeu assez sympa. Chaises plac\u00e9es en fer \u00e0 cheval, amis, artistes&#8230; s&rsquo;install\u00e8rent, chacun muni d&rsquo;un crayon et d&rsquo;une feuille. Pierre Jean ouvrit une mallette o\u00f9 ,\u00e0 tour de r\u00f4le, il nous fit piocher 8 bouts de papiers., c&rsquo;est \u00e0 dire 8 mots ou groupe de mots. Le th\u00e8me \u00e9tant inspir\u00e9 par Banat , ses environs et les Artistiques de Banat.\u00a0 Nous d\u00fbmes \u00e9crire une phrase avec nos \u00e9l\u00e9ments, parfois tr\u00e8s disparates. \ud83d\ude42 Comme dirait Hercule Poirot, nous avons fait travailler nos petites cellules grises. Rire et bonne humeur pour attendre 19h, le repas entre artistes et organisateurs. Le lundi\u00a0 , j&rsquo;ouvris mes volets sur la grisaille, l&rsquo;atmosph\u00e8re satur\u00e9e d&rsquo;humidit\u00e9. Il avait plu dans la nuit. Je craignais pour mes pastels.\u00a0 Un trou dans la toile, juste au dessus d&rsquo;un petit format\u00a0 avait mouill\u00e9 un cadre. Un coup de chiffon r\u00e9para les d\u00e9g\u00e2ts mineurs. Ouf, j&rsquo;avais eu peur.<\/p>\n<p style=\"text-align: justify;\"><a href=\"https:\/\/martinemrichard.fr\/blog\/wp-content\/uploads\/2011\/06\/banat-39.jpg\"><img loading=\"lazy\" decoding=\"async\" class=\"alignleft size-medium wp-image-1938\" title=\"banat 39\" src=\"https:\/\/martinemrichard.fr\/blog\/wp-content\/uploads\/2011\/06\/banat-39-300x225.jpg\" alt=\"\" width=\"300\" height=\"225\" srcset=\"https:\/\/martinemrichard.fr\/blog\/wp-content\/uploads\/2011\/06\/banat-39-300x225.jpg 300w, https:\/\/martinemrichard.fr\/blog\/wp-content\/uploads\/2011\/06\/banat-39-1024x768.jpg 1024w\" sizes=\"auto, (max-width: 300px) 100vw, 300px\" \/><\/a> <a href=\"https:\/\/martinemrichard.fr\/blog\/wp-content\/uploads\/2011\/06\/banat-23.jpg\"><img loading=\"lazy\" decoding=\"async\" class=\"alignright size-thumbnail wp-image-1939\" title=\"banat 23\" src=\"https:\/\/martinemrichard.fr\/blog\/wp-content\/uploads\/2011\/06\/banat-23-150x150.jpg\" alt=\"\" width=\"150\" height=\"150\" \/><\/a>Ph\u00e9bus eut piti\u00e9 de nous, pauvres artistes. Il revint  s\u00e9cher et regonfler le moral des troupes. La musique D&rsquo;Alain Bosquet et de son accord\u00e9oniste rythma joyeusement le d\u00e9jeuner puis l&rsquo;apr\u00e8s-midi.<\/p>\n<p style=\"text-align: justify;\">.<\/p>\n<p style=\"text-align: justify;\">.<\/p>\n<p style=\"text-align: justify;\"><a href=\"https:\/\/martinemrichard.fr\/blog\/wp-content\/uploads\/2011\/06\/banat-24.jpg\"><img loading=\"lazy\" decoding=\"async\" class=\"alignleft size-medium wp-image-1945\" title=\"banat 24\" src=\"https:\/\/martinemrichard.fr\/blog\/wp-content\/uploads\/2011\/06\/banat-24-300x225.jpg\" alt=\"\" width=\"300\" height=\"225\" srcset=\"https:\/\/martinemrichard.fr\/blog\/wp-content\/uploads\/2011\/06\/banat-24-300x225.jpg 300w, https:\/\/martinemrichard.fr\/blog\/wp-content\/uploads\/2011\/06\/banat-24-1024x768.jpg 1024w\" sizes=\"auto, (max-width: 300px) 100vw, 300px\" \/><\/a> <a href=\"https:\/\/martinemrichard.fr\/blog\/wp-content\/uploads\/2011\/06\/banat-411.jpg\"><img loading=\"lazy\" decoding=\"async\" class=\"alignright size-medium wp-image-1946\" title=\"banat 41\" src=\"https:\/\/martinemrichard.fr\/blog\/wp-content\/uploads\/2011\/06\/banat-411-225x300.jpg\" alt=\"\" width=\"225\" height=\"300\" srcset=\"https:\/\/martinemrichard.fr\/blog\/wp-content\/uploads\/2011\/06\/banat-411-225x300.jpg 225w, https:\/\/martinemrichard.fr\/blog\/wp-content\/uploads\/2011\/06\/banat-411-768x1024.jpg 768w, https:\/\/martinemrichard.fr\/blog\/wp-content\/uploads\/2011\/06\/banat-411.jpg 1785w\" sizes=\"auto, (max-width: 225px) 100vw, 225px\" \/><\/a>Celui-ci se d\u00e9roula plaisant. Des amateurs\u00a0\u00a0 se succ\u00e9daient . Certaines ventes ont lieu mais, malheureusement pas sous notre barnum. Vers 17h30 eut lieu le tirage de la tombola. Roselyne et \u00c9velyne dans\u00e8rent sur les notes de guitare et accord\u00e9on.<a href=\"https:\/\/martinemrichard.fr\/blog\/wp-content\/uploads\/2011\/06\/banat-43.jpg\"><img loading=\"lazy\" decoding=\"async\" class=\"alignleft size-medium wp-image-1948\" title=\"banat 43\" src=\"https:\/\/martinemrichard.fr\/blog\/wp-content\/uploads\/2011\/06\/banat-43-225x300.jpg\" alt=\"\" width=\"225\" height=\"300\" srcset=\"https:\/\/martinemrichard.fr\/blog\/wp-content\/uploads\/2011\/06\/banat-43-225x300.jpg 225w, https:\/\/martinemrichard.fr\/blog\/wp-content\/uploads\/2011\/06\/banat-43-768x1024.jpg 768w, https:\/\/martinemrichard.fr\/blog\/wp-content\/uploads\/2011\/06\/banat-43.jpg 1982w\" sizes=\"auto, (max-width: 225px) 100vw, 225px\" \/><\/a><\/p>\n<p style=\"text-align: justify;\">Mon Cher et Tendre m&rsquo;attendait pr\u00e8s de mes \u0153uvres d\u00e9croch\u00e9es. Il \u00e9tait temps d&#8217;emballer et de rentrer \u00e0 la maison&#8230;<\/p>\n<p style=\"text-align: justify;\">Trois journ\u00e9es riches de convivialit\u00e9, de bonne humeur, d&rsquo;amiti\u00e9 que je garderai au chaud au fond du c\u0153ur&#8230;<\/p>\n<p style=\"text-align: justify;\">La cr\u00e9ation du sentier <a href=\"http:\/\/www.ariegeartbanat.com\/le-sentier-d-art\/\"><strong>ici<\/strong><\/a><\/p>\n<p style=\"text-align: justify;\">Les artistes de l&rsquo;association:<a href=\"http:\/\/www.ariegeartbanat.com\/page-d-accueil\/les-artistes-de-l-association\/\"><strong> ici<\/strong><\/a><\/p>\n<p style=\"text-align: justify;\">Les photos prises pendant ces trois jours:<a href=\"http:\/\/www.ariegeartbanat.com\/photos-pentec%C3%B4te-2011\/\"><strong> ici<\/strong><\/a><\/p>\n<p style=\"text-align: justify;\"><strong><a href=\"http:\/\/www.ariegeartbanat.com\/nos-manifestations-2011\/pentec%C3%B4te-2011-1\/artistes-participants\/\">Les exposants: <\/a><\/strong><a href=\"http:\/\/www.ariegeartbanat.com\/nos-manifestations-2011\/pentec%C3%B4te-2011-1\/artistes-participants\/\"><br \/>\n<\/a><\/p>\n<p style=\"text-align: justify;\">MMR ( tous droits r\u00e9serv\u00e9s<\/p>\n<p style=\"text-align: justify;\">\n<p style=\"text-align: justify;\">\n<p style=\"text-align: justify;\">\n<p style=\"text-align: justify;\">\n<p style=\"text-align: justify;\">\n<p style=\"text-align: justify;\">\n<p style=\"text-align: justify;\">\n<p style=\"text-align: justify;\">\n<p style=\"text-align: justify;\">\n<p style=\"text-align: justify;\">\n<p style=\"text-align: justify;\">\n<p style=\"text-align: justify;\">\n<p style=\"text-align: justify;\">\n<p style=\"text-align: justify;\">\n<p style=\"text-align: justify;\">\n<p style=\"text-align: justify;\">\n<p style=\"text-align: justify;\">\n<p style=\"text-align: justify;\">\n<p style=\"text-align: justify;\">\n<p style=\"text-align: justify;\">\n<p style=\"text-align: justify;\">\n<p style=\"text-align: justify;\">\n<p style=\"text-align: justify;\">\n<p style=\"text-align: justify;\">\n<p style=\"text-align: justify;\">\n<p style=\"text-align: justify;\">\n<p style=\"text-align: justify;\">\n<p style=\"text-align: justify;\">\n<p style=\"text-align: justify;\">\n<p style=\"text-align: justify;\">\n<p style=\"text-align: justify;\">\n<p style=\"text-align: justify;\">\n<p style=\"text-align: justify;\">\n<p style=\"text-align: justify;\">\n<p style=\"text-align: justify;\">\n<p style=\"text-align: justify;\">\n<p style=\"text-align: justify;\">\n<p style=\"text-align: justify;\">\n<p style=\"text-align: justify;\">\n<p style=\"text-align: justify;\">\n<p style=\"text-align: justify;\">\n<p style=\"text-align: justify;\">\n<p style=\"text-align: justify;\">\n<p style=\"text-align: justify;\">\n<p style=\"text-align: justify;\">\n<p style=\"text-align: justify;\">\n<p style=\"text-align: justify;\">\n<p style=\"text-align: justify;\">\n<p style=\"text-align: justify;\">\n<p style=\"text-align: justify;\">\n<p style=\"text-align: justify;\">\n","protected":false},"excerpt":{"rendered":"<p>Bien que l&rsquo;apr\u00e8s midi f\u00fbt tr\u00e8s ensoleill\u00e9, nous n&rsquo;attendions pas grand monde avant 15h. Nous f\u00fbmes plusieurs \u00e0 manifester le d\u00e9sir de d\u00e9couvrir le SENTIER D&rsquo;ART des Artistiques de Banat.\u00a0 Confiant nos stands \u00e0 Jacques Dehee , nous descend\u00eemes vers le rond point d&rsquo;o\u00f9 part la route menant au village ( pr\u00e8s d&rsquo;un Mus\u00e9e de [&hellip;]<\/p>\n","protected":false},"author":1,"featured_media":0,"comment_status":"open","ping_status":"open","sticky":false,"template":"","format":"standard","meta":{"footnotes":""},"categories":[34],"tags":[42,17,39],"class_list":["post-1886","post","type-post","status-publish","format-standard","hentry","category-expositions","tag-artistes","tag-exposition","tag-peinture"],"_links":{"self":[{"href":"https:\/\/martinemrichard.fr\/blog\/index.php?rest_route=\/wp\/v2\/posts\/1886","targetHints":{"allow":["GET"]}}],"collection":[{"href":"https:\/\/martinemrichard.fr\/blog\/index.php?rest_route=\/wp\/v2\/posts"}],"about":[{"href":"https:\/\/martinemrichard.fr\/blog\/index.php?rest_route=\/wp\/v2\/types\/post"}],"author":[{"embeddable":true,"href":"https:\/\/martinemrichard.fr\/blog\/index.php?rest_route=\/wp\/v2\/users\/1"}],"replies":[{"embeddable":true,"href":"https:\/\/martinemrichard.fr\/blog\/index.php?rest_route=%2Fwp%2Fv2%2Fcomments&post=1886"}],"version-history":[{"count":42,"href":"https:\/\/martinemrichard.fr\/blog\/index.php?rest_route=\/wp\/v2\/posts\/1886\/revisions"}],"predecessor-version":[{"id":1953,"href":"https:\/\/martinemrichard.fr\/blog\/index.php?rest_route=\/wp\/v2\/posts\/1886\/revisions\/1953"}],"wp:attachment":[{"href":"https:\/\/martinemrichard.fr\/blog\/index.php?rest_route=%2Fwp%2Fv2%2Fmedia&parent=1886"}],"wp:term":[{"taxonomy":"category","embeddable":true,"href":"https:\/\/martinemrichard.fr\/blog\/index.php?rest_route=%2Fwp%2Fv2%2Fcategories&post=1886"},{"taxonomy":"post_tag","embeddable":true,"href":"https:\/\/martinemrichard.fr\/blog\/index.php?rest_route=%2Fwp%2Fv2%2Ftags&post=1886"}],"curies":[{"name":"wp","href":"https:\/\/api.w.org\/{rel}","templated":true}]}}