{"id":19267,"date":"2025-03-02T04:37:58","date_gmt":"2025-03-02T03:37:58","guid":{"rendered":"https:\/\/martinemrichard.fr\/blog\/?p=19267"},"modified":"2025-03-02T04:37:58","modified_gmt":"2025-03-02T03:37:58","slug":"un-jour-dete","status":"publish","type":"post","link":"https:\/\/martinemrichard.fr\/blog\/?p=19267","title":{"rendered":"Un jour d&rsquo;\u00e9t\u00e9"},"content":{"rendered":"<p><em>Pour la page 245 de <a href=\"https:\/\/imagesreves.blogspot.com\/2025\/02\/pour-la-page-245.html\"><span style=\"color: #800080;\"><strong>l&rsquo;Herbier de po\u00e9sies<\/strong><\/span><\/a> , <a href=\"https:\/\/le-champ-du-souffle.blogspot.com\/\"><span style=\"color: #800080;\"><strong>Adamante<\/strong><\/span><\/a>, nous propose d\u2019\u00e9crire sur une photo d&rsquo;<a href=\"https:\/\/jardin-des-mots.eklablog.com\/\"><span style=\"color: #800080;\"><strong>ABC<\/strong><\/span><\/a>. Ci-dessous, ce que cela m&rsquo;a inspir\u00e9:<\/em><\/p>\n<p><img loading=\"lazy\" decoding=\"async\" class=\"alignright size-full wp-image-19268\" src=\"https:\/\/martinemrichard.fr\/blog\/wp-content\/uploads\/2025\/02\/abc_photo.jpg\" alt=\"\" width=\"373\" height=\"640\" srcset=\"https:\/\/martinemrichard.fr\/blog\/wp-content\/uploads\/2025\/02\/abc_photo.jpg 373w, https:\/\/martinemrichard.fr\/blog\/wp-content\/uploads\/2025\/02\/abc_photo-175x300.jpg 175w\" sizes=\"auto, (max-width: 373px) 100vw, 373px\" \/><\/p>\n<p>Un jour d&rsquo;\u00e9t\u00e9 sous un ciel merveilleux. Celui-ci est bleu! Mais bleu! C&rsquo;est un v\u00e9ritable oc\u00e9an de bonne humeur. Le temps est id\u00e9al pour une agr\u00e9able promenade en for\u00eat.<\/p>\n<p>Oriane et Lubin,* ( que l&rsquo;on pourrait surnommer:\u00a0 les jumeaux terribles), sont revenus indemnes de leur vir\u00e9e \u00e0 dos de licorne. Apr\u00e8s un sermon fulminant de leur p\u00e8re, et les embrassades arros\u00e9es de larmes de leur m\u00e8re, les deux cabochards sont confin\u00e9s dans leur chambre. Ils ne peuvent sortir que pour les corv\u00e9es d\u2019\u00e9pluchage des l\u00e9gumes, l&rsquo;entretien du potager, ou encore tirer de l&rsquo;eau au puits.<\/p>\n<p style=\"text-align: left;\">Balades au placard-<\/p>\n<p style=\"text-align: left;\">sous un ciel sans nuages<\/p>\n<p style=\"text-align: left;\">l&rsquo;eau coule&#8230; des yeux<\/p>\n<p>L&rsquo;ambiance est plut\u00f4t morose. Mieux vaut faire profil bas. Et puis, au bout de plusieurs jours de ce r\u00e9gime, constatant que ses rejetons sont ob\u00e9issants et sages, le chef de famille l\u00e8ve la punition. Les deux galopins fous de joie se pr\u00e9cipitent \u00e0 l&rsquo;ext\u00e9rieur, crient, rient, se poursuivent, bousculant le chant des oiseaux, les caqu\u00e8tements des poules et les aboiements du chien surexcit\u00e9 par leurs jeux.<\/p>\n<p>A l&rsquo;or\u00e9e de la for\u00eat, un grand arbre dess\u00e9ch\u00e9 se morfond, enviant cette exub\u00e9rance, cette vitalit\u00e9 qui lui font d\u00e9faut.\u00a0 Ce que tout le monde ignore, vu son age canonique, c&rsquo;est qu&rsquo;en son sein un homme est prisonnier, victime d&rsquo;un sortil\u00e8ge. Sa forme \u00e9trange pourrait alerter un \u0153il expert: une t\u00eate, un torse, un bras tendu amor\u00e7ant une supplique.<\/p>\n<p style=\"text-align: left;\">Soleil estival-<\/p>\n<p style=\"text-align: left;\">le vent emporte un secret<\/p>\n<p style=\"text-align: left;\">craquements d&rsquo;\u00e9corce<\/p>\n<p>.<\/p>\n<p>* Ces deux personnages sortis de mon imagination ont vu le jour\u00a0 dans un post pr\u00e9c\u00e9dent:<a href=\"https:\/\/martinemrichard.fr\/blog\/?p=19025\"><span style=\"color: #0000ff;\"><strong> ICI<\/strong> <\/span><\/a><\/p>\n<p style=\"text-align: center;\">.<\/p>\n","protected":false},"excerpt":{"rendered":"<p>Pour la page 245 de l&rsquo;Herbier de po\u00e9sies , Adamante, nous propose d\u2019\u00e9crire sur une photo d&rsquo;ABC. Ci-dessous, ce que cela m&rsquo;a inspir\u00e9: Un jour d&rsquo;\u00e9t\u00e9 sous un ciel merveilleux. Celui-ci est bleu! Mais bleu! C&rsquo;est un v\u00e9ritable oc\u00e9an de bonne humeur. Le temps est id\u00e9al pour une agr\u00e9able promenade en for\u00eat. Oriane et Lubin,* [&hellip;]<\/p>\n","protected":false},"author":1,"featured_media":0,"comment_status":"open","ping_status":"open","sticky":false,"template":"","format":"standard","meta":{"footnotes":""},"categories":[900],"tags":[132,61,1637,160,228,85,1192,1364],"class_list":["post-19267","post","type-post","status-publish","format-standard","hentry","category-lherbier-de-poesie","tag-arbre","tag-bleu","tag-enfants","tag-ete","tag-foret","tag-haibun","tag-secret","tag-sortileges"],"_links":{"self":[{"href":"https:\/\/martinemrichard.fr\/blog\/index.php?rest_route=\/wp\/v2\/posts\/19267","targetHints":{"allow":["GET"]}}],"collection":[{"href":"https:\/\/martinemrichard.fr\/blog\/index.php?rest_route=\/wp\/v2\/posts"}],"about":[{"href":"https:\/\/martinemrichard.fr\/blog\/index.php?rest_route=\/wp\/v2\/types\/post"}],"author":[{"embeddable":true,"href":"https:\/\/martinemrichard.fr\/blog\/index.php?rest_route=\/wp\/v2\/users\/1"}],"replies":[{"embeddable":true,"href":"https:\/\/martinemrichard.fr\/blog\/index.php?rest_route=%2Fwp%2Fv2%2Fcomments&post=19267"}],"version-history":[{"count":27,"href":"https:\/\/martinemrichard.fr\/blog\/index.php?rest_route=\/wp\/v2\/posts\/19267\/revisions"}],"predecessor-version":[{"id":19383,"href":"https:\/\/martinemrichard.fr\/blog\/index.php?rest_route=\/wp\/v2\/posts\/19267\/revisions\/19383"}],"wp:attachment":[{"href":"https:\/\/martinemrichard.fr\/blog\/index.php?rest_route=%2Fwp%2Fv2%2Fmedia&parent=19267"}],"wp:term":[{"taxonomy":"category","embeddable":true,"href":"https:\/\/martinemrichard.fr\/blog\/index.php?rest_route=%2Fwp%2Fv2%2Fcategories&post=19267"},{"taxonomy":"post_tag","embeddable":true,"href":"https:\/\/martinemrichard.fr\/blog\/index.php?rest_route=%2Fwp%2Fv2%2Ftags&post=19267"}],"curies":[{"name":"wp","href":"https:\/\/api.w.org\/{rel}","templated":true}]}}