{"id":198,"date":"2010-06-19T08:58:00","date_gmt":"2010-06-19T06:58:00","guid":{"rendered":"http:\/\/martinemrichard.fr\/blog\/?p=198"},"modified":"2012-02-12T06:39:13","modified_gmt":"2012-02-12T05:39:13","slug":"prends-ma-main","status":"publish","type":"post","link":"https:\/\/martinemrichard.fr\/blog\/?p=198","title":{"rendered":"Prends ma main"},"content":{"rendered":"<p style=\"text-align: justify;\"><a href=\"https:\/\/martinemrichard.fr\/blog\/wp-content\/uploads\/2010\/06\/lauriers-au-levant.jpeg\"><img loading=\"lazy\" decoding=\"async\" class=\"alignright size-medium wp-image-199\" title=\"lauriers au levant\" src=\"https:\/\/martinemrichard.fr\/blog\/wp-content\/uploads\/2010\/06\/lauriers-au-levant-224x300.jpg\" alt=\"\" width=\"224\" height=\"300\" srcset=\"https:\/\/martinemrichard.fr\/blog\/wp-content\/uploads\/2010\/06\/lauriers-au-levant-224x300.jpg 224w, https:\/\/martinemrichard.fr\/blog\/wp-content\/uploads\/2010\/06\/lauriers-au-levant-767x1024.jpg 767w, https:\/\/martinemrichard.fr\/blog\/wp-content\/uploads\/2010\/06\/lauriers-au-levant.jpeg 965w\" sizes=\"auto, (max-width: 224px) 100vw, 224px\" \/><\/a>Juin&#8230; 5h10 ou 15&#8230; Voici l&rsquo;instant que je pr\u00e9f\u00e8re. L&rsquo;heure o\u00f9 le r\u00eave replie ses ailes d&rsquo;infini pr\u00e9cieux&#8230; L&rsquo;heure aux mille chants de libert\u00e9 plumes&#8230;<\/p>\n<p style=\"text-align: justify;\">Cher ami Pyc,<\/p>\n<p style=\"text-align: justify;\">Tu es un homme d\u00e9licat, hypersensible, toujours \u00e0 l&rsquo;\u00e9coute des autres&#8230; tes mots, si durs envers toi-m\u00eame, ne sont que tendresse et douceur pour autrui. Tu m&rsquo;as tant donn\u00e9 qu&rsquo;\u00e0 mon tour je d\u00e9sirais te g\u00e2ter un peu. Mais comment? Ma Muse n&rsquo;en fait qu&rsquo;\u00e0 sa t\u00eate depuis plusieurs mois&#8230; Incapable de sortir un po\u00e8me qui me satisfasse, ton dernier commentaire m&rsquo;a tendu une clef. Tu as \u00e9mis ce v\u0153u:\u00a0\u00bb J&rsquo;aimerais te suivre pour que tu me fasses visiter ce beau jardin qui \u00e9veille de si jolis mots en toi!\u00a0\u00bb Alors&#8230; prends ma main pour une visite guid\u00e9e tr\u00e8s priv\u00e9e&#8230;<\/p>\n<p style=\"text-align: justify;\">\u00c9coute&#8230; le silence appartient aux merles. Ils le poin\u00e7onnent de notes cristallines, joyeuses ou imp\u00e9rieuses. Vois, \u00e0 l&rsquo;ourlet du ch\u00e9neau, le mien n&rsquo;est pas en reste. Petit et vindicatif, il garde son territoire, se grandit de trilles \u00e0 faire p\u00e2lir d&rsquo;envie un t\u00e9nor Italien! Concerts fl\u00fbtes, sifflets et claquements de bec, saluent la naissance du jour. L&rsquo;aube assouplit ses harmonies, glissant du bleu de Prusse au c\u00e9ladon&#8230; nacre la Montagne Noire D&rsquo;un timide ros\u00e9&#8230;flatte et abandonne aux premi\u00e8res fl\u00e8ches soleil les courbes de l&rsquo;Alaric.<\/p>\n<p style=\"text-align: justify;\">Respire Pierre-Yves&#8230; lentement&#8230; profond\u00e9ment. Nourris-toi du parler des fleurs, \u00e9charpe mousseline d&rsquo;invisible s\u00e9duction. D\u00e9lecte-toi du poivr\u00e9 des \u0153illets. Printemps, prodigue en pluies cette ann\u00e9e, a gonfl\u00e9 leur exub\u00e9rance. Mignardises et Chabots se pressent, coussins fragiles et musqu\u00e9s au pied des iris.<a href=\"https:\/\/martinemrichard.fr\/blog\/wp-content\/uploads\/2010\/06\/oeillets.jpeg\"><img loading=\"lazy\" decoding=\"async\" class=\"alignright size-medium wp-image-200\" title=\"oeillets\" src=\"https:\/\/martinemrichard.fr\/blog\/wp-content\/uploads\/2010\/06\/oeillets-225x300.jpg\" alt=\"\" width=\"225\" height=\"300\" srcset=\"https:\/\/martinemrichard.fr\/blog\/wp-content\/uploads\/2010\/06\/oeillets-225x300.jpg 225w, https:\/\/martinemrichard.fr\/blog\/wp-content\/uploads\/2010\/06\/oeillets-768x1024.jpg 768w, https:\/\/martinemrichard.fr\/blog\/wp-content\/uploads\/2010\/06\/oeillets.jpeg 1539w\" sizes=\"auto, (max-width: 225px) 100vw, 225px\" \/><\/a><\/p>\n<p style=\"text-align: justify;\">Ah mes iris! Mes bijoux! Aux quatre coins de mon \u00ab\u00a0royaume\u00a0\u00bb, une vingtaine de vari\u00e9t\u00e9s dressent leurs lames, puis leurs arabesques sophistiqu\u00e9es de Mars \u00e0 D\u00e9but Juin. Approche-toi de celui-ci. Admire sa carnation virginale ceinte de lumi\u00e8re. Hume le surprenant Chocolat\u00e9 de sa barbe rosat. Remarque cette t\u00eate jumelle qu\u00eatant notre attention. Fr\u00e8re du pr\u00e9c\u00e9dent, ce Germanica incline sa jalousie rose fum\u00e9, exhibe sans pudeur une gorge neigeuse \u00e0 l&rsquo;ensorcelant ar\u00f4me mandarine. \u00c7a tourne un peu la t\u00eate, hein? Faut dire, qu&rsquo;en passant, nous avons effleur\u00e9 le vert argent\u00e9 des sauges officinales. Leurs fragrances piquantes, aux vertus m\u00e9dicinales, s&rsquo;imposent, obs\u00e9dantes, enivrantes&#8230; Leurs \u00e9pis bleu-parme attireront les papillons tout \u00e0 l&rsquo;heure lorsque l&rsquo;air tremblera de chaleur. Cela ne g\u00e8ne gu\u00e8re le z\u00e8le<\/p>\n<p style=\"text-align: justify;\"><a href=\"https:\/\/martinemrichard.fr\/blog\/wp-content\/uploads\/2010\/06\/sauge-et-iris-rose.jpeg\"><img loading=\"lazy\" decoding=\"async\" class=\"alignleft size-thumbnail wp-image-201\" title=\"sauge et iris rose\" src=\"https:\/\/martinemrichard.fr\/blog\/wp-content\/uploads\/2010\/06\/sauge-et-iris-rose-150x150.jpg\" alt=\"\" width=\"150\" height=\"150\" \/><\/a> industrieux du gros bourdon. Ce \u00ab\u00a0Rapetou\u00a0\u00bb est toujours\u00a0 un des premiers \u00e0 s&rsquo;inviter au banquet. Attention! Regarde o\u00f9 tu poses tes pieds cher po\u00e8te. Le laissez-aller de la pelouse est trompeur.Plusieurs orchid\u00e9es indig\u00e8nes, pr\u00e9cieusement chouchout\u00e9es, la colonisent petit \u00e0 petit de leur myst\u00e8re. Tu d\u00e9couvres l\u00e0 mon petit c\u00f4t\u00e9 sauvage&#8230;\u00a0 Rapproche-toi encore un peu que je te pr\u00e9sente quelqu&rsquo;un de tr\u00e8s farouche. Voici \u00a0\u00bb Pattes en Croix\u00a0\u00bb, araign\u00e9e, fileuse de son \u00e9tat. Entre lilas et folle-avoine, d&rsquo;un doigt l\u00e9ger, l&rsquo;aurore trahit l&rsquo;ogresse; diamante l&rsquo;ind\u00e9celable attente, soierie d\u00e9licatement mortelle. En t\u00e9moignent ces deux ou trois momies solidement englu\u00e9es&#8230;\u00a0 Brrrrrrr! Bien qu&rsquo;utile, elle me fait froid dans le dos. L&rsquo;horloge du village \u00e9gr\u00e8ne six coups au del\u00e0 de mon mur diffus d&rsquo;arbousiers, cypr\u00e8s, lauriers et autres forsythias&#8230; Il va \u00eatre temps de se quitter. Un dernier coup d&rsquo;oeil \u00e0 cet \u00e9clat corail que<\/p>\n<p style=\"text-align: justify;\"><a href=\"https:\/\/martinemrichard.fr\/blog\/wp-content\/uploads\/2010\/06\/coccinelle-.jpeg\"><img loading=\"lazy\" decoding=\"async\" class=\"alignleft size-thumbnail wp-image-202\" title=\"coccinelle\" src=\"https:\/\/martinemrichard.fr\/blog\/wp-content\/uploads\/2010\/06\/coccinelle--150x150.jpg\" alt=\"\" width=\"150\" height=\"150\" \/><\/a> j&rsquo;aper\u00e7ois pr\u00e8s des euphorbes&#8230; Ohhhhh! Quel joyau! C&rsquo;est une petite\u00a0 \u00a0\u00bb b\u00eate \u00e0 Bon Dieu\u00a0\u00bb. Une coccinelle rouge d&rsquo;\u00e9motion d&rsquo;\u00eatre surprise agripp\u00e9e au parfum lavandin. Le soleil pianissimo&#8230; escalade la haie, platine la floraison olivier, lustre le frileux d&rsquo;un l\u00e9zard, r\u00e9veille l&rsquo;\u00e9pic\u00e9 curry de l&rsquo;helichrysum&#8230; et tant d&rsquo;autres encore&#8230; arbustes, p\u00e9tales, minuscules habitants dont je n&rsquo;ai pas eu le temps de parler&#8230;<\/p>\n<p style=\"text-align: justify;\">Martinets et hirondelles, escadrilles prolixes, s&#8217;emparent de l&rsquo;azur\u00e9en, dessinent le destin de mille vies moustiques. Cher Pierre-Yves, c&rsquo;est sous leur joyeux tapage que je te rends ta main. Emporte avec toi l&rsquo;euphorie simple et merveilleuse qu&rsquo;offre la nature. Mon amiti\u00e9 t&rsquo;accompagne&#8230;<\/p>\n<p style=\"text-align: justify;\">1: Mignardise et Chabot: vari\u00e9t\u00e9s d&rsquo;oeillets au parfum tr\u00e8s puissant<\/p>\n<p style=\"text-align: justify;\">2: Rapetou: h\u00e9ros de dessins anim\u00e9s du monde de Walt Disney. Ce sont des gangsters, membres d&rsquo;une m\u00eame famille, dont l&rsquo;id\u00e9e fixe est de voler la montagne d&rsquo;argent de l&rsquo;Oncle Picsou.<\/p>\n<p style=\"text-align: justify;\">(Tous droits r\u00e9serv\u00e9s)<\/p>\n","protected":false},"excerpt":{"rendered":"<p>Juin&#8230; 5h10 ou 15&#8230; Voici l&rsquo;instant que je pr\u00e9f\u00e8re. L&rsquo;heure o\u00f9 le r\u00eave replie ses ailes d&rsquo;infini pr\u00e9cieux&#8230; L&rsquo;heure aux mille chants de libert\u00e9 plumes&#8230; Cher ami Pyc, Tu es un homme d\u00e9licat, hypersensible, toujours \u00e0 l&rsquo;\u00e9coute des autres&#8230; tes mots, si durs envers toi-m\u00eame, ne sont que tendresse et douceur pour autrui. Tu m&rsquo;as [&hellip;]<\/p>\n","protected":false},"author":1,"featured_media":0,"comment_status":"open","ping_status":"open","sticky":false,"template":"","format":"standard","meta":{"footnotes":""},"categories":[71,389],"tags":[],"class_list":["post-198","post","type-post","status-publish","format-standard","hentry","category-jardin-fleur","category-promenades-ici-et-ailleurs"],"_links":{"self":[{"href":"https:\/\/martinemrichard.fr\/blog\/index.php?rest_route=\/wp\/v2\/posts\/198","targetHints":{"allow":["GET"]}}],"collection":[{"href":"https:\/\/martinemrichard.fr\/blog\/index.php?rest_route=\/wp\/v2\/posts"}],"about":[{"href":"https:\/\/martinemrichard.fr\/blog\/index.php?rest_route=\/wp\/v2\/types\/post"}],"author":[{"embeddable":true,"href":"https:\/\/martinemrichard.fr\/blog\/index.php?rest_route=\/wp\/v2\/users\/1"}],"replies":[{"embeddable":true,"href":"https:\/\/martinemrichard.fr\/blog\/index.php?rest_route=%2Fwp%2Fv2%2Fcomments&post=198"}],"version-history":[{"count":6,"href":"https:\/\/martinemrichard.fr\/blog\/index.php?rest_route=\/wp\/v2\/posts\/198\/revisions"}],"predecessor-version":[{"id":3879,"href":"https:\/\/martinemrichard.fr\/blog\/index.php?rest_route=\/wp\/v2\/posts\/198\/revisions\/3879"}],"wp:attachment":[{"href":"https:\/\/martinemrichard.fr\/blog\/index.php?rest_route=%2Fwp%2Fv2%2Fmedia&parent=198"}],"wp:term":[{"taxonomy":"category","embeddable":true,"href":"https:\/\/martinemrichard.fr\/blog\/index.php?rest_route=%2Fwp%2Fv2%2Fcategories&post=198"},{"taxonomy":"post_tag","embeddable":true,"href":"https:\/\/martinemrichard.fr\/blog\/index.php?rest_route=%2Fwp%2Fv2%2Ftags&post=198"}],"curies":[{"name":"wp","href":"https:\/\/api.w.org\/{rel}","templated":true}]}}