{"id":1998,"date":"2011-06-30T04:53:54","date_gmt":"2011-06-30T02:53:54","guid":{"rendered":"http:\/\/martinemrichard.fr\/blog\/?p=1998"},"modified":"2011-06-30T05:30:29","modified_gmt":"2011-06-30T03:30:29","slug":"marche-de-lart","status":"publish","type":"post","link":"https:\/\/martinemrichard.fr\/blog\/?p=1998","title":{"rendered":"March\u00e9 de l&rsquo;art"},"content":{"rendered":"<p style=\"text-align: justify;\">\n<p style=\"text-align: justify;\">Le weekend dernier <a href=\"https:\/\/martinemrichard.fr\/blog\/wp-content\/uploads\/2011\/06\/clocher.jpg\"><img loading=\"lazy\" decoding=\"async\" class=\"alignright size-medium wp-image-1999\" title=\"clocher\" src=\"https:\/\/martinemrichard.fr\/blog\/wp-content\/uploads\/2011\/06\/clocher-225x300.jpg\" alt=\"\" width=\"225\" height=\"300\" srcset=\"https:\/\/martinemrichard.fr\/blog\/wp-content\/uploads\/2011\/06\/clocher-225x300.jpg 225w, https:\/\/martinemrichard.fr\/blog\/wp-content\/uploads\/2011\/06\/clocher-768x1024.jpg 768w, https:\/\/martinemrichard.fr\/blog\/wp-content\/uploads\/2011\/06\/clocher.jpg 1586w\" sizes=\"auto, (max-width: 225px) 100vw, 225px\" \/><\/a>, sous la protection bienveillante du clocher , se tenait une manifestation artistique dans les jardins du palais \u00e9piscopal de St Papoul.<\/p>\n<p style=\"text-align: justify;\">Le temps \u00e9tait magnifique. Le lieu superbe.<\/p>\n<p style=\"text-align: justify;\"><a href=\"https:\/\/martinemrichard.fr\/blog\/wp-content\/uploads\/2011\/06\/jardin-episcopal-1.jpg\"><img loading=\"lazy\" decoding=\"async\" class=\"alignleft size-thumbnail wp-image-2000\" title=\"jardin episcopal 1\" src=\"https:\/\/martinemrichard.fr\/blog\/wp-content\/uploads\/2011\/06\/jardin-episcopal-1-150x150.jpg\" alt=\"\" width=\"150\" height=\"150\" \/><\/a> <a href=\"https:\/\/martinemrichard.fr\/blog\/wp-content\/uploads\/2011\/06\/jardin-episcopal-2-.jpg\"><img loading=\"lazy\" decoding=\"async\" class=\"aligncenter size-thumbnail wp-image-2002\" title=\"jardin episcopal 2\" src=\"https:\/\/martinemrichard.fr\/blog\/wp-content\/uploads\/2011\/06\/jardin-episcopal-2--150x150.jpg\" alt=\"\" width=\"150\" height=\"150\" \/><\/a>Tout \u00e9tait parfaitement organis\u00e9. Chacun avait son emplacement d\u00e9termin\u00e9 avec plateau solide et deux chaises.<a href=\"https:\/\/martinemrichard.fr\/blog\/wp-content\/uploads\/2011\/06\/mon-stand1.jpg\"><img loading=\"lazy\" decoding=\"async\" class=\"alignleft size-medium wp-image-2007\" title=\"mon stand\" src=\"https:\/\/martinemrichard.fr\/blog\/wp-content\/uploads\/2011\/06\/mon-stand1-300x225.jpg\" alt=\"\" width=\"300\" height=\"225\" srcset=\"https:\/\/martinemrichard.fr\/blog\/wp-content\/uploads\/2011\/06\/mon-stand1-300x225.jpg 300w, https:\/\/martinemrichard.fr\/blog\/wp-content\/uploads\/2011\/06\/mon-stand1-1024x768.jpg 1024w\" sizes=\"auto, (max-width: 300px) 100vw, 300px\" \/><\/a><\/p>\n<p style=\"text-align: justify;\">Avec l&rsquo;aide de mon Cher et Tendre, j&rsquo;installai mon stand de pastels secs et techniques mixtes \u00e0 partir de gravures, entour\u00e9e d&rsquo;un c\u00f4t\u00e9 par les \u0153uvres de Christine Savignac,<a href=\"http:\/\/christinesavignac.vpweb.fr\/\"><strong> ici<\/strong><\/a> et de l&rsquo;autre par les photos remarquables de Fabienne Sarda, une artiste land art. Celle-ci pr\u00e9sentait, \u00e9galement, les objets et meubles d\u00e9coratifs en carton recycl\u00e9 du foyer de vie<a href=\"http:\/\/www.afdaim-adapei11.org\/articles-2\/53-350-le-foyer-afdaim-de-pennautier\/\"><strong> AFDAIM <\/strong><\/a>, accompagn\u00e9e de deux de ses membres.<\/p>\n<p style=\"text-align: justify;\">A 11h arriv\u00e8rent les premiers visiteurs&#8230;<a href=\"https:\/\/martinemrichard.fr\/blog\/wp-content\/uploads\/2011\/06\/cote-jardin-4-.jpg\"><img loading=\"lazy\" decoding=\"async\" class=\"alignright size-thumbnail wp-image-2020\" title=\"cote jardin 4\" src=\"https:\/\/martinemrichard.fr\/blog\/wp-content\/uploads\/2011\/06\/cote-jardin-4--150x150.jpg\" alt=\"\" width=\"150\" height=\"150\" \/><\/a><\/p>\n<p style=\"text-align: justify;\">\n<p style=\"text-align: justify;\">\n<p style=\"text-align: justify;\"><a href=\"https:\/\/martinemrichard.fr\/blog\/wp-content\/uploads\/2011\/06\/visiteurs1.jpg\"><img loading=\"lazy\" decoding=\"async\" class=\"alignleft size-medium wp-image-2014\" title=\"visiteurs\" src=\"https:\/\/martinemrichard.fr\/blog\/wp-content\/uploads\/2011\/06\/visiteurs1-300x225.jpg\" alt=\"\" width=\"300\" height=\"225\" srcset=\"https:\/\/martinemrichard.fr\/blog\/wp-content\/uploads\/2011\/06\/visiteurs1-300x225.jpg 300w, https:\/\/martinemrichard.fr\/blog\/wp-content\/uploads\/2011\/06\/visiteurs1-1024x768.jpg 1024w\" sizes=\"auto, (max-width: 300px) 100vw, 300px\" \/><\/a><a href=\"https:\/\/martinemrichard.fr\/blog\/wp-content\/uploads\/2011\/06\/machaon1.jpg\"><img loading=\"lazy\" decoding=\"async\" class=\"aligncenter size-thumbnail wp-image-2018\" title=\"machaon\" src=\"https:\/\/martinemrichard.fr\/blog\/wp-content\/uploads\/2011\/06\/machaon1-150x150.jpg\" alt=\"\" width=\"150\" height=\"150\" \/><\/a>A l&rsquo;ombre des grands arbres, c\u00f4t\u00e9 jardin, nous \u00e9tions tr\u00e8s bien. Huuummm \ud83d\ude42 <a href=\"https:\/\/martinemrichard.fr\/blog\/wp-content\/uploads\/2011\/06\/cote-jardin-21.jpg\"><img loading=\"lazy\" decoding=\"async\" class=\"alignright size-medium wp-image-2029\" title=\"cote jardin 2\" src=\"https:\/\/martinemrichard.fr\/blog\/wp-content\/uploads\/2011\/06\/cote-jardin-21-300x225.jpg\" alt=\"\" width=\"300\" height=\"225\" srcset=\"https:\/\/martinemrichard.fr\/blog\/wp-content\/uploads\/2011\/06\/cote-jardin-21-300x225.jpg 300w, https:\/\/martinemrichard.fr\/blog\/wp-content\/uploads\/2011\/06\/cote-jardin-21-1024x768.jpg 1024w\" sizes=\"auto, (max-width: 300px) 100vw, 300px\" \/><\/a>Les toiles d&rsquo;Eliette Chalet , peintre et sculpteur, nous invitaient au voyage&#8230;<\/p>\n<p style=\"text-align: justify;\">\n<p style=\"text-align: justify;\"><a href=\"https:\/\/martinemrichard.fr\/blog\/wp-content\/uploads\/2011\/06\/cote-jardin-3.jpg\"><img loading=\"lazy\" decoding=\"async\" class=\"alignleft size-medium wp-image-2024\" title=\"cote jardin 3\" src=\"https:\/\/martinemrichard.fr\/blog\/wp-content\/uploads\/2011\/06\/cote-jardin-3-300x175.jpg\" alt=\"\" width=\"300\" height=\"175\" \/><\/a>C\u00f4t\u00e9 cour, les amateurs pouvaient d\u00e9couvrir des c\u00e9ramistes,<\/p>\n<p style=\"text-align: justify;\">.<\/p>\n<p style=\"text-align: justify;\">\n<p style=\"text-align: justify;\">telles que ma s\u0153ur H\u00e9l\u00e8ne Gnante,<a href=\"https:\/\/martinemrichard.fr\/blog\/wp-content\/uploads\/2011\/06\/helene.jpg\"><img loading=\"lazy\" decoding=\"async\" class=\"alignleft size-medium wp-image-2034\" title=\"helene\" src=\"https:\/\/martinemrichard.fr\/blog\/wp-content\/uploads\/2011\/06\/helene-116x300.jpg\" alt=\"\" width=\"116\" height=\"300\" srcset=\"https:\/\/martinemrichard.fr\/blog\/wp-content\/uploads\/2011\/06\/helene-116x300.jpg 116w, https:\/\/martinemrichard.fr\/blog\/wp-content\/uploads\/2011\/06\/helene-396x1024.jpg 396w, https:\/\/martinemrichard.fr\/blog\/wp-content\/uploads\/2011\/06\/helene.jpg 441w\" sizes=\"auto, (max-width: 116px) 100vw, 116px\" \/><\/a> Eliette Chalet, <a href=\"https:\/\/martinemrichard.fr\/blog\/wp-content\/uploads\/2011\/06\/cote-cour-21.jpg\"><img loading=\"lazy\" decoding=\"async\" class=\"alignright size-thumbnail wp-image-2038\" title=\"cote cour 2\" src=\"https:\/\/martinemrichard.fr\/blog\/wp-content\/uploads\/2011\/06\/cote-cour-21-150x150.jpg\" alt=\"\" width=\"150\" height=\"150\" \/><\/a>S\u00e9lim Stamrad, <a href=\"http:\/\/poissondanslesarbres.free.fr\/pages\/Ceramique.html\"><strong>ici<\/strong><\/a>, Fanny Gaubert&#8230; les peintures sur verre de Marie-Jo Garric,<strong> <a href=\"http:\/\/lumieredeverre.com\/\">ici<\/a><\/strong>, <a href=\"https:\/\/martinemrichard.fr\/blog\/wp-content\/uploads\/2011\/06\/cote-cour.jpg\"><img loading=\"lazy\" decoding=\"async\" class=\"alignleft size-medium wp-image-2041\" title=\"cote cour\" src=\"https:\/\/martinemrichard.fr\/blog\/wp-content\/uploads\/2011\/06\/cote-cour-300x192.jpg\" alt=\"\" width=\"300\" height=\"192\" srcset=\"https:\/\/martinemrichard.fr\/blog\/wp-content\/uploads\/2011\/06\/cote-cour-300x192.jpg 300w, https:\/\/martinemrichard.fr\/blog\/wp-content\/uploads\/2011\/06\/cote-cour-1024x656.jpg 1024w\" sizes=\"auto, (max-width: 300px) 100vw, 300px\" \/><\/a>des bijoux, les fleurs press\u00e9es ( oshibana) de Jimie Riblet , <a href=\"http:\/\/stimuli.c.la\/\"><strong>ici<\/strong><\/a>, install\u00e9e, \u00e0 l&rsquo;abri\u00a0 de Ph\u00e9bus, sous le porche conduisant \u00e0 une seconde cour.<\/p>\n<p style=\"text-align: justify;\">.<\/p>\n<p style=\"text-align: justify;\">.<\/p>\n<p style=\"text-align: justify;\"><a href=\"https:\/\/martinemrichard.fr\/blog\/wp-content\/uploads\/2011\/06\/cote-cour-3.jpg\"><img loading=\"lazy\" decoding=\"async\" class=\"alignleft size-medium wp-image-2046\" title=\"cote cour 3\" src=\"https:\/\/martinemrichard.fr\/blog\/wp-content\/uploads\/2011\/06\/cote-cour-3-225x300.jpg\" alt=\"\" width=\"225\" height=\"300\" srcset=\"https:\/\/martinemrichard.fr\/blog\/wp-content\/uploads\/2011\/06\/cote-cour-3-225x300.jpg 225w, https:\/\/martinemrichard.fr\/blog\/wp-content\/uploads\/2011\/06\/cote-cour-3-768x1024.jpg 768w, https:\/\/martinemrichard.fr\/blog\/wp-content\/uploads\/2011\/06\/cote-cour-3.jpg 1586w\" sizes=\"auto, (max-width: 225px) 100vw, 225px\" \/><\/a>.<\/p>\n<p style=\"text-align: justify;\">\n<p style=\"text-align: justify;\">\n<p style=\"text-align: justify;\">\n<p style=\"text-align: justify;\">\n<p style=\"text-align: justify;\">\n<p style=\"text-align: justify;\">\n<p style=\"text-align: justify;\">\n<p style=\"text-align: justify;\"><img loading=\"lazy\" decoding=\"async\" class=\"aligncenter size-thumbnail wp-image-2047\" title=\"cote cour 4\" src=\"https:\/\/martinemrichard.fr\/blog\/wp-content\/uploads\/2011\/06\/cote-cour-4-150x150.jpg\" alt=\"\" width=\"150\" height=\"150\" \/><\/p>\n<p style=\"text-align: justify;\">\n<p style=\"text-align: justify;\">\n<p style=\"text-align: justify;\">\n<p style=\"text-align: justify;\">\n<p style=\"text-align: justify;\">\n<p style=\"text-align: justify;\">\n<p style=\"text-align: justify;\">\n<p style=\"text-align: justify;\">\n<p style=\"text-align: justify;\">\n<p style=\"text-align: justify;\">\n<p style=\"text-align: justify;\">\n<p style=\"text-align: justify;\">\n<p style=\"text-align: justify;\">\n<p style=\"text-align: justify;\">\n<p style=\"text-align: justify;\">\n<p style=\"text-align: justify;\">\n<p style=\"text-align: justify;\">\n<p style=\"text-align: justify;\">\n<p style=\"text-align: justify;\">\n<p style=\"text-align: justify;\">\n<p style=\"text-align: justify;\">\n<p style=\"text-align: justify;\">\n<p style=\"text-align: justify;\">\n<p style=\"text-align: justify;\">\n<p style=\"text-align: justify;\">\n<p style=\"text-align: justify;\"><a href=\"https:\/\/martinemrichard.fr\/blog\/wp-content\/uploads\/2011\/06\/cote-cour-6.jpg\"><br \/>\n<\/a><\/p>\n<p style=\"text-align: justify;\">\n<p style=\"text-align: justify;\">\n<p style=\"text-align: justify;\">\n<p style=\"text-align: justify;\">\n<p style=\"text-align: justify;\">\n<p style=\"text-align: justify;\">\n<p style=\"text-align: justify;\">\n<p style=\"text-align: justify;\">\n<p style=\"text-align: justify;\">\n<p style=\"text-align: justify;\">\n<p style=\"text-align: justify;\">\n<p style=\"text-align: justify;\">\n<p style=\"text-align: justify;\"><a href=\"https:\/\/martinemrichard.fr\/blog\/wp-content\/uploads\/2011\/06\/cote-cour-61.jpg\"><img loading=\"lazy\" decoding=\"async\" class=\"alignright size-thumbnail wp-image-2061\" title=\"cote cour 6\" src=\"https:\/\/martinemrichard.fr\/blog\/wp-content\/uploads\/2011\/06\/cote-cour-61-150x150.jpg\" alt=\"\" width=\"150\" height=\"150\" \/><\/a><\/p>\n<p style=\"text-align: justify;\">\n<p style=\"text-align: justify;\">\n<p style=\"text-align: justify;\">\n<p style=\"text-align: justify;\">L&rsquo;art de travailler le tissu \u00e9tait aussi repr\u00e9sent\u00e9 par\u00a0 l&rsquo;association AMI&rsquo;PATCH ( cr\u00e9ation de patchworks)\u00a0 avec Natacha Dale, Laurence Gandia et Antoine Gandia pour les fournitures, <a href=\"http:\/\/www.alagrossebobine.com\/\"><strong>ici<\/strong><\/a>,<\/p>\n<p style=\"text-align: justify;\">Il y avait encore Luc Bailleul, architecte designer;\u00a0 Lino Bersani , artiste c\u00e9ramiste; \u00c8ve Delrieu, cr\u00e9atrice de bijoux; Fanny Gaubert, artiste c\u00e9ramiste; ainsi que Gayane Muller, cr\u00e9atrice de bijoux et sculptures; Carole Turpin, artiste peintre et collage; Bernadette Rastouil, artiste peintre et jean-Paul Rastouil, cr\u00e9ateur bois tourn\u00e9,<a href=\"http:\/\/cesttoutbett.over-blog.com\/\"><strong> ici<\/strong><\/a>.<\/p>\n<p style=\"text-align: justify;\">Un weekend plac\u00e9 sous le charme, la convivialit\u00e9, la bonne humeur, un excellent niveau des travaux pr\u00e9sent\u00e9s. Le samedi un peu trop calme f\u00fbt compens\u00e9 par un dimanche plus dynamique. Quelques petites ventes furent les bienvenues. Les papillons nous r\u00e9gal\u00e8rent de leurs merveilleuses couleurs sur fond de lavandes&#8230;<\/p>\n<p style=\"text-align: justify;\"><a href=\"https:\/\/martinemrichard.fr\/blog\/wp-content\/uploads\/2011\/06\/cote-jardin-11.jpg\"><img loading=\"lazy\" decoding=\"async\" class=\"alignleft size-medium wp-image-2071\" title=\"cote jardin 1\" src=\"https:\/\/martinemrichard.fr\/blog\/wp-content\/uploads\/2011\/06\/cote-jardin-11-300x225.jpg\" alt=\"\" width=\"300\" height=\"225\" srcset=\"https:\/\/martinemrichard.fr\/blog\/wp-content\/uploads\/2011\/06\/cote-jardin-11-300x225.jpg 300w, https:\/\/martinemrichard.fr\/blog\/wp-content\/uploads\/2011\/06\/cote-jardin-11-1024x768.jpg 1024w\" sizes=\"auto, (max-width: 300px) 100vw, 300px\" \/><\/a> <a href=\"https:\/\/martinemrichard.fr\/blog\/wp-content\/uploads\/2011\/06\/cote-jardin-5-1.jpg\"><img loading=\"lazy\" decoding=\"async\" class=\"alignright size-thumbnail wp-image-2072\" title=\"cote jardin 5\" src=\"https:\/\/martinemrichard.fr\/blog\/wp-content\/uploads\/2011\/06\/cote-jardin-5-1-150x150.jpg\" alt=\"\" width=\"150\" height=\"150\" \/><\/a><\/p>\n<p style=\"text-align: justify;\">\n<p style=\"text-align: justify;\">\n<p style=\"text-align: justify;\">\n<p style=\"text-align: justify;\">\n<p style=\"text-align: justify;\">\n<p style=\"text-align: justify;\">\n<p style=\"text-align: justify;\">\n<p style=\"text-align: justify;\">\n<p style=\"text-align: justify;\">MMR ( tous droits r\u00e9serv\u00e9s)<\/p>\n<p style=\"text-align: justify;\">\n<p style=\"text-align: justify;\">\n<p style=\"text-align: justify;\">\n<p style=\"text-align: justify;\">\n<p style=\"text-align: justify;\">\n<p style=\"text-align: justify;\">\n<p style=\"text-align: justify;\">\n<p style=\"text-align: justify;\">\n<p style=\"text-align: justify;\">\n<p style=\"text-align: justify;\">\n<p style=\"text-align: justify;\">\n<p style=\"text-align: justify;\">\n<p style=\"text-align: justify;\">\n<p style=\"text-align: justify;\">\n<p style=\"text-align: justify;\">\n<p style=\"text-align: justify;\">\n<p style=\"text-align: justify;\">\n<p style=\"text-align: justify;\">\n<p style=\"text-align: justify;\">\n<p style=\"text-align: justify;\">\n<p style=\"text-align: justify;\">\n<p style=\"text-align: justify;\">\n<p style=\"text-align: justify;\">\n<p style=\"text-align: justify;\">\n<p style=\"text-align: justify;\">\n<p style=\"text-align: justify;\">\n<p style=\"text-align: justify;\">\n<p style=\"text-align: justify;\">\n<p style=\"text-align: justify;\">\n<p style=\"text-align: justify;\">\n<p style=\"text-align: justify;\">\n<p style=\"text-align: justify;\">\n<p style=\"text-align: justify;\">\n<p style=\"text-align: justify;\">\n<p style=\"text-align: justify;\">\n<p style=\"text-align: justify;\">\n<p style=\"text-align: justify;\">\n<p style=\"text-align: justify;\">\n<p style=\"text-align: justify;\">\n<p style=\"text-align: justify;\">\n<p style=\"text-align: justify;\">\n<p style=\"text-align: justify;\">\n<p style=\"text-align: justify;\">\n<p style=\"text-align: justify;\">\n<p style=\"text-align: justify;\">\n<p style=\"text-align: justify;\">\n<p style=\"text-align: justify;\">\n<p style=\"text-align: justify;\">\n<p style=\"text-align: justify;\">\n<p style=\"text-align: justify;\">\n<p style=\"text-align: justify;\">\n<p style=\"text-align: justify;\">\n<p style=\"text-align: justify;\">\n<p style=\"text-align: justify;\">\n<p style=\"text-align: justify;\">\n<p style=\"text-align: justify;\">\n<p style=\"text-align: justify;\">\n<p style=\"text-align: justify;\">\n<p style=\"text-align: justify;\">\n<p style=\"text-align: justify;\">\n<p style=\"text-align: justify;\">\n<p style=\"text-align: justify;\">\n<p style=\"text-align: justify;\">\n<p style=\"text-align: justify;\">\n","protected":false},"excerpt":{"rendered":"<p>Le weekend dernier , sous la protection bienveillante du clocher , se tenait une manifestation artistique dans les jardins du palais \u00e9piscopal de St Papoul. Le temps \u00e9tait magnifique. Le lieu superbe. Tout \u00e9tait parfaitement organis\u00e9. Chacun avait son emplacement d\u00e9termin\u00e9 avec plateau solide et deux chaises. Avec l&rsquo;aide de mon Cher et Tendre, j&rsquo;installai [&hellip;]<\/p>\n","protected":false},"author":1,"featured_media":0,"comment_status":"open","ping_status":"open","sticky":false,"template":"","format":"standard","meta":{"footnotes":""},"categories":[34],"tags":[],"class_list":["post-1998","post","type-post","status-publish","format-standard","hentry","category-expositions"],"_links":{"self":[{"href":"https:\/\/martinemrichard.fr\/blog\/index.php?rest_route=\/wp\/v2\/posts\/1998","targetHints":{"allow":["GET"]}}],"collection":[{"href":"https:\/\/martinemrichard.fr\/blog\/index.php?rest_route=\/wp\/v2\/posts"}],"about":[{"href":"https:\/\/martinemrichard.fr\/blog\/index.php?rest_route=\/wp\/v2\/types\/post"}],"author":[{"embeddable":true,"href":"https:\/\/martinemrichard.fr\/blog\/index.php?rest_route=\/wp\/v2\/users\/1"}],"replies":[{"embeddable":true,"href":"https:\/\/martinemrichard.fr\/blog\/index.php?rest_route=%2Fwp%2Fv2%2Fcomments&post=1998"}],"version-history":[{"count":47,"href":"https:\/\/martinemrichard.fr\/blog\/index.php?rest_route=\/wp\/v2\/posts\/1998\/revisions"}],"predecessor-version":[{"id":2067,"href":"https:\/\/martinemrichard.fr\/blog\/index.php?rest_route=\/wp\/v2\/posts\/1998\/revisions\/2067"}],"wp:attachment":[{"href":"https:\/\/martinemrichard.fr\/blog\/index.php?rest_route=%2Fwp%2Fv2%2Fmedia&parent=1998"}],"wp:term":[{"taxonomy":"category","embeddable":true,"href":"https:\/\/martinemrichard.fr\/blog\/index.php?rest_route=%2Fwp%2Fv2%2Fcategories&post=1998"},{"taxonomy":"post_tag","embeddable":true,"href":"https:\/\/martinemrichard.fr\/blog\/index.php?rest_route=%2Fwp%2Fv2%2Ftags&post=1998"}],"curies":[{"name":"wp","href":"https:\/\/api.w.org\/{rel}","templated":true}]}}