{"id":19992,"date":"2025-11-02T05:39:03","date_gmt":"2025-11-02T04:39:03","guid":{"rendered":"https:\/\/martinemrichard.fr\/blog\/?p=19992"},"modified":"2025-11-03T16:36:03","modified_gmt":"2025-11-03T15:36:03","slug":"le-ciel-ou-le-fruit","status":"publish","type":"post","link":"https:\/\/martinemrichard.fr\/blog\/?p=19992","title":{"rendered":"Le ciel ou le fruit?"},"content":{"rendered":"<p>Pour l&rsquo;<a href=\"https:\/\/imagesreves.blogspot.com\/2025\/10\/pour-la-page-250.html\"><span style=\"color: #0000ff;\"><strong>Herbier de po\u00e9sies<\/strong><\/span><\/a>, <a href=\"https:\/\/le-champ-du-souffle.blogspot.com\/\"><span style=\"color: #0000ff;\"><strong>Adamante<\/strong><\/span><\/a> propose \u00e0 nos imaginations\u00a0 la photo d&rsquo;une \u0153uvre d&rsquo;Arnaud, le fils de<a href=\"https:\/\/marinezou.blogspot.com\/\"><span style=\"color: #0000ff;\"><strong> Marine D<\/strong><\/span><\/a><\/p>\n<p>Adamante a une pr\u00e9f\u00e9rence pour la po\u00e9sie japonaise (ha\u00efku, tanka, ha\u00efbun) ou, \u00e0 d\u00e9faut, de la po\u00e9sie libre.\u00a0 Ci-dessous, ce que la peinture d&rsquo;Arnaud m&rsquo;a inspir\u00e9:<\/p>\n<p><img loading=\"lazy\" decoding=\"async\" class=\"alignright size-full wp-image-19993\" src=\"https:\/\/martinemrichard.fr\/blog\/wp-content\/uploads\/2025\/10\/La-ville-A-Bouchet.webp\" alt=\"\" width=\"501\" height=\"640\" srcset=\"https:\/\/martinemrichard.fr\/blog\/wp-content\/uploads\/2025\/10\/La-ville-A-Bouchet.webp 501w, https:\/\/martinemrichard.fr\/blog\/wp-content\/uploads\/2025\/10\/La-ville-A-Bouchet-235x300.webp 235w\" sizes=\"auto, (max-width: 501px) 100vw, 501px\" \/><\/p>\n<p>.<\/p>\n<p>Le ciel ou le fruit?<\/p>\n<p>Aenor h\u00e9site , regardant alternativement: \u00e0 droite, sa robe en brocart de soie, un azur surbrod\u00e9 de fleurs argent\u00e9es;\u00a0 \u00e0 gauche, une merveille en mousseline de soie couleur p\u00eache. Une vraie plume! Au contraire de la premi\u00e8re, tr\u00e8s luxueuse mais tellement lourde.\u00a0Ind\u00e9cision! O ennemie!<\/p>\n<p>.<\/p>\n<p>Le ciel ou le fruit?<\/p>\n<p>ind\u00e9cis, le c\u0153ur balance<\/p>\n<p>entre deux beaut\u00e9s<\/p>\n<p>.<\/p>\n<p>Il y a bal ce soir au ch\u00e2teau. Le roi a d\u00e9cid\u00e9 qu&rsquo;il \u00e9tait temps de marier sa fille.\u00a0 Aussi, Aenor\u00a0 se doit d&rsquo;\u00eatre \u00e9blouissante, renversante, \u00e9poustouflante! Elle a d\u00e9cid\u00e9 d&rsquo;\u00e9blouir\u00a0 le beau Maric de Lasserre<\/p>\n<p>Le ciel ou le fruit?<\/p>\n<p>Au diable le luxe! La princesse, qui de tout temps privil\u00e9gie sa libert\u00e9 de mouvement ( au sens propre comme au sens figur\u00e9), adopte la l\u00e9g\u00e8ret\u00e9 de la robe rose<\/p>\n<p>.<\/p>\n<p>Pi\u00e8ge ensorceleur-<\/p>\n<p>musique, sourire et<\/p>\n<p>rouerie f\u00e9minine<\/p>\n<p>.<\/p>\n<p>MMR ( tous droits r\u00e9serv\u00e9s)<\/p>\n<p>&nbsp;<\/p>\n","protected":false},"excerpt":{"rendered":"<p>Pour l&rsquo;Herbier de po\u00e9sies, Adamante propose \u00e0 nos imaginations\u00a0 la photo d&rsquo;une \u0153uvre d&rsquo;Arnaud, le fils de Marine D Adamante a une pr\u00e9f\u00e9rence pour la po\u00e9sie japonaise (ha\u00efku, tanka, ha\u00efbun) ou, \u00e0 d\u00e9faut, de la po\u00e9sie libre.\u00a0 Ci-dessous, ce que la peinture d&rsquo;Arnaud m&rsquo;a inspir\u00e9: . Le ciel ou le fruit? Aenor h\u00e9site , regardant [&hellip;]<\/p>\n","protected":false},"author":1,"featured_media":0,"comment_status":"open","ping_status":"open","sticky":false,"template":"","format":"standard","meta":{"footnotes":""},"categories":[900,35],"tags":[1411,1836,575,447,1838,1839,1840,1164,1837,1841,591],"class_list":["post-19992","post","type-post","status-publish","format-standard","hentry","category-lherbier-de-poesie","category-haikus-haibuns","tag-adamante","tag-aenor","tag-azur","tag-bal","tag-brocart","tag-couleur-peche","tag-indecision","tag-lherbier-de-poesies","tag-robe","tag-rouerie","tag-soie"],"_links":{"self":[{"href":"https:\/\/martinemrichard.fr\/blog\/index.php?rest_route=\/wp\/v2\/posts\/19992","targetHints":{"allow":["GET"]}}],"collection":[{"href":"https:\/\/martinemrichard.fr\/blog\/index.php?rest_route=\/wp\/v2\/posts"}],"about":[{"href":"https:\/\/martinemrichard.fr\/blog\/index.php?rest_route=\/wp\/v2\/types\/post"}],"author":[{"embeddable":true,"href":"https:\/\/martinemrichard.fr\/blog\/index.php?rest_route=\/wp\/v2\/users\/1"}],"replies":[{"embeddable":true,"href":"https:\/\/martinemrichard.fr\/blog\/index.php?rest_route=%2Fwp%2Fv2%2Fcomments&post=19992"}],"version-history":[{"count":13,"href":"https:\/\/martinemrichard.fr\/blog\/index.php?rest_route=\/wp\/v2\/posts\/19992\/revisions"}],"predecessor-version":[{"id":20009,"href":"https:\/\/martinemrichard.fr\/blog\/index.php?rest_route=\/wp\/v2\/posts\/19992\/revisions\/20009"}],"wp:attachment":[{"href":"https:\/\/martinemrichard.fr\/blog\/index.php?rest_route=%2Fwp%2Fv2%2Fmedia&parent=19992"}],"wp:term":[{"taxonomy":"category","embeddable":true,"href":"https:\/\/martinemrichard.fr\/blog\/index.php?rest_route=%2Fwp%2Fv2%2Fcategories&post=19992"},{"taxonomy":"post_tag","embeddable":true,"href":"https:\/\/martinemrichard.fr\/blog\/index.php?rest_route=%2Fwp%2Fv2%2Ftags&post=19992"}],"curies":[{"name":"wp","href":"https:\/\/api.w.org\/{rel}","templated":true}]}}