{"id":20167,"date":"2026-04-26T07:08:16","date_gmt":"2026-04-26T06:08:16","guid":{"rendered":"https:\/\/martinemrichard.fr\/blog\/?p=20167"},"modified":"2026-04-26T07:08:16","modified_gmt":"2026-04-26T06:08:16","slug":"le-trapel","status":"publish","type":"post","link":"https:\/\/martinemrichard.fr\/blog\/?p=20167","title":{"rendered":"Le Trapel"},"content":{"rendered":"<p>Pour l&rsquo;<a href=\"https:\/\/imagesreves.blogspot.com\/2026\/04\/pour-la-page-260.html\"><span style=\"color: #0000ff;\"><strong>Herbier de po\u00e9sies<\/strong><\/span><\/a>, <a href=\"https:\/\/le-champ-du-souffle.blogspot.com\/\"><span style=\"color: #0000ff;\"><strong>Adamante<\/strong><\/span><\/a>\u00a0 propose \u00e0 notre inspiration la photo ci-contre:<\/p>\n<p>.<img loading=\"lazy\" decoding=\"async\" class=\"alignright size-medium wp-image-20174\" src=\"https:\/\/martinemrichard.fr\/blog\/wp-content\/uploads\/2026\/04\/1776872241043-259x300.webp\" alt=\"\" width=\"259\" height=\"300\" srcset=\"https:\/\/martinemrichard.fr\/blog\/wp-content\/uploads\/2026\/04\/1776872241043-259x300.webp 259w, https:\/\/martinemrichard.fr\/blog\/wp-content\/uploads\/2026\/04\/1776872241043.webp 552w\" sizes=\"auto, (max-width: 259px) 100vw, 259px\" \/><\/p>\n<p align=\"left\"><span style=\"font-size: medium;\">Sous les saules pleurant une s\u00e8ve gommeuse, il serpente, nonchalant, entre vignes et jardins\u2026<\/span><\/p>\n<p align=\"left\"><span style=\"font-size: medium;\">Assise au bord du lit de cette onde voyageuse, cach\u00e9e parmi les herbes, j&rsquo;\u00e9coute sa musique.<\/span><\/p>\n<p align=\"left\"><span style=\"font-size: medium;\">.<\/span><\/p>\n<p align=\"left\"><span style=\"font-size: medium;\">Journ\u00e9e estivale-<\/span><\/p>\n<p align=\"left\"><span style=\"font-size: medium;\">O Temps suspend ton vol<\/span><\/p>\n<p align=\"left\"><span style=\"font-size: medium;\">sur ma nonchalance<\/span><\/p>\n<p align=\"left\"><span style=\"font-size: medium;\">.<\/span><\/p>\n<p align=\"left\"><span style=\"font-size: medium;\">Le Trapel clapote, glougloute, gargouille, trahit quelques secrets de sa m\u00e9moire liquide. Ce courant murmurant glisse entre mes doigts, caressant, apaisant, miroitant de souvenirs\u00a0:<\/span><\/p>\n<p align=\"left\"><span style=\"font-size: medium;\">Soupirs m\u00e9lancoliques d\u2019une blonde patricienne attendant languissamment son g\u00e9n\u00e9ral romain\u2026<\/span><\/p>\n<p align=\"left\"><span style=\"font-size: medium;\">Comm\u00e9rages volubiles, claquements de battoirs autour des lessives des lavandi\u00e8res d\u2019antan\u2026<\/span><\/p>\n<p align=\"left\"><span style=\"font-size: medium;\">Na\u00efves complicit\u00e9s construisant un moulin de boue et de cailloux, \u00e9clabouss\u00e9 des rires de p\u00eacheurs enfantins\u2026<\/span><\/p>\n<p align=\"left\"><span style=\"font-size: medium;\">.<\/span><\/p>\n<p align=\"left\"><span style=\"font-size: medium;\">Reflets argent\u00e9s-<\/span><\/p>\n<p align=\"left\"><span style=\"font-size: medium;\">confidences aquatiques<\/span><\/p>\n<p align=\"left\"><span style=\"font-size: medium;\">\u00e0 mes pens\u00e9es bleues<\/span><\/p>\n<p align=\"left\"><span style=\"font-size: medium;\">.<\/span><\/p>\n<p align=\"left\"><span style=\"font-size: medium;\">Apr\u00e8s maints m\u00e9andres, le ruisseau grandit, abandonne la fra\u00eecheur ombr\u00e9e des bois pour parcourir la plaine ensoleill\u00e9e. Flamboyant de lumi\u00e8re, avoines et coquelicots dansent sur le tempo jeux d\u2019eaux de Debussy\u2026<\/span><\/p>\n<p align=\"left\"><span style=\"font-size: medium;\">.<\/span><\/p>\n<p align=\"left\"><span style=\"font-size: medium;\">Un martin-p\u00eacheur-<\/span><\/p>\n<p align=\"left\"><span style=\"font-size: medium;\">ondoiements truites et goujons<\/span><\/p>\n<p align=\"left\"><span style=\"font-size: medium;\">\u00e9claboussures!<\/span><\/p>\n<p align=\"left\"><span style=\"font-size: medium;\">.<\/span><\/p>\n<p align=\"left\"><span style=\"font-size: medium;\">Martine Madelaine-Richard<\/span><\/p>\n<p align=\"left\"><span style=\"font-size: medium;\">https:\/\/martinemrichard.fr\/blog<\/span><\/p>\n<p>&nbsp;<\/p>\n","protected":false},"excerpt":{"rendered":"<p>Pour l&rsquo;Herbier de po\u00e9sies, Adamante\u00a0 propose \u00e0 notre inspiration la photo ci-contre: . Sous les saules pleurant une s\u00e8ve gommeuse, il serpente, nonchalant, entre vignes et jardins\u2026 Assise au bord du lit de cette onde voyageuse, cach\u00e9e parmi les herbes, j&rsquo;\u00e9coute sa musique. . Journ\u00e9e estivale- O Temps suspend ton vol sur ma nonchalance . [&hellip;]<\/p>\n","protected":false},"author":1,"featured_media":0,"comment_status":"open","ping_status":"open","sticky":false,"template":"","format":"standard","meta":{"footnotes":""},"categories":[900,35],"tags":[1411,261,61,1874,1873,85,37,930,1164,864,1875,323,1871,1876,1872],"class_list":["post-20167","post","type-post","status-publish","format-standard","hentry","category-lherbier-de-poesie","category-haikus-haibuns","tag-adamante","tag-argent","tag-bleu","tag-eclaboussures","tag-goujeons","tag-haibun","tag-haikus","tag-leau","tag-lherbier-de-poesies","tag-le-temps","tag-noncalence","tag-pensees","tag-ruisseau","tag-trapel","tag-truites"],"_links":{"self":[{"href":"https:\/\/martinemrichard.fr\/blog\/index.php?rest_route=\/wp\/v2\/posts\/20167","targetHints":{"allow":["GET"]}}],"collection":[{"href":"https:\/\/martinemrichard.fr\/blog\/index.php?rest_route=\/wp\/v2\/posts"}],"about":[{"href":"https:\/\/martinemrichard.fr\/blog\/index.php?rest_route=\/wp\/v2\/types\/post"}],"author":[{"embeddable":true,"href":"https:\/\/martinemrichard.fr\/blog\/index.php?rest_route=\/wp\/v2\/users\/1"}],"replies":[{"embeddable":true,"href":"https:\/\/martinemrichard.fr\/blog\/index.php?rest_route=%2Fwp%2Fv2%2Fcomments&post=20167"}],"version-history":[{"count":4,"href":"https:\/\/martinemrichard.fr\/blog\/index.php?rest_route=\/wp\/v2\/posts\/20167\/revisions"}],"predecessor-version":[{"id":20176,"href":"https:\/\/martinemrichard.fr\/blog\/index.php?rest_route=\/wp\/v2\/posts\/20167\/revisions\/20176"}],"wp:attachment":[{"href":"https:\/\/martinemrichard.fr\/blog\/index.php?rest_route=%2Fwp%2Fv2%2Fmedia&parent=20167"}],"wp:term":[{"taxonomy":"category","embeddable":true,"href":"https:\/\/martinemrichard.fr\/blog\/index.php?rest_route=%2Fwp%2Fv2%2Fcategories&post=20167"},{"taxonomy":"post_tag","embeddable":true,"href":"https:\/\/martinemrichard.fr\/blog\/index.php?rest_route=%2Fwp%2Fv2%2Ftags&post=20167"}],"curies":[{"name":"wp","href":"https:\/\/api.w.org\/{rel}","templated":true}]}}