{"id":20215,"date":"2026-05-03T03:39:18","date_gmt":"2026-05-03T02:39:18","guid":{"rendered":"https:\/\/martinemrichard.fr\/blog\/?p=20215"},"modified":"2026-05-03T03:39:18","modified_gmt":"2026-05-03T02:39:18","slug":"papillon-2","status":"publish","type":"post","link":"https:\/\/martinemrichard.fr\/blog\/?p=20215","title":{"rendered":"Papillon"},"content":{"rendered":"<p><span style=\"font-family: Arial, sans-serif;\"><span style=\"font-size: x-large;\">Papillon<\/span><\/span><\/p>\n<p style=\"text-align: left;\"><span style=\"font-family: Arial, sans-serif;\"><span style=\"font-size: large;\"><br \/>\n<img loading=\"lazy\" decoding=\"async\" class=\"alignright size-full wp-image-19112\" src=\"https:\/\/martinemrichard.fr\/blog\/wp-content\/uploads\/2025\/01\/IMG_1796_v1.jpg\" alt=\"\" width=\"567\" height=\"575\" srcset=\"https:\/\/martinemrichard.fr\/blog\/wp-content\/uploads\/2025\/01\/IMG_1796_v1.jpg 567w, https:\/\/martinemrichard.fr\/blog\/wp-content\/uploads\/2025\/01\/IMG_1796_v1-296x300.jpg 296w\" sizes=\"auto, (max-width: 567px) 100vw, 567px\" \/><\/span><\/span><\/p>\n<p>&nbsp;<\/p>\n<p><span style=\"font-family: Arial, sans-serif;\"><span style=\"font-size: large;\">Sourire esquiss\u00e9<\/span><\/span><\/p>\n<p><span style=\"font-family: Arial, sans-serif;\"><span style=\"font-size: large;\">Talons aiguis\u00e9s<\/span><\/span><\/p>\n<p><span style=\"font-family: Arial, sans-serif;\"><span style=\"font-size: large;\">La Belle sur son carr\u00e9 tussor*<\/span><\/span><\/p>\n<p><span style=\"font-family: Arial, sans-serif;\"><span style=\"font-size: large;\">A le charme sibyllin<\/span><\/span><\/p>\n<p><span style=\"font-family: Arial, sans-serif;\"><span style=\"font-size: large;\">D\u2019un soir v\u00e9nitien<\/span><\/span><\/p>\n<p>&nbsp;<\/p>\n<p><span style=\"font-family: Arial, sans-serif;\"><span style=\"font-size: large;\">Joli papillon de nuit**<\/span><\/span><\/p>\n<p><span style=\"font-family: Arial, sans-serif;\"><span style=\"font-size: large;\">Sur votre lit<\/span><\/span><\/p>\n<p><span style=\"font-family: Arial, sans-serif;\"><span style=\"font-size: large;\">Vers o\u00f9<\/span><\/span><\/p>\n<p><span style=\"font-family: Arial, sans-serif;\"><span style=\"font-size: large;\">Vers quoi<\/span><\/span><\/p>\n<p><span style=\"font-family: Arial, sans-serif;\"><span style=\"font-size: large;\">Vers qui<\/span><\/span><\/p>\n<p><span style=\"font-family: Arial, sans-serif;\"><span style=\"font-size: large;\">Volent vos songeries\u00a0?<\/span><\/span><\/p>\n<p>.<\/p>\n<p>MMR ( tous droits r\u00e9serv\u00e9s)<\/p>\n<p>*<em> Tussor:\u00a0 \u00e9toffe de soie l\u00e9g\u00e8re d&rsquo;origine indienne fabriqu\u00e9e avec la soie du ver \u00e0 soie sauvage.<\/em><\/p>\n<p>** <em>Sur ma photo, ce n&rsquo;est pas un papillon de nuit. Je n&rsquo;en ai pas dans mes albums.\u00a0 Il s&rsquo;agit de\u00a0 Aglais io ou , plus couramment appel\u00e9: le paon du jour, un visiteur capricieux de mon jardin.<\/em><\/p>\n<p><em>Ordre des L\u00e9pidopt\u00e8res<\/em><\/p>\n<p><em>\u00a0Famille des Nymphalidae <\/em><\/p>\n<p><em>Sous-famille des Nymphalinae<\/em><\/p>\n","protected":false},"excerpt":{"rendered":"<p>Papillon &nbsp; Sourire esquiss\u00e9 Talons aiguis\u00e9s La Belle sur son carr\u00e9 tussor* A le charme sibyllin D\u2019un soir v\u00e9nitien &nbsp; Joli papillon de nuit** Sur votre lit Vers o\u00f9 Vers quoi Vers qui Volent vos songeries\u00a0? . MMR ( tous droits r\u00e9serv\u00e9s) * Tussor:\u00a0 \u00e9toffe de soie l\u00e9g\u00e8re d&rsquo;origine indienne fabriqu\u00e9e avec la soie du [&hellip;]<\/p>\n","protected":false},"author":1,"featured_media":0,"comment_status":"open","ping_status":"open","sticky":false,"template":"","format":"standard","meta":{"footnotes":""},"categories":[58,4],"tags":[1877,1883,1882,97,1109,75,134,1879,1880,1878,1881],"class_list":["post-20215","post","type-post","status-publish","format-standard","hentry","category-papillons","category-poemes","tag-aglais-io","tag-belle","tag-charme","tag-lepidopteres","tag-paon-du-jour","tag-papillon","tag-poeme","tag-songeries","tag-sybillin","tag-tussor","tag-venitien"],"_links":{"self":[{"href":"https:\/\/martinemrichard.fr\/blog\/index.php?rest_route=\/wp\/v2\/posts\/20215","targetHints":{"allow":["GET"]}}],"collection":[{"href":"https:\/\/martinemrichard.fr\/blog\/index.php?rest_route=\/wp\/v2\/posts"}],"about":[{"href":"https:\/\/martinemrichard.fr\/blog\/index.php?rest_route=\/wp\/v2\/types\/post"}],"author":[{"embeddable":true,"href":"https:\/\/martinemrichard.fr\/blog\/index.php?rest_route=\/wp\/v2\/users\/1"}],"replies":[{"embeddable":true,"href":"https:\/\/martinemrichard.fr\/blog\/index.php?rest_route=%2Fwp%2Fv2%2Fcomments&post=20215"}],"version-history":[{"count":8,"href":"https:\/\/martinemrichard.fr\/blog\/index.php?rest_route=\/wp\/v2\/posts\/20215\/revisions"}],"predecessor-version":[{"id":20223,"href":"https:\/\/martinemrichard.fr\/blog\/index.php?rest_route=\/wp\/v2\/posts\/20215\/revisions\/20223"}],"wp:attachment":[{"href":"https:\/\/martinemrichard.fr\/blog\/index.php?rest_route=%2Fwp%2Fv2%2Fmedia&parent=20215"}],"wp:term":[{"taxonomy":"category","embeddable":true,"href":"https:\/\/martinemrichard.fr\/blog\/index.php?rest_route=%2Fwp%2Fv2%2Fcategories&post=20215"},{"taxonomy":"post_tag","embeddable":true,"href":"https:\/\/martinemrichard.fr\/blog\/index.php?rest_route=%2Fwp%2Fv2%2Ftags&post=20215"}],"curies":[{"name":"wp","href":"https:\/\/api.w.org\/{rel}","templated":true}]}}