{"id":2404,"date":"2011-08-16T00:10:53","date_gmt":"2011-08-15T22:10:53","guid":{"rendered":"http:\/\/martinemrichard.fr\/blog\/?p=2404"},"modified":"2011-08-13T22:13:00","modified_gmt":"2011-08-13T20:13:00","slug":"dans-la-brume","status":"publish","type":"post","link":"https:\/\/martinemrichard.fr\/blog\/?p=2404","title":{"rendered":"Dans la brume"},"content":{"rendered":"<p>Le soleil joue \u00e0 cache-cache aujourd&rsquo;hui pour le nouveau th\u00e8me de la communaut\u00e9\u00a0 \u00ab\u00a0entre ombre et lumi\u00e8re\u00a0\u00bb de Hauteclaire,<\/p>\n<p><a href=\"http:\/\/www.over-blog.com\/com-1193061977\/Entre_ombre_et_lumiere.html\"><strong>ici <\/strong><\/a><\/p>\n<p style=\"text-align: justify;\">Ce matin l\u00e0, j&rsquo;avais h\u00e2te d&rsquo;assister au lever du soleil sur le Bassin <a href=\"https:\/\/martinemrichard.fr\/blog\/wp-content\/uploads\/2011\/08\/brume-1-a.jpg\"><img loading=\"lazy\" decoding=\"async\" class=\"alignright size-medium wp-image-2405\" title=\"brume 1 a\" src=\"https:\/\/martinemrichard.fr\/blog\/wp-content\/uploads\/2011\/08\/brume-1-a-225x300.jpg\" alt=\"\" width=\"225\" height=\"300\" srcset=\"https:\/\/martinemrichard.fr\/blog\/wp-content\/uploads\/2011\/08\/brume-1-a-225x300.jpg 225w, https:\/\/martinemrichard.fr\/blog\/wp-content\/uploads\/2011\/08\/brume-1-a-768x1024.jpg 768w, https:\/\/martinemrichard.fr\/blog\/wp-content\/uploads\/2011\/08\/brume-1-a.jpg 1982w\" sizes=\"auto, (max-width: 225px) 100vw, 225px\" \/><\/a>. Tout \u00e9tait pr\u00e9par\u00e9 sur une chaise de la cuisine: jogging, parka, chaussures et surtout l&rsquo;appareil photo. J&rsquo;ouvris le plus silencieusement possible la porte et&#8230; d\u00e9ception. La brume mangeait le ciel. Je l&rsquo;apercevais enroulant et d\u00e9roulant ses voiles tristounets.\u00a0 Et zut! Pas de soleil ce matin? J&rsquo;h\u00e9sitai un instant puis d\u00e9cidai d&rsquo;aller faire tout de m\u00eame ma petite balade\u00a0 habituelle.<\/p>\n<p style=\"text-align: justify;\"><a href=\"https:\/\/martinemrichard.fr\/blog\/wp-content\/uploads\/2011\/08\/brume-2.jpg\"><img loading=\"lazy\" decoding=\"async\" class=\"alignleft size-medium wp-image-2406\" title=\"brume 2\" src=\"https:\/\/martinemrichard.fr\/blog\/wp-content\/uploads\/2011\/08\/brume-2-300x225.jpg\" alt=\"\" width=\"300\" height=\"225\" srcset=\"https:\/\/martinemrichard.fr\/blog\/wp-content\/uploads\/2011\/08\/brume-2-300x225.jpg 300w, https:\/\/martinemrichard.fr\/blog\/wp-content\/uploads\/2011\/08\/brume-2-1024x768.jpg 1024w\" sizes=\"auto, (max-width: 300px) 100vw, 300px\" \/><\/a>La mar\u00e9e \u00e9tait basse. Le cri assourdi d&rsquo;une mouette se heurtait aux rideaux blanch\u00e2tres . Silhouette fantomatique, l&rsquo;\u00eele au oiseaux jouait au bateau fant\u00f4me.<\/p>\n<p style=\"text-align: justify;\">Les aiguilles de pin\u00a0 gommaient l&rsquo;\u00e9cho de mes pas. Une cinquantaine de m\u00e8tres \u00e0 peine me s\u00e9paraient du portail en bois.\u00a0 Et l\u00e0&#8230;surprise extraordinaire,\u00a0 blanches dans tout ce coton humide&#8230; une bonne trentaine d&rsquo;aigrettes garzettes vaquaient, tranquilles,\u00a0 \u00e0 leurs affaires.<\/p>\n<p style=\"text-align: justify;\"><a href=\"https:\/\/martinemrichard.fr\/blog\/wp-content\/uploads\/2011\/08\/brume-3.jpg\"><img loading=\"lazy\" decoding=\"async\" class=\"alignleft size-medium wp-image-2408\" title=\"brume 3\" src=\"https:\/\/martinemrichard.fr\/blog\/wp-content\/uploads\/2011\/08\/brume-3-300x185.jpg\" alt=\"\" width=\"300\" height=\"185\" srcset=\"https:\/\/martinemrichard.fr\/blog\/wp-content\/uploads\/2011\/08\/brume-3-300x185.jpg 300w, https:\/\/martinemrichard.fr\/blog\/wp-content\/uploads\/2011\/08\/brume-3-1024x634.jpg 1024w\" sizes=\"auto, (max-width: 300px) 100vw, 300px\" \/><\/a>Je sortis tr\u00e8s lentement mon engin et clic-clac, les mitraillai sans trop d&rsquo;illusions. Pas assez de lumi\u00e8re, pas de zoom performant. Mais tant pis, l&rsquo;occasion \u00e9tait trop belle pour ne pas la saisir. Il en restera un souvenir de nacre fondante, parfois d&rsquo;une nettet\u00e9 de carton p\u00e2te, parfois diffus et \u00e9th\u00e9r\u00e9&#8230; Je tentai d&rsquo;ouvrir le portail en\u00a0 douceur pour m&rsquo;approcher mais&#8230; pffft! Un grand vol d&rsquo;ailes virginales&#8230; et&#8230; ne resta qu&rsquo;une solitaire acari\u00e2tre disputant \u00a0 un d\u00e9lice invisible \u00e0 la mouette hargneuse. Les belles ballerines s&rsquo;en \u00e9taient all\u00e9 vers Ar\u00e8s, peut-\u00eatre ,ou Andernos ,qui sait. Le soleil commen\u00e7a \u00e0 d\u00e9chirer les drap\u00e9s mouvants.<\/p>\n<p style=\"text-align: justify;\"><a href=\"https:\/\/martinemrichard.fr\/blog\/wp-content\/uploads\/2011\/08\/brume-11.jpg\"><img loading=\"lazy\" decoding=\"async\" class=\"alignleft size-medium wp-image-2411\" title=\"brume 1\" src=\"https:\/\/martinemrichard.fr\/blog\/wp-content\/uploads\/2011\/08\/brume-11-272x300.jpg\" alt=\"\" width=\"272\" height=\"300\" srcset=\"https:\/\/martinemrichard.fr\/blog\/wp-content\/uploads\/2011\/08\/brume-11-272x300.jpg 272w, https:\/\/martinemrichard.fr\/blog\/wp-content\/uploads\/2011\/08\/brume-11-929x1024.jpg 929w\" sizes=\"auto, (max-width: 272px) 100vw, 272px\" \/><\/a><\/p>\n<p style=\"text-align: justify;\">Timide clapot-<\/p>\n<p style=\"text-align: justify;\">Le temps semble englu\u00e9<\/p>\n<p style=\"text-align: justify;\">\u00c9charpes de brume<\/p>\n<p style=\"text-align: justify;\">.<\/p>\n<p style=\"text-align: justify;\">MMr ( tous droits r\u00e9serv\u00e9s)<\/p>\n<p style=\"text-align: justify;\">\n","protected":false},"excerpt":{"rendered":"<p>Le soleil joue \u00e0 cache-cache aujourd&rsquo;hui pour le nouveau th\u00e8me de la communaut\u00e9\u00a0 \u00ab\u00a0entre ombre et lumi\u00e8re\u00a0\u00bb de Hauteclaire, ici Ce matin l\u00e0, j&rsquo;avais h\u00e2te d&rsquo;assister au lever du soleil sur le Bassin . Tout \u00e9tait pr\u00e9par\u00e9 sur une chaise de la cuisine: jogging, parka, chaussures et surtout l&rsquo;appareil photo. J&rsquo;ouvris le plus silencieusement possible [&hellip;]<\/p>\n","protected":false},"author":1,"featured_media":0,"comment_status":"open","ping_status":"open","sticky":false,"template":"","format":"standard","meta":{"footnotes":""},"categories":[84,70],"tags":[175,135,174,37],"class_list":["post-2404","post","type-post","status-publish","format-standard","hentry","category-entre-ombre-et-lumiere","category-ocean-et-bassin-darcachon","tag-aigrette-garzette","tag-bassin-darcachon","tag-brume","tag-haikus"],"_links":{"self":[{"href":"https:\/\/martinemrichard.fr\/blog\/index.php?rest_route=\/wp\/v2\/posts\/2404","targetHints":{"allow":["GET"]}}],"collection":[{"href":"https:\/\/martinemrichard.fr\/blog\/index.php?rest_route=\/wp\/v2\/posts"}],"about":[{"href":"https:\/\/martinemrichard.fr\/blog\/index.php?rest_route=\/wp\/v2\/types\/post"}],"author":[{"embeddable":true,"href":"https:\/\/martinemrichard.fr\/blog\/index.php?rest_route=\/wp\/v2\/users\/1"}],"replies":[{"embeddable":true,"href":"https:\/\/martinemrichard.fr\/blog\/index.php?rest_route=%2Fwp%2Fv2%2Fcomments&post=2404"}],"version-history":[{"count":9,"href":"https:\/\/martinemrichard.fr\/blog\/index.php?rest_route=\/wp\/v2\/posts\/2404\/revisions"}],"predecessor-version":[{"id":2418,"href":"https:\/\/martinemrichard.fr\/blog\/index.php?rest_route=\/wp\/v2\/posts\/2404\/revisions\/2418"}],"wp:attachment":[{"href":"https:\/\/martinemrichard.fr\/blog\/index.php?rest_route=%2Fwp%2Fv2%2Fmedia&parent=2404"}],"wp:term":[{"taxonomy":"category","embeddable":true,"href":"https:\/\/martinemrichard.fr\/blog\/index.php?rest_route=%2Fwp%2Fv2%2Fcategories&post=2404"},{"taxonomy":"post_tag","embeddable":true,"href":"https:\/\/martinemrichard.fr\/blog\/index.php?rest_route=%2Fwp%2Fv2%2Ftags&post=2404"}],"curies":[{"name":"wp","href":"https:\/\/api.w.org\/{rel}","templated":true}]}}