{"id":2440,"date":"2011-08-23T07:26:11","date_gmt":"2011-08-23T05:26:11","guid":{"rendered":"http:\/\/martinemrichard.fr\/blog\/?p=2440"},"modified":"2011-08-23T07:26:11","modified_gmt":"2011-08-23T05:26:11","slug":"les-arbres-en-couleur","status":"publish","type":"post","link":"https:\/\/martinemrichard.fr\/blog\/?p=2440","title":{"rendered":"Les arbres en couleur"},"content":{"rendered":"<p>Ce mardi, nouveau th\u00e8me pour la communaut\u00e9 \u00ab\u00a0entre ombre et lumi\u00e8re\u00a0\u00bb\u00a0 de Hauteclaire, <a href=\"http:\/\/www.over-blog.com\/com-1193061977\/Entre_ombre_et_lumiere.html\"><strong>ici<\/strong><\/a>,: la couleur des arbres.<\/p>\n<p>Vaste sujet, magnifique, pris au petit bonheur la chance&#8230;<\/p>\n<p><a href=\"https:\/\/martinemrichard.fr\/blog\/wp-content\/uploads\/2011\/08\/arbre-de-judee.jpg\"><img loading=\"lazy\" decoding=\"async\" class=\"alignright size-medium wp-image-2442\" title=\"arbre de judee\" src=\"https:\/\/martinemrichard.fr\/blog\/wp-content\/uploads\/2011\/08\/arbre-de-judee-225x300.jpg\" alt=\"\" width=\"225\" height=\"300\" srcset=\"https:\/\/martinemrichard.fr\/blog\/wp-content\/uploads\/2011\/08\/arbre-de-judee-225x300.jpg 225w, https:\/\/martinemrichard.fr\/blog\/wp-content\/uploads\/2011\/08\/arbre-de-judee-768x1024.jpg 768w, https:\/\/martinemrichard.fr\/blog\/wp-content\/uploads\/2011\/08\/arbre-de-judee.jpg 1785w\" sizes=\"auto, (max-width: 225px) 100vw, 225px\" \/><\/a><\/p>\n<p><a href=\"https:\/\/martinemrichard.fr\/blog\/wp-content\/uploads\/2011\/08\/cerisier-en-montagne.jpg\"><img loading=\"lazy\" decoding=\"async\" class=\"alignleft size-medium wp-image-2443\" title=\"cerisier en montagne\" src=\"https:\/\/martinemrichard.fr\/blog\/wp-content\/uploads\/2011\/08\/cerisier-en-montagne-300x225.jpg\" alt=\"\" width=\"300\" height=\"225\" srcset=\"https:\/\/martinemrichard.fr\/blog\/wp-content\/uploads\/2011\/08\/cerisier-en-montagne-300x225.jpg 300w, https:\/\/martinemrichard.fr\/blog\/wp-content\/uploads\/2011\/08\/cerisier-en-montagne-1024x768.jpg 1024w\" sizes=\"auto, (max-width: 300px) 100vw, 300px\" \/><\/a>ha\u00efku<\/p>\n<p>.<\/p>\n<p>Couleurs de printemps-<\/p>\n<p>Soies l\u00e9g\u00e8res et agressives<\/p>\n<p>Arbres s\u00e9ducteurs<\/p>\n<p>.<\/p>\n<p>Certains ont une floraison discr\u00e8te comme le saule pleureur <a href=\"https:\/\/martinemrichard.fr\/blog\/wp-content\/uploads\/2011\/08\/saule-pleureur1.jpg\"><img loading=\"lazy\" decoding=\"async\" class=\"alignleft size-medium wp-image-2450\" title=\"saule pleureur\" src=\"https:\/\/martinemrichard.fr\/blog\/wp-content\/uploads\/2011\/08\/saule-pleureur1-225x300.jpg\" alt=\"\" width=\"225\" height=\"300\" srcset=\"https:\/\/martinemrichard.fr\/blog\/wp-content\/uploads\/2011\/08\/saule-pleureur1-225x300.jpg 225w, https:\/\/martinemrichard.fr\/blog\/wp-content\/uploads\/2011\/08\/saule-pleureur1-768x1024.jpg 768w\" sizes=\"auto, (max-width: 225px) 100vw, 225px\" \/><\/a><\/p>\n<p>.<a href=\"https:\/\/martinemrichard.fr\/blog\/wp-content\/uploads\/2011\/08\/erable.jpg\"><img loading=\"lazy\" decoding=\"async\" class=\"alignright size-medium wp-image-2452\" title=\"erable\" src=\"https:\/\/martinemrichard.fr\/blog\/wp-content\/uploads\/2011\/08\/erable-300x225.jpg\" alt=\"\" width=\"300\" height=\"225\" srcset=\"https:\/\/martinemrichard.fr\/blog\/wp-content\/uploads\/2011\/08\/erable-300x225.jpg 300w, https:\/\/martinemrichard.fr\/blog\/wp-content\/uploads\/2011\/08\/erable-1024x768.jpg 1024w\" sizes=\"auto, (max-width: 300px) 100vw, 300px\" \/><\/a>Tanka<\/p>\n<p>.<\/p>\n<p>Au soleil alpin-<\/p>\n<p>Nonchalance languissante<\/p>\n<p>Les voiles du saule<\/p>\n<p>Toge rouge imperator<\/p>\n<p>\u00c9rable dominateur<\/p>\n<p>.<\/p>\n<p>La beaut\u00e9 d&rsquo;une floraison est \u00e9mouvante au possible, ainsi que les feuillages d&rsquo;automne. Mais il ne faut pas oublier les troncs.<\/p>\n<p><a href=\"https:\/\/martinemrichard.fr\/blog\/wp-content\/uploads\/2011\/08\/peuplier-_tremble.jpg\"><img loading=\"lazy\" decoding=\"async\" class=\"alignleft size-medium wp-image-2457\" title=\"peuplier _tremble\" src=\"https:\/\/martinemrichard.fr\/blog\/wp-content\/uploads\/2011\/08\/peuplier-_tremble-225x300.jpg\" alt=\"\" width=\"225\" height=\"300\" srcset=\"https:\/\/martinemrichard.fr\/blog\/wp-content\/uploads\/2011\/08\/peuplier-_tremble-225x300.jpg 225w, https:\/\/martinemrichard.fr\/blog\/wp-content\/uploads\/2011\/08\/peuplier-_tremble-768x1024.jpg 768w, https:\/\/martinemrichard.fr\/blog\/wp-content\/uploads\/2011\/08\/peuplier-_tremble.jpg 1586w\" sizes=\"auto, (max-width: 225px) 100vw, 225px\" \/><\/a>Tanka <a href=\"https:\/\/martinemrichard.fr\/blog\/wp-content\/uploads\/2011\/08\/imag0512-r1.jpg\"><img loading=\"lazy\" decoding=\"async\" class=\"alignright size-medium wp-image-2458\" title=\"imag0512 r\" src=\"https:\/\/martinemrichard.fr\/blog\/wp-content\/uploads\/2011\/08\/imag0512-r1-300x225.jpg\" alt=\"\" width=\"300\" height=\"225\" srcset=\"https:\/\/martinemrichard.fr\/blog\/wp-content\/uploads\/2011\/08\/imag0512-r1-300x225.jpg 300w, https:\/\/martinemrichard.fr\/blog\/wp-content\/uploads\/2011\/08\/imag0512-r1.jpg 532w\" sizes=\"auto, (max-width: 300px) 100vw, 300px\" \/><\/a><\/p>\n<p>A l&rsquo;heure de la sieste-<\/p>\n<p>Berceuse du peuplier<\/p>\n<p>Contes argent\u00e9s<\/p>\n<p>Les pins au pied de la dune<\/p>\n<p>Las! Grandeur et d\u00e9cadence.<\/p>\n<p>.<\/p>\n<p>MMR ( tous droits r\u00e9serv\u00e9s)<\/p>\n","protected":false},"excerpt":{"rendered":"<p>Ce mardi, nouveau th\u00e8me pour la communaut\u00e9 \u00ab\u00a0entre ombre et lumi\u00e8re\u00a0\u00bb\u00a0 de Hauteclaire, ici,: la couleur des arbres. Vaste sujet, magnifique, pris au petit bonheur la chance&#8230; ha\u00efku . Couleurs de printemps- Soies l\u00e9g\u00e8res et agressives Arbres s\u00e9ducteurs . Certains ont une floraison discr\u00e8te comme le saule pleureur .Tanka . Au soleil alpin- Nonchalance languissante [&hellip;]<\/p>\n","protected":false},"author":1,"featured_media":0,"comment_status":"open","ping_status":"open","sticky":false,"template":"","format":"standard","meta":{"footnotes":""},"categories":[84],"tags":[183,182,185,180,37,181,184,122,121],"class_list":["post-2440","post","type-post","status-publish","format-standard","hentry","category-entre-ombre-et-lumiere","tag-arbre-de-judee","tag-cerisier","tag-dune-du-pyla","tag-erable","tag-haikus","tag-pins","tag-saule-pleureur","tag-soleil","tag-tanka"],"_links":{"self":[{"href":"https:\/\/martinemrichard.fr\/blog\/index.php?rest_route=\/wp\/v2\/posts\/2440","targetHints":{"allow":["GET"]}}],"collection":[{"href":"https:\/\/martinemrichard.fr\/blog\/index.php?rest_route=\/wp\/v2\/posts"}],"about":[{"href":"https:\/\/martinemrichard.fr\/blog\/index.php?rest_route=\/wp\/v2\/types\/post"}],"author":[{"embeddable":true,"href":"https:\/\/martinemrichard.fr\/blog\/index.php?rest_route=\/wp\/v2\/users\/1"}],"replies":[{"embeddable":true,"href":"https:\/\/martinemrichard.fr\/blog\/index.php?rest_route=%2Fwp%2Fv2%2Fcomments&post=2440"}],"version-history":[{"count":14,"href":"https:\/\/martinemrichard.fr\/blog\/index.php?rest_route=\/wp\/v2\/posts\/2440\/revisions"}],"predecessor-version":[{"id":2462,"href":"https:\/\/martinemrichard.fr\/blog\/index.php?rest_route=\/wp\/v2\/posts\/2440\/revisions\/2462"}],"wp:attachment":[{"href":"https:\/\/martinemrichard.fr\/blog\/index.php?rest_route=%2Fwp%2Fv2%2Fmedia&parent=2440"}],"wp:term":[{"taxonomy":"category","embeddable":true,"href":"https:\/\/martinemrichard.fr\/blog\/index.php?rest_route=%2Fwp%2Fv2%2Fcategories&post=2440"},{"taxonomy":"post_tag","embeddable":true,"href":"https:\/\/martinemrichard.fr\/blog\/index.php?rest_route=%2Fwp%2Fv2%2Ftags&post=2440"}],"curies":[{"name":"wp","href":"https:\/\/api.w.org\/{rel}","templated":true}]}}