{"id":2555,"date":"2011-09-06T04:42:19","date_gmt":"2011-09-06T02:42:19","guid":{"rendered":"http:\/\/martinemrichard.fr\/blog\/?p=2555"},"modified":"2011-09-06T04:42:19","modified_gmt":"2011-09-06T02:42:19","slug":"laube-ou-le-crepuscule","status":"publish","type":"post","link":"https:\/\/martinemrichard.fr\/blog\/?p=2555","title":{"rendered":"L&rsquo;aube ou le cr\u00e9puscule?"},"content":{"rendered":"<p>Nouveau th\u00e8me ce mardi,\u00a0 pour la communaut\u00e9 \u00ab\u00a0entre ombre et lumi\u00e8re\u00a0\u00bb de Hauteclaire,<strong> <a href=\"http:\/\/www.over-blog.com\/com-1193061977\/Entre_ombre_et_lumiere.html\">ici<\/a> <\/strong>, aube ou cr\u00e9puscule.<\/p>\n<p>Je n&rsquo;ai jamais su faire la diff\u00e9rence. C&rsquo;est plut\u00f4t affaire de sensation. Pour le lever, comment choisir parmi mes milliers de photos?<\/p>\n<p>Voici quelques levers derri\u00e8re le grand Yucca de mes voisins:<\/p>\n<p><a href=\"https:\/\/martinemrichard.fr\/blog\/wp-content\/uploads\/2011\/09\/lever-1.jpg\"><img loading=\"lazy\" decoding=\"async\" class=\"alignleft size-thumbnail wp-image-2556\" title=\"lever 1\" src=\"https:\/\/martinemrichard.fr\/blog\/wp-content\/uploads\/2011\/09\/lever-1-150x150.jpg\" alt=\"\" width=\"150\" height=\"150\" \/><\/a><a href=\"https:\/\/martinemrichard.fr\/blog\/wp-content\/uploads\/2011\/09\/lever-2.jpg\"><img loading=\"lazy\" decoding=\"async\" class=\"aligncenter size-thumbnail wp-image-2557\" title=\"lever 2\" src=\"https:\/\/martinemrichard.fr\/blog\/wp-content\/uploads\/2011\/09\/lever-2-150x150.jpg\" alt=\"\" width=\"150\" height=\"150\" \/><\/a><\/p>\n<p>.<\/p>\n<p><em>D\u00e9but de mon po\u00e8me \u00ab\u00a0Pr\u00e9mices\u00a0\u00bb:<\/em><\/p>\n<p>A pas de loup <a href=\"https:\/\/martinemrichard.fr\/blog\/wp-content\/uploads\/2011\/09\/lever-4-1.jpg\"><img loading=\"lazy\" decoding=\"async\" class=\"alignright size-thumbnail wp-image-2560\" title=\"lever 4\" src=\"https:\/\/martinemrichard.fr\/blog\/wp-content\/uploads\/2011\/09\/lever-4-1-150x150.jpg\" alt=\"\" width=\"150\" height=\"150\" \/><\/a><\/p>\n<p>Au petit jour<\/p>\n<p>Lorsque la nuit traine dans les coins<\/p>\n<p>Quel d\u00e9lice ce petit tour dans la fra\u00eecheur de mon jardin&#8230;<\/p>\n<p><a href=\"https:\/\/martinemrichard.fr\/blog\/wp-content\/uploads\/2011\/09\/lever-2-.jpg\"><img loading=\"lazy\" decoding=\"async\" class=\"alignright size-medium wp-image-2561\" title=\"lever 2\" src=\"https:\/\/martinemrichard.fr\/blog\/wp-content\/uploads\/2011\/09\/lever-2--225x300.jpg\" alt=\"\" width=\"225\" height=\"300\" srcset=\"https:\/\/martinemrichard.fr\/blog\/wp-content\/uploads\/2011\/09\/lever-2--225x300.jpg 225w, https:\/\/martinemrichard.fr\/blog\/wp-content\/uploads\/2011\/09\/lever-2--768x1024.jpg 768w, https:\/\/martinemrichard.fr\/blog\/wp-content\/uploads\/2011\/09\/lever-2-.jpg 1258w\" sizes=\"auto, (max-width: 225px) 100vw, 225px\" \/><\/a>D&rsquo;autres levers:<\/p>\n<p><a href=\"https:\/\/martinemrichard.fr\/blog\/?p=2160\"><strong>ici<\/strong><\/a>,<\/p>\n<p>et encore<\/p>\n<p><a href=\"https:\/\/martinemrichard.fr\/blog\/?p=512\"><strong>ici,<\/strong><\/a><\/p>\n<p>Apr\u00e8s l&rsquo;aube aussi l\u00e9g\u00e8re qu&rsquo;une plume sur le parfum des lauriers blancs<strong> <\/strong>, passons maintenant au coucher.<\/p>\n<p>.<\/p>\n<p><em>D\u00e9but de mon po\u00e8me \u00ab\u00a0Au coucher\u00a0\u00bb<\/em>:<\/p>\n<p>Chaque soir diff\u00e9rent,<\/p>\n<p>Romantique ou tragique,<\/p>\n<p>Parfois inexistant,<\/p>\n<p>Il nous snobe lunatique.<\/p>\n<p><a href=\"https:\/\/martinemrichard.fr\/blog\/wp-content\/uploads\/2011\/09\/coucher-1.jpg\"><img loading=\"lazy\" decoding=\"async\" class=\"alignleft size-medium wp-image-2562\" title=\"coucher 1\" src=\"https:\/\/martinemrichard.fr\/blog\/wp-content\/uploads\/2011\/09\/coucher-1-300x225.jpg\" alt=\"\" width=\"300\" height=\"225\" srcset=\"https:\/\/martinemrichard.fr\/blog\/wp-content\/uploads\/2011\/09\/coucher-1-300x225.jpg 300w, https:\/\/martinemrichard.fr\/blog\/wp-content\/uploads\/2011\/09\/coucher-1-1024x768.jpg 1024w\" sizes=\"auto, (max-width: 300px) 100vw, 300px\" \/><\/a><a href=\"https:\/\/martinemrichard.fr\/blog\/wp-content\/uploads\/2011\/09\/coucher-2-.jpg\"><img loading=\"lazy\" decoding=\"async\" class=\"alignright size-medium wp-image-2563\" title=\"coucher 2\" src=\"https:\/\/martinemrichard.fr\/blog\/wp-content\/uploads\/2011\/09\/coucher-2--300x242.jpg\" alt=\"\" width=\"300\" height=\"242\" srcset=\"https:\/\/martinemrichard.fr\/blog\/wp-content\/uploads\/2011\/09\/coucher-2--300x242.jpg 300w, https:\/\/martinemrichard.fr\/blog\/wp-content\/uploads\/2011\/09\/coucher-2--1024x828.jpg 1024w\" sizes=\"auto, (max-width: 300px) 100vw, 300px\" \/><\/a>.<\/p>\n<p>.<\/p>\n<p>.<\/p>\n<p>.<\/p>\n<p>.<\/p>\n<p>.<\/p>\n<p><strong><br \/>\n<\/strong><\/p>\n<p>Le soleil nous accorde,<\/p>\n<p>De ses longs doigts de feu,<\/p>\n<p>Une danse espagnole<\/p>\n<p>Ou un slow langoureux.\u00a0\u00bb<\/p>\n<p>.<\/p>\n<p>MMR ( tous droits r\u00e9serv\u00e9s)<\/p>\n","protected":false},"excerpt":{"rendered":"<p>Nouveau th\u00e8me ce mardi,\u00a0 pour la communaut\u00e9 \u00ab\u00a0entre ombre et lumi\u00e8re\u00a0\u00bb de Hauteclaire, ici , aube ou cr\u00e9puscule. Je n&rsquo;ai jamais su faire la diff\u00e9rence. C&rsquo;est plut\u00f4t affaire de sensation. Pour le lever, comment choisir parmi mes milliers de photos? Voici quelques levers derri\u00e8re le grand Yucca de mes voisins: . D\u00e9but de mon po\u00e8me [&hellip;]<\/p>\n","protected":false},"author":1,"featured_media":0,"comment_status":"open","ping_status":"open","sticky":false,"template":"","format":"standard","meta":{"footnotes":""},"categories":[84,4],"tags":[207,206,134,122],"class_list":["post-2555","post","type-post","status-publish","format-standard","hentry","category-entre-ombre-et-lumiere","category-poemes","tag-coucher-de-soleil","tag-lever-de-soleil","tag-poeme","tag-soleil"],"_links":{"self":[{"href":"https:\/\/martinemrichard.fr\/blog\/index.php?rest_route=\/wp\/v2\/posts\/2555","targetHints":{"allow":["GET"]}}],"collection":[{"href":"https:\/\/martinemrichard.fr\/blog\/index.php?rest_route=\/wp\/v2\/posts"}],"about":[{"href":"https:\/\/martinemrichard.fr\/blog\/index.php?rest_route=\/wp\/v2\/types\/post"}],"author":[{"embeddable":true,"href":"https:\/\/martinemrichard.fr\/blog\/index.php?rest_route=\/wp\/v2\/users\/1"}],"replies":[{"embeddable":true,"href":"https:\/\/martinemrichard.fr\/blog\/index.php?rest_route=%2Fwp%2Fv2%2Fcomments&post=2555"}],"version-history":[{"count":6,"href":"https:\/\/martinemrichard.fr\/blog\/index.php?rest_route=\/wp\/v2\/posts\/2555\/revisions"}],"predecessor-version":[{"id":2568,"href":"https:\/\/martinemrichard.fr\/blog\/index.php?rest_route=\/wp\/v2\/posts\/2555\/revisions\/2568"}],"wp:attachment":[{"href":"https:\/\/martinemrichard.fr\/blog\/index.php?rest_route=%2Fwp%2Fv2%2Fmedia&parent=2555"}],"wp:term":[{"taxonomy":"category","embeddable":true,"href":"https:\/\/martinemrichard.fr\/blog\/index.php?rest_route=%2Fwp%2Fv2%2Fcategories&post=2555"},{"taxonomy":"post_tag","embeddable":true,"href":"https:\/\/martinemrichard.fr\/blog\/index.php?rest_route=%2Fwp%2Fv2%2Ftags&post=2555"}],"curies":[{"name":"wp","href":"https:\/\/api.w.org\/{rel}","templated":true}]}}