{"id":2912,"date":"2011-11-01T08:25:36","date_gmt":"2011-11-01T06:25:36","guid":{"rendered":"http:\/\/martinemrichard.fr\/blog\/?p=2912"},"modified":"2011-11-01T08:25:36","modified_gmt":"2011-11-01T06:25:36","slug":"un-chien","status":"publish","type":"post","link":"https:\/\/martinemrichard.fr\/blog\/?p=2912","title":{"rendered":"Un chien"},"content":{"rendered":"<p>Aujourd&rsquo;hui, le th\u00e8me pour la communaut\u00e9 de Hauteclaire, \u00ab\u00a0entre ombre et lumi\u00e8re\u00a0\u00bb, <a href=\"http:\/\/www.over-blog.com\/com-1193061977\/Entre_ombre_et_lumiere.html\"><span style=\"color: #0000ff;\"><strong>ici<\/strong><\/span><\/a>, <span style=\"color: #333333;\">est : les chiens<\/span>.\u00a0 J&rsquo;ai eu un elkhound\u00a0 pendant presque 15 ans. Je ne retrouve pas mes belles photos. En attendant de parler de lui, voici deux chiens saisis sur les plages.<\/p>\n<p><a href=\"https:\/\/martinemrichard.fr\/blog\/wp-content\/uploads\/2011\/11\/chien.jpg\"><img loading=\"lazy\" decoding=\"async\" class=\"alignright size-medium wp-image-2915\" title=\"chien\" src=\"https:\/\/martinemrichard.fr\/blog\/wp-content\/uploads\/2011\/11\/chien-300x175.jpg\" alt=\"\" width=\"300\" height=\"175\" srcset=\"https:\/\/martinemrichard.fr\/blog\/wp-content\/uploads\/2011\/11\/chien-300x175.jpg 300w, https:\/\/martinemrichard.fr\/blog\/wp-content\/uploads\/2011\/11\/chien-1024x600.jpg 1024w\" sizes=\"auto, (max-width: 300px) 100vw, 300px\" \/><\/a>Le premier au bord du Bassin d&rsquo;Arcachon. Il ressemble \u00e0 un border colie.<\/p>\n<p>.<\/p>\n<p>Plage \u00e0 mar\u00e9e basse-<\/p>\n<p>Parmi algues et coquillages<\/p>\n<p>Enqu\u00eate canine<\/p>\n<p>.<\/p>\n<p>Au bord de l&rsquo;oc\u00e9an, \u00e0 la pointe du Cap-Ferret:<\/p>\n<p><a href=\"https:\/\/martinemrichard.fr\/blog\/wp-content\/uploads\/2011\/11\/chien1.jpg\"><img loading=\"lazy\" decoding=\"async\" class=\"alignright size-medium wp-image-2916\" title=\"chien\" src=\"https:\/\/martinemrichard.fr\/blog\/wp-content\/uploads\/2011\/11\/chien1-225x300.jpg\" alt=\"\" width=\"225\" height=\"300\" srcset=\"https:\/\/martinemrichard.fr\/blog\/wp-content\/uploads\/2011\/11\/chien1-225x300.jpg 225w, https:\/\/martinemrichard.fr\/blog\/wp-content\/uploads\/2011\/11\/chien1-768x1024.jpg 768w, https:\/\/martinemrichard.fr\/blog\/wp-content\/uploads\/2011\/11\/chien1.jpg 1785w\" sizes=\"auto, (max-width: 225px) 100vw, 225px\" \/><\/a>.<\/p>\n<p>Vagues en septembre-<\/p>\n<p>D\u00e9daignant foule et rouleaux<\/p>\n<p>Chien dans pataugeoire.<\/p>\n<p>Parmi poissons et crevettes<\/p>\n<p>Fra\u00eecheur et ing\u00e9nuit\u00e9<\/p>\n<p>.<\/p>\n<p>MMR ( tous droits r\u00e9serv\u00e9s)<\/p>\n","protected":false},"excerpt":{"rendered":"<p>Aujourd&rsquo;hui, le th\u00e8me pour la communaut\u00e9 de Hauteclaire, \u00ab\u00a0entre ombre et lumi\u00e8re\u00a0\u00bb, ici, est : les chiens.\u00a0 J&rsquo;ai eu un elkhound\u00a0 pendant presque 15 ans. Je ne retrouve pas mes belles photos. En attendant de parler de lui, voici deux chiens saisis sur les plages. Le premier au bord du Bassin d&rsquo;Arcachon. Il ressemble \u00e0 [&hellip;]<\/p>\n","protected":false},"author":1,"featured_media":0,"comment_status":"open","ping_status":"open","sticky":false,"template":"","format":"standard","meta":{"footnotes":""},"categories":[84],"tags":[135,234,37,102,122,65],"class_list":["post-2912","post","type-post","status-publish","format-standard","hentry","category-entre-ombre-et-lumiere","tag-bassin-darcachon","tag-chien","tag-haikus","tag-ocean","tag-soleil","tag-vagues"],"_links":{"self":[{"href":"https:\/\/martinemrichard.fr\/blog\/index.php?rest_route=\/wp\/v2\/posts\/2912","targetHints":{"allow":["GET"]}}],"collection":[{"href":"https:\/\/martinemrichard.fr\/blog\/index.php?rest_route=\/wp\/v2\/posts"}],"about":[{"href":"https:\/\/martinemrichard.fr\/blog\/index.php?rest_route=\/wp\/v2\/types\/post"}],"author":[{"embeddable":true,"href":"https:\/\/martinemrichard.fr\/blog\/index.php?rest_route=\/wp\/v2\/users\/1"}],"replies":[{"embeddable":true,"href":"https:\/\/martinemrichard.fr\/blog\/index.php?rest_route=%2Fwp%2Fv2%2Fcomments&post=2912"}],"version-history":[{"count":6,"href":"https:\/\/martinemrichard.fr\/blog\/index.php?rest_route=\/wp\/v2\/posts\/2912\/revisions"}],"predecessor-version":[{"id":2921,"href":"https:\/\/martinemrichard.fr\/blog\/index.php?rest_route=\/wp\/v2\/posts\/2912\/revisions\/2921"}],"wp:attachment":[{"href":"https:\/\/martinemrichard.fr\/blog\/index.php?rest_route=%2Fwp%2Fv2%2Fmedia&parent=2912"}],"wp:term":[{"taxonomy":"category","embeddable":true,"href":"https:\/\/martinemrichard.fr\/blog\/index.php?rest_route=%2Fwp%2Fv2%2Fcategories&post=2912"},{"taxonomy":"post_tag","embeddable":true,"href":"https:\/\/martinemrichard.fr\/blog\/index.php?rest_route=%2Fwp%2Fv2%2Ftags&post=2912"}],"curies":[{"name":"wp","href":"https:\/\/api.w.org\/{rel}","templated":true}]}}