{"id":3281,"date":"2011-12-02T08:01:22","date_gmt":"2011-12-02T06:01:22","guid":{"rendered":"http:\/\/martinemrichard.fr\/blog\/?p=3281"},"modified":"2011-12-02T08:01:22","modified_gmt":"2011-12-02T06:01:22","slug":"sur-un-pas-de-danse","status":"publish","type":"post","link":"https:\/\/martinemrichard.fr\/blog\/?p=3281","title":{"rendered":"Sur un pas de danse"},"content":{"rendered":"<p>Th\u00e8me libre sur la danse pour ce nouveau rendez-vous du \u00ab\u00a0coucou du ha\u00efku\u00a0\u00bb , <a href=\"http:\/\/www.over-blog.com\/com-1172092675\/Le_coucou_du_haiku.html\"><span style=\"color: #0000ff;\"><strong>ici<\/strong><\/span><\/a> , communaut\u00e9 de Alice et Mamylilou:<\/p>\n<p>.<a href=\"https:\/\/martinemrichard.fr\/blog\/wp-content\/uploads\/2011\/12\/danse-rouge-et-noir-.jpg\"><img loading=\"lazy\" decoding=\"async\" class=\"alignright size-medium wp-image-3283\" title=\"danse  rouge et noir\" src=\"https:\/\/martinemrichard.fr\/blog\/wp-content\/uploads\/2011\/12\/danse-rouge-et-noir--300x216.jpg\" alt=\"\" width=\"300\" height=\"216\" srcset=\"https:\/\/martinemrichard.fr\/blog\/wp-content\/uploads\/2011\/12\/danse-rouge-et-noir--300x216.jpg 300w, https:\/\/martinemrichard.fr\/blog\/wp-content\/uploads\/2011\/12\/danse-rouge-et-noir--1024x740.jpg 1024w\" sizes=\"auto, (max-width: 300px) 100vw, 300px\" \/><\/a><\/p>\n<p>Ah la danse! Ce que j&rsquo;aime \u00e7a! Les marges de mes cahiers de brouillons \u00e9taient couvertes de griffonnages, de croquis de galb\u00e9s, de pieds point\u00e9s, de tutus longs ou courts&#8230;<\/p>\n<p>.<\/p>\n<p>Du rock \u00e0 la valse-<\/p>\n<p>Emport\u00e9e par la musique<\/p>\n<p>Bulle de plaisir<\/p>\n<p>.<\/p>\n<p>Le regret de n&rsquo;avoir pu pratiquer la danse classique a \u00e9t\u00e9 un peu compens\u00e9 par la pratique de la danse folklorique.<\/p>\n<p>.<a href=\"https:\/\/martinemrichard.fr\/blog\/wp-content\/uploads\/2011\/12\/danse-folklorique1.jpg\"><img loading=\"lazy\" decoding=\"async\" class=\"alignright size-medium wp-image-3287\" title=\"danse folklorique\" src=\"https:\/\/martinemrichard.fr\/blog\/wp-content\/uploads\/2011\/12\/danse-folklorique1-300x273.jpg\" alt=\"\" width=\"300\" height=\"273\" srcset=\"https:\/\/martinemrichard.fr\/blog\/wp-content\/uploads\/2011\/12\/danse-folklorique1-300x273.jpg 300w, https:\/\/martinemrichard.fr\/blog\/wp-content\/uploads\/2011\/12\/danse-folklorique1-1024x932.jpg 1024w\" sizes=\"auto, (max-width: 300px) 100vw, 300px\" \/><\/a><\/p>\n<p>Fouett\u00e9s et pli\u00e9s-<\/p>\n<p>En dansant la farandole<\/p>\n<p>\u00c9toile d&rsquo;un jour<\/p>\n<p>.<\/p>\n<p>Lorsque r\u00e9sonnent les tam-tam ou s&rsquo;\u00e9gosillent les guitares&#8230;<\/p>\n<p>.<\/p>\n<p>Rythmes endiabl\u00e9s-<\/p>\n<p>La passion coule dans les veines<\/p>\n<p>Amnistie de soi<\/p>\n<p>.<\/p>\n<p>Mais aussi&#8230; la danse&#8230;.. une s\u00e9duction &#8230;.<\/p>\n<p>.<\/p>\n<p>Stangers in the night-<\/p>\n<p>Tes mains ligotant ma taille<\/p>\n<p>Vertige du d\u00e9sir<\/p>\n<p>.<\/p>\n<p>MMr ( tous droits r\u00e9serv\u00e9s)<\/p>\n","protected":false},"excerpt":{"rendered":"<p>Th\u00e8me libre sur la danse pour ce nouveau rendez-vous du \u00ab\u00a0coucou du ha\u00efku\u00a0\u00bb , ici , communaut\u00e9 de Alice et Mamylilou: . Ah la danse! Ce que j&rsquo;aime \u00e7a! Les marges de mes cahiers de brouillons \u00e9taient couvertes de griffonnages, de croquis de galb\u00e9s, de pieds point\u00e9s, de tutus longs ou courts&#8230; . Du rock [&hellip;]<\/p>\n","protected":false},"author":1,"featured_media":0,"comment_status":"open","ping_status":"open","sticky":false,"template":"","format":"standard","meta":{"footnotes":""},"categories":[35],"tags":[130,279,281,37,282,280,278,284,283],"class_list":["post-3281","post","type-post","status-publish","format-standard","hentry","category-haikus-haibuns","tag-danse","tag-danse-folklorique","tag-farandole","tag-haikus","tag-rock","tag-rythme","tag-tam-tam","tag-tutu","tag-valse"],"_links":{"self":[{"href":"https:\/\/martinemrichard.fr\/blog\/index.php?rest_route=\/wp\/v2\/posts\/3281","targetHints":{"allow":["GET"]}}],"collection":[{"href":"https:\/\/martinemrichard.fr\/blog\/index.php?rest_route=\/wp\/v2\/posts"}],"about":[{"href":"https:\/\/martinemrichard.fr\/blog\/index.php?rest_route=\/wp\/v2\/types\/post"}],"author":[{"embeddable":true,"href":"https:\/\/martinemrichard.fr\/blog\/index.php?rest_route=\/wp\/v2\/users\/1"}],"replies":[{"embeddable":true,"href":"https:\/\/martinemrichard.fr\/blog\/index.php?rest_route=%2Fwp%2Fv2%2Fcomments&post=3281"}],"version-history":[{"count":13,"href":"https:\/\/martinemrichard.fr\/blog\/index.php?rest_route=\/wp\/v2\/posts\/3281\/revisions"}],"predecessor-version":[{"id":3297,"href":"https:\/\/martinemrichard.fr\/blog\/index.php?rest_route=\/wp\/v2\/posts\/3281\/revisions\/3297"}],"wp:attachment":[{"href":"https:\/\/martinemrichard.fr\/blog\/index.php?rest_route=%2Fwp%2Fv2%2Fmedia&parent=3281"}],"wp:term":[{"taxonomy":"category","embeddable":true,"href":"https:\/\/martinemrichard.fr\/blog\/index.php?rest_route=%2Fwp%2Fv2%2Fcategories&post=3281"},{"taxonomy":"post_tag","embeddable":true,"href":"https:\/\/martinemrichard.fr\/blog\/index.php?rest_route=%2Fwp%2Fv2%2Ftags&post=3281"}],"curies":[{"name":"wp","href":"https:\/\/api.w.org\/{rel}","templated":true}]}}