{"id":3368,"date":"2011-12-16T07:43:33","date_gmt":"2011-12-16T05:43:33","guid":{"rendered":"http:\/\/martinemrichard.fr\/blog\/?p=3368"},"modified":"2011-12-16T07:43:33","modified_gmt":"2011-12-16T05:43:33","slug":"balade-dans-les-rues-de-decembre","status":"publish","type":"post","link":"https:\/\/martinemrichard.fr\/blog\/?p=3368","title":{"rendered":"Balade dans les rues de d\u00e9cembre"},"content":{"rendered":"<p>Th\u00e8me de la communaut\u00e9 \u00ab\u00a0Le coucou du ha\u00efku\u00a0\u00bb de Alice et Mamylilou,<span style=\"color: #0000ff;\"><strong> <a href=\"http:\/\/www.over-blog.com\/com-1172092675\/Le_coucou_du_haiku.html\">ici<\/a><\/strong><\/span><\/p>\n<p><a href=\"https:\/\/martinemrichard.fr\/blog\/wp-content\/uploads\/2011\/12\/Illumination-NOEL.jpg\"><img loading=\"lazy\" decoding=\"async\" class=\"alignright size-medium wp-image-3369\" title=\"Illumination-NOEL\" src=\"https:\/\/martinemrichard.fr\/blog\/wp-content\/uploads\/2011\/12\/Illumination-NOEL-227x300.jpg\" alt=\"\" width=\"227\" height=\"300\" srcset=\"https:\/\/martinemrichard.fr\/blog\/wp-content\/uploads\/2011\/12\/Illumination-NOEL-227x300.jpg 227w, https:\/\/martinemrichard.fr\/blog\/wp-content\/uploads\/2011\/12\/Illumination-NOEL.jpg 454w\" sizes=\"auto, (max-width: 227px) 100vw, 227px\" \/><\/a><span style=\"color: #0000ff;\">Voici un tanka sur le th\u00e8me de vendredi dernier<\/span>:<\/p>\n<p>D&rsquo;ann\u00e9e en ann\u00e9e, toujours plus de beaut\u00e9 sur les arbres, les fa\u00e7ades, les vitrines&#8230;<\/p>\n<p>.<\/p>\n<p>Scintillement bleu-<\/p>\n<p>Les arbres en habit grand soir<\/p>\n<p>Vive la f\u00e9e lumi\u00e8re!<\/p>\n<p>Plus un chat sur la chauss\u00e9e<\/p>\n<p>Maisons en repli sur soi<\/p>\n<p>.<\/p>\n<p><span style=\"color: #0000ff;\">Ma participation pour ce vendredi<\/span>:<\/p>\n<p>Depuis chez moi, j&rsquo;aper\u00e7ois quelques d\u00e9corations<a href=\"https:\/\/martinemrichard.fr\/blog\/wp-content\/uploads\/2011\/12\/deco-noel.jpg\"><img loading=\"lazy\" decoding=\"async\" class=\"alignright size-medium wp-image-3374\" title=\"deco noel\" src=\"https:\/\/martinemrichard.fr\/blog\/wp-content\/uploads\/2011\/12\/deco-noel-225x300.jpg\" alt=\"\" width=\"225\" height=\"300\" srcset=\"https:\/\/martinemrichard.fr\/blog\/wp-content\/uploads\/2011\/12\/deco-noel-225x300.jpg 225w, https:\/\/martinemrichard.fr\/blog\/wp-content\/uploads\/2011\/12\/deco-noel-768x1024.jpg 768w, https:\/\/martinemrichard.fr\/blog\/wp-content\/uploads\/2011\/12\/deco-noel.jpg 1785w\" sizes=\"auto, (max-width: 225px) 100vw, 225px\" \/><\/a>&#8230;.<\/p>\n<p>ha\u00efku:<\/p>\n<p>.<\/p>\n<p>Au faible du jour-<\/p>\n<p>Lampadaire endimanch\u00e9<\/p>\n<p>\u00c9claire un ch\u00f4meur<\/p>\n<p>.<\/p>\n<p>.<\/p>\n<p>No\u00ebl\u00a0 ne brille plus beaucoup dans les yeux des grands. Trop de soucis, de catastrophes,de ch\u00f4mage,de souffrances individuelles ou collectives&#8230; Mais, heureusement, le tout petit enfant r\u00eave encore, loin de la triste r\u00e9alit\u00e9&#8230;<\/p>\n<p>.<\/p>\n<p><a href=\"https:\/\/martinemrichard.fr\/blog\/wp-content\/uploads\/2011\/12\/noel.jpg\"><img loading=\"lazy\" decoding=\"async\" class=\"alignright size-medium wp-image-3375\" title=\"noel\" src=\"https:\/\/martinemrichard.fr\/blog\/wp-content\/uploads\/2011\/12\/noel-300x272.jpg\" alt=\"\" width=\"300\" height=\"272\" srcset=\"https:\/\/martinemrichard.fr\/blog\/wp-content\/uploads\/2011\/12\/noel-300x272.jpg 300w, https:\/\/martinemrichard.fr\/blog\/wp-content\/uploads\/2011\/12\/noel-1024x931.jpg 1024w\" sizes=\"auto, (max-width: 300px) 100vw, 300px\" \/><\/a>Vitrines festives-<\/p>\n<p>Croire encore au P\u00e8re No\u00ebl<\/p>\n<p>Enfants excit\u00e9s.<\/p>\n<p>.<\/p>\n<p>Sur la place Carnot-<\/p>\n<p>Une grande patinoire<\/p>\n<p>Joie des \u00e9coliers<\/p>\n<p>.<\/p>\n<p>MMr ( tous droits r\u00e9serv\u00e9s)<\/p>\n","protected":false},"excerpt":{"rendered":"<p>Th\u00e8me de la communaut\u00e9 \u00ab\u00a0Le coucou du ha\u00efku\u00a0\u00bb de Alice et Mamylilou, ici Voici un tanka sur le th\u00e8me de vendredi dernier: D&rsquo;ann\u00e9e en ann\u00e9e, toujours plus de beaut\u00e9 sur les arbres, les fa\u00e7ades, les vitrines&#8230; . Scintillement bleu- Les arbres en habit grand soir Vive la f\u00e9e lumi\u00e8re! Plus un chat sur la chauss\u00e9e [&hellip;]<\/p>\n","protected":false},"author":1,"featured_media":0,"comment_status":"open","ping_status":"open","sticky":false,"template":"","format":"standard","meta":{"footnotes":""},"categories":[35],"tags":[132,297,61,303,296,304,37,302,301,299,298,121,300],"class_list":["post-3368","post","type-post","status-publish","format-standard","hentry","category-haikus-haibuns","tag-arbre","tag-balade","tag-bleu","tag-chomeur","tag-decembre","tag-ecoliers","tag-haikus","tag-lampadaire","tag-patinoire","tag-pere-noel","tag-rues","tag-tanka","tag-vitrine"],"_links":{"self":[{"href":"https:\/\/martinemrichard.fr\/blog\/index.php?rest_route=\/wp\/v2\/posts\/3368","targetHints":{"allow":["GET"]}}],"collection":[{"href":"https:\/\/martinemrichard.fr\/blog\/index.php?rest_route=\/wp\/v2\/posts"}],"about":[{"href":"https:\/\/martinemrichard.fr\/blog\/index.php?rest_route=\/wp\/v2\/types\/post"}],"author":[{"embeddable":true,"href":"https:\/\/martinemrichard.fr\/blog\/index.php?rest_route=\/wp\/v2\/users\/1"}],"replies":[{"embeddable":true,"href":"https:\/\/martinemrichard.fr\/blog\/index.php?rest_route=%2Fwp%2Fv2%2Fcomments&post=3368"}],"version-history":[{"count":12,"href":"https:\/\/martinemrichard.fr\/blog\/index.php?rest_route=\/wp\/v2\/posts\/3368\/revisions"}],"predecessor-version":[{"id":3384,"href":"https:\/\/martinemrichard.fr\/blog\/index.php?rest_route=\/wp\/v2\/posts\/3368\/revisions\/3384"}],"wp:attachment":[{"href":"https:\/\/martinemrichard.fr\/blog\/index.php?rest_route=%2Fwp%2Fv2%2Fmedia&parent=3368"}],"wp:term":[{"taxonomy":"category","embeddable":true,"href":"https:\/\/martinemrichard.fr\/blog\/index.php?rest_route=%2Fwp%2Fv2%2Fcategories&post=3368"},{"taxonomy":"post_tag","embeddable":true,"href":"https:\/\/martinemrichard.fr\/blog\/index.php?rest_route=%2Fwp%2Fv2%2Ftags&post=3368"}],"curies":[{"name":"wp","href":"https:\/\/api.w.org\/{rel}","templated":true}]}}