{"id":3699,"date":"2012-01-30T08:19:45","date_gmt":"2012-01-30T07:19:45","guid":{"rendered":"http:\/\/martinemrichard.fr\/blog\/?p=3699"},"modified":"2012-01-30T08:20:13","modified_gmt":"2012-01-30T07:20:13","slug":"une-belle-journee","status":"publish","type":"post","link":"https:\/\/martinemrichard.fr\/blog\/?p=3699","title":{"rendered":"Une belle matin\u00e9e"},"content":{"rendered":"<p style=\"text-align: justify;\"><a href=\"https:\/\/martinemrichard.fr\/blog\/wp-content\/uploads\/2012\/01\/jasmin-d_hiver.jpg\"><img loading=\"lazy\" decoding=\"async\" class=\"alignright size-medium wp-image-3700\" title=\"jasmin d_hiver\" src=\"https:\/\/martinemrichard.fr\/blog\/wp-content\/uploads\/2012\/01\/jasmin-d_hiver-219x300.jpg\" alt=\"\" width=\"219\" height=\"300\" srcset=\"https:\/\/martinemrichard.fr\/blog\/wp-content\/uploads\/2012\/01\/jasmin-d_hiver-219x300.jpg 219w, https:\/\/martinemrichard.fr\/blog\/wp-content\/uploads\/2012\/01\/jasmin-d_hiver-750x1024.jpg 750w, https:\/\/martinemrichard.fr\/blog\/wp-content\/uploads\/2012\/01\/jasmin-d_hiver.jpg 1585w\" sizes=\"auto, (max-width: 219px) 100vw, 219px\" \/><\/a>L&rsquo;hiver n&rsquo;a pas toujours la couleur du gris ou du blanc. Il peut arborer\u00a0 un costume dor\u00e9 sur tranche. Celui que l&rsquo;on porte \u00e0 la plage.<\/p>\n<p style=\"text-align: justify;\">L&rsquo;or du jasmin flamboie sur un ciel bleu de cobalt . L&rsquo;air pique un peu le matin mais pas vraiment m\u00e9chant. Juste histoire de dire que ce ciel n&rsquo;est pas celui du mois d&rsquo;ao\u00fbt.<\/p>\n<p style=\"text-align: justify;\">.<\/p>\n<p style=\"text-align: justify;\">Pluvi\u00f4se bleu roi-<\/p>\n<p style=\"text-align: justify;\">Jasmin cr\u00e9pitant son or<\/p>\n<p style=\"text-align: justify;\">Mais pas d&rsquo;hirondelles<\/p>\n<p style=\"text-align: justify;\">.<\/p>\n<p style=\"text-align: justify;\">Je me repais goulument de cette lumi\u00e8re aussi douce qu&rsquo;une caresse maternelle.<\/p>\n<p style=\"text-align: justify;\">Pas une voiture ne vient troubler cette embellie hivernale. <a href=\"https:\/\/martinemrichard.fr\/blog\/wp-content\/uploads\/2012\/01\/syrphe.jpg\"><img loading=\"lazy\" decoding=\"async\" class=\"alignright size-medium wp-image-3703\" title=\"syrphe\" src=\"https:\/\/martinemrichard.fr\/blog\/wp-content\/uploads\/2012\/01\/syrphe-300x288.jpg\" alt=\"\" width=\"300\" height=\"288\" srcset=\"https:\/\/martinemrichard.fr\/blog\/wp-content\/uploads\/2012\/01\/syrphe-300x288.jpg 300w, https:\/\/martinemrichard.fr\/blog\/wp-content\/uploads\/2012\/01\/syrphe.jpg 834w\" sizes=\"auto, (max-width: 300px) 100vw, 300px\" \/><\/a> Une grosse mouche grise profite de cette ti\u00e9deur inesp\u00e9r\u00e9e pour venir zonzonner dans ma bulle. Elle cesse son man\u00e8ge pr\u00e8s de la bouche du regard des eaux pluviales. Pas tr\u00e8s esth\u00e9tique ce choix. Mais voici,\u00a0 aussi silencieuse que l&rsquo;espion aux pattes de velours,<a href=\"http:\/\/www.dailymotion.com\/video\/xe0g29_bande-annonce-l-espion-aux-patte-de_webcam\"><span style=\"color: #0000ff;\"><strong> ICI<\/strong><\/span><\/a> , une mouche joliment baptis\u00e9e syrphe. Sa ressemblance avec une gu\u00eape peut induire en erreur. Mais la forme de ses ailes, ses gros yeux\u00a0 et surtout son vol stationnaire aphone ne trompe que les non avertis. Elle aussi rep\u00e8re la bonne fortune du souci largement \u00e9panoui. Je l&rsquo;observe , indiff\u00e9rente \u00e0 ma curiosit\u00e9, se gorgeant de nectar.<\/p>\n<p style=\"text-align: justify;\">.<\/p>\n<p style=\"text-align: justify;\">A l&rsquo;abri du mur-<\/p>\n<p style=\"text-align: justify;\">Un avant go\u00fbt de printemps<\/p>\n<p style=\"text-align: justify;\">Mon nez rouge fraise<\/p>\n<p style=\"text-align: justify;\">.<\/p>\n<p style=\"text-align: justify;\">MMR ( tous droits r\u00e9serv\u00e9s)<\/p>\n<p style=\"text-align: justify;\">\n","protected":false},"excerpt":{"rendered":"<p>L&rsquo;hiver n&rsquo;a pas toujours la couleur du gris ou du blanc. Il peut arborer\u00a0 un costume dor\u00e9 sur tranche. Celui que l&rsquo;on porte \u00e0 la plage. L&rsquo;or du jasmin flamboie sur un ciel bleu de cobalt . L&rsquo;air pique un peu le matin mais pas vraiment m\u00e9chant. Juste histoire de dire que ce ciel n&rsquo;est [&hellip;]<\/p>\n","protected":false},"author":1,"featured_media":0,"comment_status":"open","ping_status":"open","sticky":false,"template":"","format":"standard","meta":{"footnotes":""},"categories":[71],"tags":[61,37,314,11,352,313,59,122,94],"class_list":["post-3699","post","type-post","status-publish","format-standard","hentry","category-jardin-fleur","tag-bleu","tag-haikus","tag-hiver","tag-jardin","tag-jasmin","tag-mouche","tag-or","tag-soleil","tag-syrphe"],"_links":{"self":[{"href":"https:\/\/martinemrichard.fr\/blog\/index.php?rest_route=\/wp\/v2\/posts\/3699","targetHints":{"allow":["GET"]}}],"collection":[{"href":"https:\/\/martinemrichard.fr\/blog\/index.php?rest_route=\/wp\/v2\/posts"}],"about":[{"href":"https:\/\/martinemrichard.fr\/blog\/index.php?rest_route=\/wp\/v2\/types\/post"}],"author":[{"embeddable":true,"href":"https:\/\/martinemrichard.fr\/blog\/index.php?rest_route=\/wp\/v2\/users\/1"}],"replies":[{"embeddable":true,"href":"https:\/\/martinemrichard.fr\/blog\/index.php?rest_route=%2Fwp%2Fv2%2Fcomments&post=3699"}],"version-history":[{"count":10,"href":"https:\/\/martinemrichard.fr\/blog\/index.php?rest_route=\/wp\/v2\/posts\/3699\/revisions"}],"predecessor-version":[{"id":3711,"href":"https:\/\/martinemrichard.fr\/blog\/index.php?rest_route=\/wp\/v2\/posts\/3699\/revisions\/3711"}],"wp:attachment":[{"href":"https:\/\/martinemrichard.fr\/blog\/index.php?rest_route=%2Fwp%2Fv2%2Fmedia&parent=3699"}],"wp:term":[{"taxonomy":"category","embeddable":true,"href":"https:\/\/martinemrichard.fr\/blog\/index.php?rest_route=%2Fwp%2Fv2%2Fcategories&post=3699"},{"taxonomy":"post_tag","embeddable":true,"href":"https:\/\/martinemrichard.fr\/blog\/index.php?rest_route=%2Fwp%2Fv2%2Ftags&post=3699"}],"curies":[{"name":"wp","href":"https:\/\/api.w.org\/{rel}","templated":true}]}}