{"id":3827,"date":"2012-02-07T07:04:21","date_gmt":"2012-02-07T06:04:21","guid":{"rendered":"http:\/\/martinemrichard.fr\/blog\/?p=3827"},"modified":"2012-02-07T07:04:21","modified_gmt":"2012-02-07T06:04:21","slug":"gourmandise","status":"publish","type":"post","link":"https:\/\/martinemrichard.fr\/blog\/?p=3827","title":{"rendered":"Gourmandise"},"content":{"rendered":"<p>Cette semaine, le nouveau th\u00e8me d&rsquo; \u00ab\u00a0Ombre et lumi\u00e8re\u00a0\u00bb , <a href=\"http:\/\/www.over-blog.com\/com-1193061977\/Entre_ombre_et_lumiere.html\"><span style=\"color: #0000ff;\"><strong>ICI<\/strong><\/span><\/a> , de Hauteclaire, est : Gourmandise.<\/p>\n<p>Un des sept p\u00eachers capitaux. \ud83d\ude42 Quelle tristesse que de vouloir montrer du doigt, sanctionner, le plaisir d&rsquo;appr\u00e9cier les bonnes choses. La goinfrerie oui, mais la gourmandise&#8230; tss.tss! \ud83d\ude42<\/p>\n<p>Le matin, le lever du soleil prend des allures de <a href=\"https:\/\/martinemrichard.fr\/blog\/wp-content\/uploads\/2012\/02\/lever-de-lundi.jpg\"><img loading=\"lazy\" decoding=\"async\" class=\"alignright size-medium wp-image-3829\" title=\"lever de lundi\" src=\"https:\/\/martinemrichard.fr\/blog\/wp-content\/uploads\/2012\/02\/lever-de-lundi-300x224.jpg\" alt=\"\" width=\"300\" height=\"224\" srcset=\"https:\/\/martinemrichard.fr\/blog\/wp-content\/uploads\/2012\/02\/lever-de-lundi-300x224.jpg 300w, https:\/\/martinemrichard.fr\/blog\/wp-content\/uploads\/2012\/02\/lever-de-lundi-1024x767.jpg 1024w\" sizes=\"auto, (max-width: 300px) 100vw, 300px\" \/><\/a>confitures aux fruits rouges. Pour la friande de couleurs que je suis, les r\u00e9f\u00e9rences sont toutes trouv\u00e9es.<\/p>\n<p>Gel\u00e9es de groseilles, cassis<\/p>\n<p>Confitures de framboises, fraises<\/p>\n<p>Tartes aux m\u00fbres, cerises<\/p>\n<p>Sans oublier les myrtilles<\/p>\n<p>Douceur du th\u00e9 pris chez une dame de nos amies lorsque j&rsquo;\u00e9tais gamine. Sur un gu\u00e9ridon recouvert d&rsquo;une belle nappe brod\u00e9e blanc sur blanc, rutilait un service en porcelaine finement d\u00e9cor\u00e9 de bleu. Puis arrivaient l&rsquo;assiette de toasts, le beurre parfum\u00e9 d&rsquo;une ferme des environs,\u00a0 et de merveilleuses gel\u00e9es&#8230;<\/p>\n<p><a href=\"https:\/\/martinemrichard.fr\/blog\/wp-content\/uploads\/2012\/02\/cerises.jpg\"><img loading=\"lazy\" decoding=\"async\" class=\"alignleft size-medium wp-image-3830\" title=\"cerises\" src=\"https:\/\/martinemrichard.fr\/blog\/wp-content\/uploads\/2012\/02\/cerises-300x225.jpg\" alt=\"\" width=\"300\" height=\"225\" srcset=\"https:\/\/martinemrichard.fr\/blog\/wp-content\/uploads\/2012\/02\/cerises-300x225.jpg 300w, https:\/\/martinemrichard.fr\/blog\/wp-content\/uploads\/2012\/02\/cerises-1024x768.jpg 1024w, https:\/\/martinemrichard.fr\/blog\/wp-content\/uploads\/2012\/02\/cerises.jpg 1849w\" sizes=\"auto, (max-width: 300px) 100vw, 300px\" \/><\/a><a href=\"https:\/\/martinemrichard.fr\/blog\/wp-content\/uploads\/2012\/02\/groseilles.jpg\"><img loading=\"lazy\" decoding=\"async\" class=\"alignright size-medium wp-image-3831\" title=\"groseilles\" src=\"https:\/\/martinemrichard.fr\/blog\/wp-content\/uploads\/2012\/02\/groseilles-225x300.jpg\" alt=\"\" width=\"225\" height=\"300\" srcset=\"https:\/\/martinemrichard.fr\/blog\/wp-content\/uploads\/2012\/02\/groseilles-225x300.jpg 225w, https:\/\/martinemrichard.fr\/blog\/wp-content\/uploads\/2012\/02\/groseilles-768x1024.jpg 768w, https:\/\/martinemrichard.fr\/blog\/wp-content\/uploads\/2012\/02\/groseilles.jpg 1387w\" sizes=\"auto, (max-width: 225px) 100vw, 225px\" \/><\/a>.<\/p>\n<p>.<\/p>\n<p>.<\/p>\n<p>.<\/p>\n<p>.<\/p>\n<p>.<\/p>\n<p>Tout \u00e7a pour vous parler d&rsquo;un dessert que j&rsquo;affectionne particuli\u00e8rement:<\/p>\n<p>L&rsquo;aspic de pommes napp\u00e9 de son coulis aux fruits des bois. L\u00e9g\u00e8ret\u00e9 de ces d\u00e9licatesses sucr\u00e9es aux parfums du verger&#8230; g\u00e2teaux aux mousses de fraises ou autres&#8230;.<\/p>\n<p><a href=\"https:\/\/martinemrichard.fr\/blog\/wp-content\/uploads\/2012\/02\/aspic-de-pommes.jpg\"><img loading=\"lazy\" decoding=\"async\" class=\"alignleft size-medium wp-image-3835\" title=\"aspic de pommes\" src=\"https:\/\/martinemrichard.fr\/blog\/wp-content\/uploads\/2012\/02\/aspic-de-pommes-300x225.jpg\" alt=\"\" width=\"300\" height=\"225\" srcset=\"https:\/\/martinemrichard.fr\/blog\/wp-content\/uploads\/2012\/02\/aspic-de-pommes-300x225.jpg 300w, https:\/\/martinemrichard.fr\/blog\/wp-content\/uploads\/2012\/02\/aspic-de-pommes-1024x768.jpg 1024w, https:\/\/martinemrichard.fr\/blog\/wp-content\/uploads\/2012\/02\/aspic-de-pommes.jpg 1849w\" sizes=\"auto, (max-width: 300px) 100vw, 300px\" \/><\/a><a href=\"https:\/\/martinemrichard.fr\/blog\/wp-content\/uploads\/2012\/02\/gateau-aux-fruits-rouges.jpg\"><img loading=\"lazy\" decoding=\"async\" class=\"alignleft size-medium wp-image-3836\" title=\"gateau aux fruits rouges\" src=\"https:\/\/martinemrichard.fr\/blog\/wp-content\/uploads\/2012\/02\/gateau-aux-fruits-rouges-300x229.jpg\" alt=\"\" width=\"300\" height=\"229\" srcset=\"https:\/\/martinemrichard.fr\/blog\/wp-content\/uploads\/2012\/02\/gateau-aux-fruits-rouges-300x229.jpg 300w, https:\/\/martinemrichard.fr\/blog\/wp-content\/uploads\/2012\/02\/gateau-aux-fruits-rouges.jpg 1000w\" sizes=\"auto, (max-width: 300px) 100vw, 300px\" \/><\/a><a href=\"https:\/\/martinemrichard.fr\/blog\/wp-content\/uploads\/2012\/02\/douceurs3.jpg\"><img loading=\"lazy\" decoding=\"async\" class=\"alignleft size-medium wp-image-3846\" title=\"douceurs\" src=\"https:\/\/martinemrichard.fr\/blog\/wp-content\/uploads\/2012\/02\/douceurs3-300x224.jpg\" alt=\"\" width=\"300\" height=\"224\" srcset=\"https:\/\/martinemrichard.fr\/blog\/wp-content\/uploads\/2012\/02\/douceurs3-300x224.jpg 300w, https:\/\/martinemrichard.fr\/blog\/wp-content\/uploads\/2012\/02\/douceurs3-1024x767.jpg 1024w, https:\/\/martinemrichard.fr\/blog\/wp-content\/uploads\/2012\/02\/douceurs3.jpg 1595w\" sizes=\"auto, (max-width: 300px) 100vw, 300px\" \/><\/a><\/p>\n<p>&nbsp;<\/p>\n<p>&nbsp;<\/p>\n<p>&nbsp;<\/p>\n<p>&nbsp;<\/p>\n<p>&nbsp;<\/p>\n<p>&nbsp;<\/p>\n<p>&nbsp;<\/p>\n<p>Dans une vitrine\u00a0 \u00e0 St Jean de Luz ( je crois),du sec, du confit, de quoi saliver face \u00e0 cette palette brillante . Supplice de tantale pour ceux qui font attention \u00e0 leur ligne.Confidence pour confidence je craque plut\u00f4t pour le sal\u00e9. \ud83d\ude09<\/p>\n<p>MMR ( tous droits r\u00e9serv\u00e9s)<\/p>\n","protected":false},"excerpt":{"rendered":"<p>Cette semaine, le nouveau th\u00e8me d&rsquo; \u00ab\u00a0Ombre et lumi\u00e8re\u00a0\u00bb , ICI , de Hauteclaire, est : Gourmandise. Un des sept p\u00eachers capitaux. \ud83d\ude42 Quelle tristesse que de vouloir montrer du doigt, sanctionner, le plaisir d&rsquo;appr\u00e9cier les bonnes choses. La goinfrerie oui, mais la gourmandise&#8230; tss.tss! \ud83d\ude42 Le matin, le lever du soleil prend des allures [&hellip;]<\/p>\n","protected":false},"author":1,"featured_media":0,"comment_status":"open","ping_status":"open","sticky":false,"template":"","format":"standard","meta":{"footnotes":""},"categories":[84],"tags":[373,369,371,379,370,374,378,111,377,206,375,372,376,380,316],"class_list":["post-3827","post","type-post","status-publish","format-standard","hentry","category-entre-ombre-et-lumiere","tag-aspic","tag-cassis","tag-cerise","tag-fraise","tag-framboise","tag-gateau","tag-gourmandise","tag-groseille","tag-kiwi","tag-lever-de-soleil","tag-mousse-de-fruits","tag-mure","tag-papaye","tag-pomme","tag-the"],"_links":{"self":[{"href":"https:\/\/martinemrichard.fr\/blog\/index.php?rest_route=\/wp\/v2\/posts\/3827","targetHints":{"allow":["GET"]}}],"collection":[{"href":"https:\/\/martinemrichard.fr\/blog\/index.php?rest_route=\/wp\/v2\/posts"}],"about":[{"href":"https:\/\/martinemrichard.fr\/blog\/index.php?rest_route=\/wp\/v2\/types\/post"}],"author":[{"embeddable":true,"href":"https:\/\/martinemrichard.fr\/blog\/index.php?rest_route=\/wp\/v2\/users\/1"}],"replies":[{"embeddable":true,"href":"https:\/\/martinemrichard.fr\/blog\/index.php?rest_route=%2Fwp%2Fv2%2Fcomments&post=3827"}],"version-history":[{"count":16,"href":"https:\/\/martinemrichard.fr\/blog\/index.php?rest_route=\/wp\/v2\/posts\/3827\/revisions"}],"predecessor-version":[{"id":3852,"href":"https:\/\/martinemrichard.fr\/blog\/index.php?rest_route=\/wp\/v2\/posts\/3827\/revisions\/3852"}],"wp:attachment":[{"href":"https:\/\/martinemrichard.fr\/blog\/index.php?rest_route=%2Fwp%2Fv2%2Fmedia&parent=3827"}],"wp:term":[{"taxonomy":"category","embeddable":true,"href":"https:\/\/martinemrichard.fr\/blog\/index.php?rest_route=%2Fwp%2Fv2%2Fcategories&post=3827"},{"taxonomy":"post_tag","embeddable":true,"href":"https:\/\/martinemrichard.fr\/blog\/index.php?rest_route=%2Fwp%2Fv2%2Ftags&post=3827"}],"curies":[{"name":"wp","href":"https:\/\/api.w.org\/{rel}","templated":true}]}}