{"id":4040,"date":"2012-02-24T08:05:21","date_gmt":"2012-02-24T07:05:21","guid":{"rendered":"http:\/\/martinemrichard.fr\/blog\/?p=4040"},"modified":"2012-03-01T06:56:47","modified_gmt":"2012-03-01T05:56:47","slug":"carnaval","status":"publish","type":"post","link":"https:\/\/martinemrichard.fr\/blog\/?p=4040","title":{"rendered":"Carnaval"},"content":{"rendered":"<p>Th\u00e8me de ce vendredi pour la communaut\u00e9 \u00ab\u00a0Le coucou du ha\u00efku\u00a0\u00bb,<a href=\"http:\/\/www.over-blog.com\/com-1172092675\/Le_coucou_du_haiku.html\"><span style=\"color: #0000ff;\"><strong> ICI<\/strong><\/span> <\/a>, d&rsquo;Alice et Mamylilou: Carnaval, sur une composition\u00a0 d&rsquo;Alice<\/p>\n<p>.<a href=\"https:\/\/martinemrichard.fr\/blog\/wp-content\/uploads\/2012\/02\/Carnaval.jpg\"><img loading=\"lazy\" decoding=\"async\" class=\"alignright size-medium wp-image-4041\" title=\"Carnaval\" src=\"https:\/\/martinemrichard.fr\/blog\/wp-content\/uploads\/2012\/02\/Carnaval-300x300.jpg\" alt=\"\" width=\"300\" height=\"300\" srcset=\"https:\/\/martinemrichard.fr\/blog\/wp-content\/uploads\/2012\/02\/Carnaval-300x300.jpg 300w, https:\/\/martinemrichard.fr\/blog\/wp-content\/uploads\/2012\/02\/Carnaval-150x150.jpg 150w, https:\/\/martinemrichard.fr\/blog\/wp-content\/uploads\/2012\/02\/Carnaval.jpg 600w\" sizes=\"auto, (max-width: 300px) 100vw, 300px\" \/><\/a><\/p>\n<p style=\"text-align: justify;\">Tout en \u00e9coutant le carnaval des animaux de Camille Saint-Sa\u00ebns<\/p>\n<p style=\"text-align: justify;\">Voici ma participation<\/p>\n<p style=\"text-align: justify;\">.<\/p>\n<p style=\"text-align: justify;\">Bugnes et merveilles-<\/p>\n<p style=\"text-align: justify;\">Au retour des petits masques<\/p>\n<p style=\"text-align: justify;\">Danse des papilles<\/p>\n<p style=\"text-align: justify;\">.<\/p>\n<p style=\"text-align: justify;\">En d\u00e9couvrant ce nouveau th\u00e8me, je me rends compte que j&rsquo;ai tr\u00e8s peu de souvenirs personnels sur le carnaval. Certes, les masques confectionn\u00e9s \u00e0 l&rsquo;\u00e9cole, les maquillages, mais pas de d\u00e9fil\u00e9s dans les rues, adolescente ou jeune-fille.\u00a0 La t\u00e9l\u00e9vision m&rsquo;a permis de d\u00e9couvrir le myst\u00e8re de celui de Venise, la folie color\u00e9e de\u00a0 Rio de Janeiro et d&rsquo;autres encore&#8230; Et puis les hasards de la vie m&rsquo;ont amen\u00e9e \u00e0 faire connaissance avec le plus long carnaval du monde: \u00e0<a href=\"https:\/\/martinemrichard.fr\/blog\/wp-content\/uploads\/2012\/02\/carnaval-r-1.jpg\"><span style=\"color: #0000ff;\"><strong> Limoux<\/strong><\/span><img loading=\"lazy\" decoding=\"async\" class=\"alignright size-medium wp-image-4048\" title=\"carnaval r\" src=\"https:\/\/martinemrichard.fr\/blog\/wp-content\/uploads\/2012\/02\/carnaval-r-1-300x223.jpg\" alt=\"\" width=\"300\" height=\"223\" srcset=\"https:\/\/martinemrichard.fr\/blog\/wp-content\/uploads\/2012\/02\/carnaval-r-1-300x223.jpg 300w, https:\/\/martinemrichard.fr\/blog\/wp-content\/uploads\/2012\/02\/carnaval-r-1-1024x761.jpg 1024w, https:\/\/martinemrichard.fr\/blog\/wp-content\/uploads\/2012\/02\/carnaval-r-1.jpg 1469w\" sizes=\"auto, (max-width: 300px) 100vw, 300px\" \/><\/a>\u00a0\u00a0 cliquez sur ce lien bleu pour en savoir plus.<\/p>\n<p style=\"text-align: justify;\"><a href=\"http:\/\/www.limoux.fr\/fr\/mpl7-Carnaval.html\"><span style=\"color: #0000ff;\"><strong>Lien vers le carnaval de Limoux.<\/strong><\/span><\/a><\/p>\n<p style=\"text-align: justify;\">.<\/p>\n<p style=\"text-align: justify;\">Dimanche matin-<\/p>\n<p style=\"text-align: justify;\">D\u00e9fil\u00e9 sous les arcades<\/p>\n<p style=\"text-align: justify;\">F\u00e9cos solennels<\/p>\n<p style=\"text-align: justify;\">La foule en liesse applaudit<\/p>\n<p style=\"text-align: justify;\">Grimaces sous jets de farine<\/p>\n<p style=\"text-align: justify;\">.<\/p>\n<p style=\"text-align: justify;\">Photo d&rsquo;un de mes vieux pastels :\u00a0 une libre interpr\u00e9tation du carnaval de Limoux<\/p>\n<p style=\"text-align: justify;\">MMR ( tous droits r\u00e9serv\u00e9s)<\/p>\n","protected":false},"excerpt":{"rendered":"<p>Th\u00e8me de ce vendredi pour la communaut\u00e9 \u00ab\u00a0Le coucou du ha\u00efku\u00a0\u00bb, ICI , d&rsquo;Alice et Mamylilou: Carnaval, sur une composition\u00a0 d&rsquo;Alice . Tout en \u00e9coutant le carnaval des animaux de Camille Saint-Sa\u00ebns Voici ma participation . Bugnes et merveilles- Au retour des petits masques Danse des papilles . En d\u00e9couvrant ce nouveau th\u00e8me, je me [&hellip;]<\/p>\n","protected":false},"author":1,"featured_media":0,"comment_status":"open","ping_status":"open","sticky":false,"template":"","format":"standard","meta":{"footnotes":""},"categories":[35],"tags":[408,406,37,407,410,409,121],"class_list":["post-4040","post","type-post","status-publish","format-standard","hentry","category-haikus-haibuns","tag-bugnes","tag-carnaval","tag-haikus","tag-limoux","tag-masque","tag-merveilles","tag-tanka"],"_links":{"self":[{"href":"https:\/\/martinemrichard.fr\/blog\/index.php?rest_route=\/wp\/v2\/posts\/4040","targetHints":{"allow":["GET"]}}],"collection":[{"href":"https:\/\/martinemrichard.fr\/blog\/index.php?rest_route=\/wp\/v2\/posts"}],"about":[{"href":"https:\/\/martinemrichard.fr\/blog\/index.php?rest_route=\/wp\/v2\/types\/post"}],"author":[{"embeddable":true,"href":"https:\/\/martinemrichard.fr\/blog\/index.php?rest_route=\/wp\/v2\/users\/1"}],"replies":[{"embeddable":true,"href":"https:\/\/martinemrichard.fr\/blog\/index.php?rest_route=%2Fwp%2Fv2%2Fcomments&post=4040"}],"version-history":[{"count":17,"href":"https:\/\/martinemrichard.fr\/blog\/index.php?rest_route=\/wp\/v2\/posts\/4040\/revisions"}],"predecessor-version":[{"id":4162,"href":"https:\/\/martinemrichard.fr\/blog\/index.php?rest_route=\/wp\/v2\/posts\/4040\/revisions\/4162"}],"wp:attachment":[{"href":"https:\/\/martinemrichard.fr\/blog\/index.php?rest_route=%2Fwp%2Fv2%2Fmedia&parent=4040"}],"wp:term":[{"taxonomy":"category","embeddable":true,"href":"https:\/\/martinemrichard.fr\/blog\/index.php?rest_route=%2Fwp%2Fv2%2Fcategories&post=4040"},{"taxonomy":"post_tag","embeddable":true,"href":"https:\/\/martinemrichard.fr\/blog\/index.php?rest_route=%2Fwp%2Fv2%2Ftags&post=4040"}],"curies":[{"name":"wp","href":"https:\/\/api.w.org\/{rel}","templated":true}]}}