{"id":4165,"date":"2012-03-04T09:05:03","date_gmt":"2012-03-04T08:05:03","guid":{"rendered":"http:\/\/martinemrichard.fr\/blog\/?p=4165"},"modified":"2012-03-11T07:13:26","modified_gmt":"2012-03-11T06:13:26","slug":"recueil","status":"publish","type":"post","link":"https:\/\/martinemrichard.fr\/blog\/?p=4165","title":{"rendered":"Recueil"},"content":{"rendered":"<p>Bonjour,<\/p>\n<p>J&rsquo;ai le grand plaisir de vous pr\u00e9senter mon recueil <a href=\"https:\/\/martinemrichard.fr\/blog\/wp-content\/uploads\/2012\/03\/couve-tarentelle-r-.jpg\"><img loading=\"lazy\" decoding=\"async\" class=\"alignright size-medium wp-image-4166\" title=\"couve tarentelle r\" src=\"https:\/\/martinemrichard.fr\/blog\/wp-content\/uploads\/2012\/03\/couve-tarentelle-r--211x300.jpg\" alt=\"\" width=\"211\" height=\"300\" srcset=\"https:\/\/martinemrichard.fr\/blog\/wp-content\/uploads\/2012\/03\/couve-tarentelle-r--211x300.jpg 211w, https:\/\/martinemrichard.fr\/blog\/wp-content\/uploads\/2012\/03\/couve-tarentelle-r--720x1024.jpg 720w, https:\/\/martinemrichard.fr\/blog\/wp-content\/uploads\/2012\/03\/couve-tarentelle-r-.jpg 1940w\" sizes=\"auto, (max-width: 211px) 100vw, 211px\" \/><\/a>de po\u00e9sies<\/p>\n<p>~<\/p>\n<p>Format: 15&#215;21<\/p>\n<p>Impression: noir et blanc<\/p>\n<p>103 po\u00e8mes<\/p>\n<p>14 dessins \u00e0 l&rsquo;encre de chine<\/p>\n<p>Prix: 13,90\u20ac\u00a0 ( participation aux frais d&rsquo;envoi en sus)<\/p>\n<p>.<\/p>\n<p>MMR ( tous droits r\u00e9serv\u00e9s)<\/p>\n<p>blog en demi-pause ( trop de travail pour pr\u00e9parer l&rsquo;exposition \u00e0 la fin du mois)<\/p>\n<p><span style=\"color: #0000ff;\"><strong>&#8230;&#8230;&#8230;&#8230;&#8230;&#8230;&#8230;..<\/strong><\/span><\/p>\n<p>Pour<a href=\"http:\/\/www.over-blog.com\/com-1172092675\/Le_coucou_du_haiku.html\"><strong> le coucou du ha\u00efku<\/strong> <\/a>sur le th\u00e8me de la lune: j&rsquo;avais \u00e9crit un ha\u00efku\u00a0<span style=\"color: #0000ff;\"><strong> <a href=\"https:\/\/martinemrichard.fr\/blog\/?page_id=106\">ICI<\/a><\/strong><\/span><\/p>\n<p>Le voici remani\u00e9:<\/p>\n<p>.<\/p>\n<p>Au clair de la lune-<\/p>\n<p>Grrr. Les matous vocalisent<\/p>\n<p>Aie!Pauvres oreilles!<\/p>\n<p>.<\/p>\n<p>Au c\u0153ur \u00e9toil\u00e9-<\/p>\n<p>V\u00e9nus et Luna soupirent<\/p>\n<p>Soleil&#8230; choisis-moi&#8230;<\/p>\n<p>.<\/p>\n<p>navr\u00e9e mais j&rsquo;ai la t\u00eate ailleurs<\/p>\n<p>\ud83d\ude09<\/p>\n","protected":false},"excerpt":{"rendered":"<p>Bonjour, J&rsquo;ai le grand plaisir de vous pr\u00e9senter mon recueil de po\u00e9sies ~ Format: 15&#215;21 Impression: noir et blanc 103 po\u00e8mes 14 dessins \u00e0 l&rsquo;encre de chine Prix: 13,90\u20ac\u00a0 ( participation aux frais d&rsquo;envoi en sus) . MMR ( tous droits r\u00e9serv\u00e9s) blog en demi-pause ( trop de travail pour pr\u00e9parer l&rsquo;exposition \u00e0 la fin [&hellip;]<\/p>\n","protected":false},"author":1,"featured_media":0,"comment_status":"open","ping_status":"open","sticky":false,"template":"","format":"standard","meta":{"footnotes":""},"categories":[73],"tags":[],"class_list":["post-4165","post","type-post","status-publish","format-standard","hentry","category-litteraire"],"_links":{"self":[{"href":"https:\/\/martinemrichard.fr\/blog\/index.php?rest_route=\/wp\/v2\/posts\/4165","targetHints":{"allow":["GET"]}}],"collection":[{"href":"https:\/\/martinemrichard.fr\/blog\/index.php?rest_route=\/wp\/v2\/posts"}],"about":[{"href":"https:\/\/martinemrichard.fr\/blog\/index.php?rest_route=\/wp\/v2\/types\/post"}],"author":[{"embeddable":true,"href":"https:\/\/martinemrichard.fr\/blog\/index.php?rest_route=\/wp\/v2\/users\/1"}],"replies":[{"embeddable":true,"href":"https:\/\/martinemrichard.fr\/blog\/index.php?rest_route=%2Fwp%2Fv2%2Fcomments&post=4165"}],"version-history":[{"count":13,"href":"https:\/\/martinemrichard.fr\/blog\/index.php?rest_route=\/wp\/v2\/posts\/4165\/revisions"}],"predecessor-version":[{"id":4180,"href":"https:\/\/martinemrichard.fr\/blog\/index.php?rest_route=\/wp\/v2\/posts\/4165\/revisions\/4180"}],"wp:attachment":[{"href":"https:\/\/martinemrichard.fr\/blog\/index.php?rest_route=%2Fwp%2Fv2%2Fmedia&parent=4165"}],"wp:term":[{"taxonomy":"category","embeddable":true,"href":"https:\/\/martinemrichard.fr\/blog\/index.php?rest_route=%2Fwp%2Fv2%2Fcategories&post=4165"},{"taxonomy":"post_tag","embeddable":true,"href":"https:\/\/martinemrichard.fr\/blog\/index.php?rest_route=%2Fwp%2Fv2%2Ftags&post=4165"}],"curies":[{"name":"wp","href":"https:\/\/api.w.org\/{rel}","templated":true}]}}