{"id":4184,"date":"2012-03-20T06:51:31","date_gmt":"2012-03-20T05:51:31","guid":{"rendered":"http:\/\/martinemrichard.fr\/blog\/?p=4184"},"modified":"2012-03-20T06:51:31","modified_gmt":"2012-03-20T05:51:31","slug":"mousse-et-lichen","status":"publish","type":"post","link":"https:\/\/martinemrichard.fr\/blog\/?p=4184","title":{"rendered":"Mousse et lichen"},"content":{"rendered":"<p>Le th\u00e8me de ce mardi pour\u00a0 \u00a0\u00bb ombre et lumi\u00e8re\u00a0\u00bb , <a href=\"http:\/\/www.over-blog.com\/com-1193061977\/Entre_ombre_et_lumiere.html\"><span style=\"color: #0000ff;\"><strong>ICI<\/strong><\/span><\/a> , la communaut\u00e9 de Hauteclaire, est\u00a0 mousse et lichen<\/p>\n<p><a href=\"https:\/\/martinemrichard.fr\/blog\/wp-content\/uploads\/2012\/03\/lichen.jpg\"><img loading=\"lazy\" decoding=\"async\" class=\"alignright size-medium wp-image-4186\" title=\"lichen\" src=\"https:\/\/martinemrichard.fr\/blog\/wp-content\/uploads\/2012\/03\/lichen-300x173.jpg\" alt=\"\" width=\"300\" height=\"173\" srcset=\"https:\/\/martinemrichard.fr\/blog\/wp-content\/uploads\/2012\/03\/lichen-300x173.jpg 300w, https:\/\/martinemrichard.fr\/blog\/wp-content\/uploads\/2012\/03\/lichen-1024x591.jpg 1024w, https:\/\/martinemrichard.fr\/blog\/wp-content\/uploads\/2012\/03\/lichen.jpg 1960w\" sizes=\"auto, (max-width: 300px) 100vw, 300px\" \/><\/a>.<\/p>\n<p>Lorsque<\/p>\n<p>Ma\u00eetre de forge d\u00e9lirant<\/p>\n<p>L&rsquo;\u00e9t\u00e9 bat son tempo<\/p>\n<p>Or en fusion<\/p>\n<p>M\u00e9tal blesse regards<\/p>\n<p>L&rsquo;ombre <a href=\"https:\/\/martinemrichard.fr\/blog\/wp-content\/uploads\/2012\/03\/mousse1.jpg\"><img loading=\"lazy\" decoding=\"async\" class=\"alignright size-medium wp-image-4187\" title=\"mousse\" src=\"https:\/\/martinemrichard.fr\/blog\/wp-content\/uploads\/2012\/03\/mousse1-225x300.jpg\" alt=\"\" width=\"225\" height=\"300\" srcset=\"https:\/\/martinemrichard.fr\/blog\/wp-content\/uploads\/2012\/03\/mousse1-225x300.jpg 225w, https:\/\/martinemrichard.fr\/blog\/wp-content\/uploads\/2012\/03\/mousse1-768x1024.jpg 768w, https:\/\/martinemrichard.fr\/blog\/wp-content\/uploads\/2012\/03\/mousse1.jpg 1387w\" sizes=\"auto, (max-width: 225px) 100vw, 225px\" \/><\/a>se fait accueillante<\/p>\n<p>Salvatrice<\/p>\n<p>L&rsquo;aura fra\u00eeche ros\u00e9e<\/p>\n<p>Nimbe un coussin velours<\/p>\n<p>For\u00eat dense et profonde<\/p>\n<p>Pour aventures lilliputiennes<\/p>\n<p>Reflets menthe ou anis<\/p>\n<p>La mousse exhale son haleine sous-bois<\/p>\n<p>Cache l&rsquo;aventure mille pattes<\/p>\n<p>Une romance luciole&#8230;.<\/p>\n","protected":false},"excerpt":{"rendered":"<p>Le th\u00e8me de ce mardi pour\u00a0 \u00a0\u00bb ombre et lumi\u00e8re\u00a0\u00bb , ICI , la communaut\u00e9 de Hauteclaire, est\u00a0 mousse et lichen . Lorsque Ma\u00eetre de forge d\u00e9lirant L&rsquo;\u00e9t\u00e9 bat son tempo Or en fusion M\u00e9tal blesse regards L&rsquo;ombre se fait accueillante Salvatrice L&rsquo;aura fra\u00eeche ros\u00e9e Nimbe un coussin velours For\u00eat dense et profonde Pour aventures [&hellip;]<\/p>\n","protected":false},"author":1,"featured_media":0,"comment_status":"open","ping_status":"open","sticky":false,"template":"","format":"standard","meta":{"footnotes":""},"categories":[84],"tags":[13,160,315,112,411,59,134,412],"class_list":["post-4184","post","type-post","status-publish","format-standard","hentry","category-entre-ombre-et-lumiere","tag-anis","tag-ete","tag-lichen","tag-menthe","tag-mousse","tag-or","tag-poeme","tag-velours"],"_links":{"self":[{"href":"https:\/\/martinemrichard.fr\/blog\/index.php?rest_route=\/wp\/v2\/posts\/4184","targetHints":{"allow":["GET"]}}],"collection":[{"href":"https:\/\/martinemrichard.fr\/blog\/index.php?rest_route=\/wp\/v2\/posts"}],"about":[{"href":"https:\/\/martinemrichard.fr\/blog\/index.php?rest_route=\/wp\/v2\/types\/post"}],"author":[{"embeddable":true,"href":"https:\/\/martinemrichard.fr\/blog\/index.php?rest_route=\/wp\/v2\/users\/1"}],"replies":[{"embeddable":true,"href":"https:\/\/martinemrichard.fr\/blog\/index.php?rest_route=%2Fwp%2Fv2%2Fcomments&post=4184"}],"version-history":[{"count":3,"href":"https:\/\/martinemrichard.fr\/blog\/index.php?rest_route=\/wp\/v2\/posts\/4184\/revisions"}],"predecessor-version":[{"id":4190,"href":"https:\/\/martinemrichard.fr\/blog\/index.php?rest_route=\/wp\/v2\/posts\/4184\/revisions\/4190"}],"wp:attachment":[{"href":"https:\/\/martinemrichard.fr\/blog\/index.php?rest_route=%2Fwp%2Fv2%2Fmedia&parent=4184"}],"wp:term":[{"taxonomy":"category","embeddable":true,"href":"https:\/\/martinemrichard.fr\/blog\/index.php?rest_route=%2Fwp%2Fv2%2Fcategories&post=4184"},{"taxonomy":"post_tag","embeddable":true,"href":"https:\/\/martinemrichard.fr\/blog\/index.php?rest_route=%2Fwp%2Fv2%2Ftags&post=4184"}],"curies":[{"name":"wp","href":"https:\/\/api.w.org\/{rel}","templated":true}]}}