{"id":4327,"date":"2012-04-04T07:30:52","date_gmt":"2012-04-04T06:30:52","guid":{"rendered":"http:\/\/martinemrichard.fr\/blog\/?p=4327"},"modified":"2012-04-18T20:34:38","modified_gmt":"2012-04-18T19:34:38","slug":"toques-et-clochers-2012","status":"publish","type":"post","link":"https:\/\/martinemrichard.fr\/blog\/?p=4327","title":{"rendered":"Toques et Clochers 2012"},"content":{"rendered":"<p style=\"text-align: justify;\">Cette ann\u00e9e l&rsquo;immense manifestation de Toques et Clochers avait lieu \u00e0 Antugnac. Ce joli petit village avait choisi pour th\u00e8me le cin\u00e9ma.<span style=\"color: #993366;\"><strong>Cliquez sur les photos pour agrandir, merci.<\/strong><\/span><\/p>\n<p style=\"text-align: justify;\"><a href=\"https:\/\/martinemrichard.fr\/blog\/wp-content\/uploads\/2012\/04\/antugnac.jpg\"><img loading=\"lazy\" decoding=\"async\" class=\"alignleft size-medium wp-image-4330\" title=\"antugnac\" src=\"https:\/\/martinemrichard.fr\/blog\/wp-content\/uploads\/2012\/04\/antugnac-300x225.jpg\" alt=\"\" width=\"300\" height=\"225\" srcset=\"https:\/\/martinemrichard.fr\/blog\/wp-content\/uploads\/2012\/04\/antugnac-300x225.jpg 300w, https:\/\/martinemrichard.fr\/blog\/wp-content\/uploads\/2012\/04\/antugnac-1024x768.jpg 1024w\" sizes=\"auto, (max-width: 300px) 100vw, 300px\" \/><\/a><a href=\"https:\/\/martinemrichard.fr\/blog\/wp-content\/uploads\/2012\/04\/affiches.jpg\"><img loading=\"lazy\" decoding=\"async\" class=\"alignright size-medium wp-image-4331\" title=\"affiches\" src=\"https:\/\/martinemrichard.fr\/blog\/wp-content\/uploads\/2012\/04\/affiches-300x156.jpg\" alt=\"\" width=\"300\" height=\"156\" srcset=\"https:\/\/martinemrichard.fr\/blog\/wp-content\/uploads\/2012\/04\/affiches-300x156.jpg 300w, https:\/\/martinemrichard.fr\/blog\/wp-content\/uploads\/2012\/04\/affiches-1024x535.jpg 1024w\" sizes=\"auto, (max-width: 300px) 100vw, 300px\" \/><\/a><a href=\"https:\/\/martinemrichard.fr\/blog\/wp-content\/uploads\/2012\/04\/antugnac-accueil.jpg\"><img loading=\"lazy\" decoding=\"async\" class=\"aligncenter size-thumbnail wp-image-4332\" title=\"antugnac accueil\" src=\"https:\/\/martinemrichard.fr\/blog\/wp-content\/uploads\/2012\/04\/antugnac-accueil-150x150.jpg\" alt=\"\" width=\"150\" height=\"150\" \/><\/a>Dispers\u00e9s un peu partout des mannequins \u00e9taient dispos\u00e9s\u00a0 transformant les ruelles, fen\u00eatres, placettes, champs de vignes en gigantesque plateau de tournage.<\/p>\n<p><a href=\"https:\/\/martinemrichard.fr\/blog\/wp-content\/uploads\/2012\/04\/la-femme-du-boulanger.jpg\"><img loading=\"lazy\" decoding=\"async\" class=\"alignleft size-medium wp-image-4337\" title=\"la femme du boulanger\" src=\"https:\/\/martinemrichard.fr\/blog\/wp-content\/uploads\/2012\/04\/la-femme-du-boulanger-300x151.jpg\" alt=\"\" width=\"300\" height=\"151\" srcset=\"https:\/\/martinemrichard.fr\/blog\/wp-content\/uploads\/2012\/04\/la-femme-du-boulanger-300x151.jpg 300w, https:\/\/martinemrichard.fr\/blog\/wp-content\/uploads\/2012\/04\/la-femme-du-boulanger-1024x517.jpg 1024w\" sizes=\"auto, (max-width: 300px) 100vw, 300px\" \/><\/a><a href=\"https:\/\/martinemrichard.fr\/blog\/wp-content\/uploads\/2012\/04\/rome.jpg\"><img loading=\"lazy\" decoding=\"async\" class=\"alignright size-medium wp-image-4338\" title=\"rome\" src=\"https:\/\/martinemrichard.fr\/blog\/wp-content\/uploads\/2012\/04\/rome-300x153.jpg\" alt=\"\" width=\"300\" height=\"153\" srcset=\"https:\/\/martinemrichard.fr\/blog\/wp-content\/uploads\/2012\/04\/rome-300x153.jpg 300w, https:\/\/martinemrichard.fr\/blog\/wp-content\/uploads\/2012\/04\/rome-1024x522.jpg 1024w\" sizes=\"auto, (max-width: 300px) 100vw, 300px\" \/><\/a><a href=\"https:\/\/martinemrichard.fr\/blog\/wp-content\/uploads\/2012\/04\/palme-d_or.jpg\"><img loading=\"lazy\" decoding=\"async\" class=\"aligncenter size-thumbnail wp-image-4340\" title=\"palme d_or\" src=\"https:\/\/martinemrichard.fr\/blog\/wp-content\/uploads\/2012\/04\/palme-d_or-150x150.jpg\" alt=\"\" width=\"150\" height=\"150\" \/><\/a><\/p>\n<p style=\"text-align: justify;\">Vous reconnaitrez\u00a0 \u00ab\u00a0La femme du boulanger\u00a0\u00bb, la belle Marilyn, \u00ab\u00a0Ben Hur\u00a0\u00bb<\/p>\n<p><a href=\"https:\/\/martinemrichard.fr\/blog\/wp-content\/uploads\/2012\/04\/romeo-et-juliette.jpg\"><img loading=\"lazy\" decoding=\"async\" class=\"alignleft size-medium wp-image-4344\" title=\"romeo et juliette\" src=\"https:\/\/martinemrichard.fr\/blog\/wp-content\/uploads\/2012\/04\/romeo-et-juliette-300x224.jpg\" alt=\"\" width=\"300\" height=\"224\" srcset=\"https:\/\/martinemrichard.fr\/blog\/wp-content\/uploads\/2012\/04\/romeo-et-juliette-300x224.jpg 300w, https:\/\/martinemrichard.fr\/blog\/wp-content\/uploads\/2012\/04\/romeo-et-juliette-1024x767.jpg 1024w\" sizes=\"auto, (max-width: 300px) 100vw, 300px\" \/><\/a><a href=\"https:\/\/martinemrichard.fr\/blog\/wp-content\/uploads\/2012\/04\/vignes-du-seigneur-2.jpg\"><img loading=\"lazy\" decoding=\"async\" class=\"alignright size-medium wp-image-4345\" title=\"vignes du seigneur 2\" src=\"https:\/\/martinemrichard.fr\/blog\/wp-content\/uploads\/2012\/04\/vignes-du-seigneur-2-300x168.jpg\" alt=\"\" width=\"300\" height=\"168\" srcset=\"https:\/\/martinemrichard.fr\/blog\/wp-content\/uploads\/2012\/04\/vignes-du-seigneur-2-300x168.jpg 300w, https:\/\/martinemrichard.fr\/blog\/wp-content\/uploads\/2012\/04\/vignes-du-seigneur-2-1024x575.jpg 1024w\" sizes=\"auto, (max-width: 300px) 100vw, 300px\" \/><\/a><a href=\"https:\/\/martinemrichard.fr\/blog\/wp-content\/uploads\/2012\/04\/vignes-du-seigneur-1.jpg\"><img loading=\"lazy\" decoding=\"async\" class=\"aligncenter size-thumbnail wp-image-4346\" title=\"vignes du seigneur 1\" src=\"https:\/\/martinemrichard.fr\/blog\/wp-content\/uploads\/2012\/04\/vignes-du-seigneur-1-150x150.jpg\" alt=\"\" width=\"150\" height=\"150\" \/><\/a><\/p>\n<p style=\"text-align: justify;\">Rom\u00e9o n&rsquo;en finissait pas de courtiser sa douce Juliette. Pendant que dans les vignes du seigneur Henri (Fernandel) soupirait apr\u00e8s Gis\u00e8le ( Simone Val\u00e8re). Ah L&rsquo;amour! La grande affaire de notre vie! \ud83d\ude42<\/p>\n<p style=\"text-align: justify;\">Le vendredi matin, vers 9h30, nous am\u00e9nage\u00e2mes nos caveaux. Le mien \u00e9tait en face de celui d&rsquo;un potier, une artiste de grand talent.\u00a0\u00a0 Nous profit\u00e2mes des superbes couleurs printani\u00e8res du jardin de la propri\u00e9taire . Que d&rsquo;oiseaux et de papillons! Un havre serein avant et apr\u00e8s le remue-m\u00e9nage festif\u00a0 de la f\u00eate du Chardonnay.<\/p>\n<p><a href=\"https:\/\/martinemrichard.fr\/blog\/wp-content\/uploads\/2012\/04\/ma-salle.jpg\"><img loading=\"lazy\" decoding=\"async\" class=\"alignleft size-medium wp-image-4351\" title=\"ma salle\" src=\"https:\/\/martinemrichard.fr\/blog\/wp-content\/uploads\/2012\/04\/ma-salle-300x225.jpg\" alt=\"\" width=\"300\" height=\"225\" srcset=\"https:\/\/martinemrichard.fr\/blog\/wp-content\/uploads\/2012\/04\/ma-salle-300x225.jpg 300w, https:\/\/martinemrichard.fr\/blog\/wp-content\/uploads\/2012\/04\/ma-salle-1024x768.jpg 1024w\" sizes=\"auto, (max-width: 300px) 100vw, 300px\" \/><\/a><a href=\"https:\/\/martinemrichard.fr\/blog\/wp-content\/uploads\/2012\/04\/pub.jpg\"><img loading=\"lazy\" decoding=\"async\" class=\"alignright size-medium wp-image-4352\" title=\"pub\" src=\"https:\/\/martinemrichard.fr\/blog\/wp-content\/uploads\/2012\/04\/pub-300x287.jpg\" alt=\"\" width=\"300\" height=\"287\" srcset=\"https:\/\/martinemrichard.fr\/blog\/wp-content\/uploads\/2012\/04\/pub-300x287.jpg 300w, https:\/\/martinemrichard.fr\/blog\/wp-content\/uploads\/2012\/04\/pub-1024x980.jpg 1024w, https:\/\/martinemrichard.fr\/blog\/wp-content\/uploads\/2012\/04\/pub.jpg 1960w\" sizes=\"auto, (max-width: 300px) 100vw, 300px\" \/><\/a><a href=\"https:\/\/martinemrichard.fr\/blog\/wp-content\/uploads\/2012\/04\/jardin.jpg\"><img loading=\"lazy\" decoding=\"async\" class=\"aligncenter size-thumbnail wp-image-4353\" title=\"jardin\" src=\"https:\/\/martinemrichard.fr\/blog\/wp-content\/uploads\/2012\/04\/jardin-150x150.jpg\" alt=\"\" width=\"150\" height=\"150\" \/><\/a>.<\/p>\n<p>.<\/p>\n<p style=\"text-align: justify;\">Gr\u00e2ce \u00e0 l&rsquo;aide pr\u00e9cieuse de mon Cher et Tendre, ma salle f\u00fbt pr\u00eate vers midi.\u00a0 Un bel espace o\u00f9 tr\u00f4nait un vieux piano.<\/p>\n<p style=\"text-align: justify;\"><a href=\"https:\/\/martinemrichard.fr\/blog\/wp-content\/uploads\/2012\/04\/mon-expo.jpg\"><img loading=\"lazy\" decoding=\"async\" class=\"alignleft size-medium wp-image-4360\" title=\"mon expo\" src=\"https:\/\/martinemrichard.fr\/blog\/wp-content\/uploads\/2012\/04\/mon-expo-300x230.jpg\" alt=\"\" width=\"300\" height=\"230\" srcset=\"https:\/\/martinemrichard.fr\/blog\/wp-content\/uploads\/2012\/04\/mon-expo-300x230.jpg 300w, https:\/\/martinemrichard.fr\/blog\/wp-content\/uploads\/2012\/04\/mon-expo-1024x786.jpg 1024w\" sizes=\"auto, (max-width: 300px) 100vw, 300px\" \/><\/a><a href=\"https:\/\/martinemrichard.fr\/blog\/wp-content\/uploads\/2012\/04\/raisin-blond.jpg\"><img loading=\"lazy\" decoding=\"async\" class=\"alignright size-medium wp-image-4361\" title=\"raisin blond\" src=\"https:\/\/martinemrichard.fr\/blog\/wp-content\/uploads\/2012\/04\/raisin-blond-297x300.jpg\" alt=\"\" width=\"297\" height=\"300\" srcset=\"https:\/\/martinemrichard.fr\/blog\/wp-content\/uploads\/2012\/04\/raisin-blond-297x300.jpg 297w, https:\/\/martinemrichard.fr\/blog\/wp-content\/uploads\/2012\/04\/raisin-blond.jpg 731w\" sizes=\"auto, (max-width: 297px) 100vw, 297px\" \/><\/a>.<\/p>\n<p style=\"text-align: justify;\">.<\/p>\n<p style=\"text-align: justify;\">.<\/p>\n<p style=\"text-align: justify;\">.<\/p>\n<p style=\"text-align: justify;\">.<\/p>\n<p style=\"text-align: justify;\">.<\/p>\n<p style=\"text-align: justify;\">En entrant, le mur \u00e0 droite, plein de caract\u00e8re, servit d&rsquo;\u00e9crin \u00e0 ma s\u00e9rie sur les march\u00e9s d&rsquo;Aix en Provence. Le piano accueillit deux \u0153uvres dont le sujet \u00e9tait la Cit\u00e9 de Carcassonne. Une longue toile\u00a0 ( 20&#215;50 cm) au vernis\u00a0 tout juste sec. Et un petit diptyque au style d\u00e9pouill\u00e9.\u00a0 Pour les amateurs de mots,\u00a0 je posais un po\u00e8me contant les March\u00e9s du sud.\u00a0 Le grand panneau au fond de la salle \u00e9tait id\u00e9al pour mes petits formats maroufl\u00e9s sur toile. D&rsquo;un c\u00f4t\u00e9 les tulipes stylis\u00e9es et de l&rsquo;autre la vigne et le raisin. Et enfin, \u00e0 gauche, sur une petite table, les amateurs pouvaient fouiller dans les formats cartes postales et d\u00e9couvrir \u00e9galement mon recueil de po\u00e9sies. Ce qu&rsquo;ils firent avant et apr\u00e8s le vernissage, convivial et sympathique.<\/p>\n<p>Samedi, sous un ciel de vacances, gr\u00e2ce au ballet incessant des navettes\u00a0 ( grands bus blancs) d\u00e9boul\u00e8rent les premiers chalands. Les gens s&rsquo;int\u00e9ressaient, admiraient,questionnaient. Quelquefois, pour leur plaisir, et le mien :),\u00a0 certains allaient jusqu&rsquo;\u00e0 acheter une carte ou le livre. Les temps sont difficiles et chacun doit faire attention. Mais parfois, un ras le bol de se priver balayait la raison. Et je voyais la personne repartir le sourire aux l\u00e8vres serrant contre son c\u0153ur un petit tr\u00e9sor.<\/p>\n<p>Vers 14h00, ma s\u0153ur la c\u00e9ramiste et moi, rejoign\u00eemes\u00a0 les artistes inscrits au d\u00e9fil\u00e9. Longue attente avant le d\u00e9marrage de celui-ci vers 15h 15.<\/p>\n<p><a href=\"https:\/\/martinemrichard.fr\/blog\/wp-content\/uploads\/2012\/04\/chasse-des-artistes.jpg\"><img loading=\"lazy\" decoding=\"async\" class=\"alignleft size-medium wp-image-4370\" title=\"chasse des artistes\" src=\"https:\/\/martinemrichard.fr\/blog\/wp-content\/uploads\/2012\/04\/chasse-des-artistes-257x300.jpg\" alt=\"\" width=\"257\" height=\"300\" srcset=\"https:\/\/martinemrichard.fr\/blog\/wp-content\/uploads\/2012\/04\/chasse-des-artistes-257x300.jpg 257w, https:\/\/martinemrichard.fr\/blog\/wp-content\/uploads\/2012\/04\/chasse-des-artistes-878x1024.jpg 878w, https:\/\/martinemrichard.fr\/blog\/wp-content\/uploads\/2012\/04\/chasse-des-artistes.jpg 1532w\" sizes=\"auto, (max-width: 257px) 100vw, 257px\" \/><\/a><a href=\"https:\/\/martinemrichard.fr\/blog\/wp-content\/uploads\/2012\/04\/les-artistes.jpg\"><img loading=\"lazy\" decoding=\"async\" class=\"alignright size-medium wp-image-4372\" title=\"les artistes\" src=\"https:\/\/martinemrichard.fr\/blog\/wp-content\/uploads\/2012\/04\/les-artistes-300x225.jpg\" alt=\"\" width=\"300\" height=\"225\" srcset=\"https:\/\/martinemrichard.fr\/blog\/wp-content\/uploads\/2012\/04\/les-artistes-300x225.jpg 300w, https:\/\/martinemrichard.fr\/blog\/wp-content\/uploads\/2012\/04\/les-artistes-1024x768.jpg 1024w\" sizes=\"auto, (max-width: 300px) 100vw, 300px\" \/><\/a><a href=\"https:\/\/martinemrichard.fr\/blog\/wp-content\/uploads\/2012\/04\/helene.jpg\"><img loading=\"lazy\" decoding=\"async\" class=\"aligncenter size-thumbnail wp-image-4373\" title=\"helene\" src=\"https:\/\/martinemrichard.fr\/blog\/wp-content\/uploads\/2012\/04\/helene-150x150.jpg\" alt=\"\" width=\"150\" height=\"150\" \/><\/a>.<\/p>\n<p>.<\/p>\n<p>.<\/p>\n<p>.<\/p>\n<p>Nous e\u00fbmes tout le temps d&rsquo;observer les capes,un groupe d&rsquo;\u00e9coliers, les cuisiniers&#8230;<\/p>\n<p><a href=\"https:\/\/martinemrichard.fr\/blog\/wp-content\/uploads\/2012\/04\/cuisiniers.jpg\"><img loading=\"lazy\" decoding=\"async\" class=\"alignleft size-medium wp-image-4377\" title=\"cuisiniers\" src=\"https:\/\/martinemrichard.fr\/blog\/wp-content\/uploads\/2012\/04\/cuisiniers-300x224.jpg\" alt=\"\" width=\"300\" height=\"224\" srcset=\"https:\/\/martinemrichard.fr\/blog\/wp-content\/uploads\/2012\/04\/cuisiniers-300x224.jpg 300w, https:\/\/martinemrichard.fr\/blog\/wp-content\/uploads\/2012\/04\/cuisiniers-1024x767.jpg 1024w\" sizes=\"auto, (max-width: 300px) 100vw, 300px\" \/><\/a><a href=\"https:\/\/martinemrichard.fr\/blog\/wp-content\/uploads\/2012\/04\/ecoliers.jpg\"><img loading=\"lazy\" decoding=\"async\" class=\"alignright size-medium wp-image-4378\" title=\"ecoliers\" src=\"https:\/\/martinemrichard.fr\/blog\/wp-content\/uploads\/2012\/04\/ecoliers-300x225.jpg\" alt=\"\" width=\"300\" height=\"225\" srcset=\"https:\/\/martinemrichard.fr\/blog\/wp-content\/uploads\/2012\/04\/ecoliers-300x225.jpg 300w, https:\/\/martinemrichard.fr\/blog\/wp-content\/uploads\/2012\/04\/ecoliers-1024x768.jpg 1024w\" sizes=\"auto, (max-width: 300px) 100vw, 300px\" \/><\/a><a href=\"https:\/\/martinemrichard.fr\/blog\/wp-content\/uploads\/2012\/04\/duel.jpg\"><img loading=\"lazy\" decoding=\"async\" class=\"aligncenter size-thumbnail wp-image-4379\" title=\"duel\" src=\"https:\/\/martinemrichard.fr\/blog\/wp-content\/uploads\/2012\/04\/duel-150x150.jpg\" alt=\"\" width=\"150\" height=\"150\" \/><\/a>.<\/p>\n<p>.<\/p>\n<p>&nbsp;<\/p>\n<p><a href=\"https:\/\/martinemrichard.fr\/blog\/wp-content\/uploads\/2012\/04\/prepa-defile-1.jpg\"><img loading=\"lazy\" decoding=\"async\" class=\"alignleft size-medium wp-image-4384\" title=\"prepa defile 1\" src=\"https:\/\/martinemrichard.fr\/blog\/wp-content\/uploads\/2012\/04\/prepa-defile-1-300x220.jpg\" alt=\"\" width=\"300\" height=\"220\" srcset=\"https:\/\/martinemrichard.fr\/blog\/wp-content\/uploads\/2012\/04\/prepa-defile-1-300x220.jpg 300w, https:\/\/martinemrichard.fr\/blog\/wp-content\/uploads\/2012\/04\/prepa-defile-1-1024x753.jpg 1024w\" sizes=\"auto, (max-width: 300px) 100vw, 300px\" \/><\/a><a href=\"https:\/\/martinemrichard.fr\/blog\/wp-content\/uploads\/2012\/04\/verification.jpg\"><img loading=\"lazy\" decoding=\"async\" class=\"alignright size-medium wp-image-4385\" title=\"verification\" src=\"https:\/\/martinemrichard.fr\/blog\/wp-content\/uploads\/2012\/04\/verification-300x225.jpg\" alt=\"\" width=\"300\" height=\"225\" srcset=\"https:\/\/martinemrichard.fr\/blog\/wp-content\/uploads\/2012\/04\/verification-300x225.jpg 300w, https:\/\/martinemrichard.fr\/blog\/wp-content\/uploads\/2012\/04\/verification-1024x768.jpg 1024w\" sizes=\"auto, (max-width: 300px) 100vw, 300px\" \/><\/a><a href=\"https:\/\/martinemrichard.fr\/blog\/wp-content\/uploads\/2012\/04\/pat.jpg\"><img loading=\"lazy\" decoding=\"async\" class=\"aligncenter size-thumbnail wp-image-4386\" title=\"pat\" src=\"https:\/\/martinemrichard.fr\/blog\/wp-content\/uploads\/2012\/04\/pat-150x150.jpg\" alt=\"\" width=\"150\" height=\"150\" \/><\/a>.<\/p>\n<p>.<\/p>\n<p><a href=\"https:\/\/martinemrichard.fr\/blog\/wp-content\/uploads\/2012\/04\/martine.jpg\"><img loading=\"lazy\" decoding=\"async\" class=\"alignleft size-medium wp-image-4389\" title=\"martine\" src=\"https:\/\/martinemrichard.fr\/blog\/wp-content\/uploads\/2012\/04\/martine-224x300.jpg\" alt=\"\" width=\"224\" height=\"300\" srcset=\"https:\/\/martinemrichard.fr\/blog\/wp-content\/uploads\/2012\/04\/martine-224x300.jpg 224w, https:\/\/martinemrichard.fr\/blog\/wp-content\/uploads\/2012\/04\/martine-767x1024.jpg 767w, https:\/\/martinemrichard.fr\/blog\/wp-content\/uploads\/2012\/04\/martine.jpg 1700w\" sizes=\"auto, (max-width: 224px) 100vw, 224px\" \/><\/a><a href=\"https:\/\/martinemrichard.fr\/blog\/wp-content\/uploads\/2012\/04\/c_est-parti1.jpg\"><img loading=\"lazy\" decoding=\"async\" class=\"alignright size-medium wp-image-4390\" title=\"c_est parti\" src=\"https:\/\/martinemrichard.fr\/blog\/wp-content\/uploads\/2012\/04\/c_est-parti1-300x225.jpg\" alt=\"\" width=\"300\" height=\"225\" srcset=\"https:\/\/martinemrichard.fr\/blog\/wp-content\/uploads\/2012\/04\/c_est-parti1-300x225.jpg 300w, https:\/\/martinemrichard.fr\/blog\/wp-content\/uploads\/2012\/04\/c_est-parti1-1024x768.jpg 1024w\" sizes=\"auto, (max-width: 300px) 100vw, 300px\" \/><\/a><\/p>\n<p><a href=\"https:\/\/martinemrichard.fr\/blog\/wp-content\/uploads\/2012\/04\/defile-depart.jpg\"><img loading=\"lazy\" decoding=\"async\" class=\"aligncenter size-thumbnail wp-image-4392\" title=\"defile depart\" src=\"https:\/\/martinemrichard.fr\/blog\/wp-content\/uploads\/2012\/04\/defile-depart-150x150.jpg\" alt=\"\" width=\"150\" height=\"150\" \/><\/a>.<\/p>\n<p>.<\/p>\n<p>.<\/p>\n<p>.<\/p>\n<p style=\"text-align: justify;\">Enfin le cort\u00e8ge s&rsquo;\u00e9branla.\u00a0 Nous avancions entre deux haies de visages joyeux, riants et applaudissant \u00e0 tout rompre. Par-ci, par-l\u00e0 jaillissaient des \u00ab\u00a0Allez les artistes!\u00a0\u00bb \u00ab\u00a0Bravo les artistes!\u00a0\u00bb. Quelques amis nous interpellaient , vite engloutis dans l&rsquo; anonymat bruyant.<\/p>\n<p>\u00a0<a href=\"https:\/\/martinemrichard.fr\/blog\/wp-content\/uploads\/2012\/04\/en-route.jpg\"><img loading=\"lazy\" decoding=\"async\" class=\"alignleft size-medium wp-image-4399\" title=\"en route\" src=\"https:\/\/martinemrichard.fr\/blog\/wp-content\/uploads\/2012\/04\/en-route-225x300.jpg\" alt=\"\" width=\"225\" height=\"300\" srcset=\"https:\/\/martinemrichard.fr\/blog\/wp-content\/uploads\/2012\/04\/en-route-225x300.jpg 225w, https:\/\/martinemrichard.fr\/blog\/wp-content\/uploads\/2012\/04\/en-route-768x1024.jpg 768w, https:\/\/martinemrichard.fr\/blog\/wp-content\/uploads\/2012\/04\/en-route.jpg 1944w\" sizes=\"auto, (max-width: 225px) 100vw, 225px\" \/><\/a><a href=\"https:\/\/martinemrichard.fr\/blog\/wp-content\/uploads\/2012\/04\/cinema.jpg\"><img loading=\"lazy\" decoding=\"async\" class=\"alignright size-medium wp-image-4400\" title=\"cinema\" src=\"https:\/\/martinemrichard.fr\/blog\/wp-content\/uploads\/2012\/04\/cinema-262x300.jpg\" alt=\"\" width=\"262\" height=\"300\" srcset=\"https:\/\/martinemrichard.fr\/blog\/wp-content\/uploads\/2012\/04\/cinema-262x300.jpg 262w, https:\/\/martinemrichard.fr\/blog\/wp-content\/uploads\/2012\/04\/cinema-896x1024.jpg 896w, https:\/\/martinemrichard.fr\/blog\/wp-content\/uploads\/2012\/04\/cinema.jpg 1702w\" sizes=\"auto, (max-width: 262px) 100vw, 262px\" \/><\/a><a href=\"https:\/\/martinemrichard.fr\/blog\/wp-content\/uploads\/2012\/04\/deco-2.jpg\"><img loading=\"lazy\" decoding=\"async\" class=\"aligncenter size-thumbnail wp-image-4401\" title=\"deco 2\" src=\"https:\/\/martinemrichard.fr\/blog\/wp-content\/uploads\/2012\/04\/deco-2-150x150.jpg\" alt=\"\" width=\"150\" height=\"150\" \/><\/a>.<\/p>\n<p>.<\/p>\n<p>.<\/p>\n<p style=\"text-align: justify;\">\u00a0Nous progressions au rythme cadenc\u00e9 de ceux qui nous pr\u00e9c\u00e9daient.\u00a0 Boum! Boum! des tambours; objets ind\u00e9termin\u00e9s cliquetant avec force. A moment donn\u00e9 nous travers\u00e2mes le pont, surprenant les tournages de \u00ab\u00a0Et au milieu coulait une rivi\u00e8re\u00a0\u00bb et de \u00ab\u00a0Ben Hur.\u00a0\u00bb De grandes d\u00e9corations affichaient clairement le menu du jour.<\/p>\n<p style=\"text-align: justify;\"><a href=\"https:\/\/martinemrichard.fr\/blog\/wp-content\/uploads\/2012\/04\/deco-.jpg\"><img loading=\"lazy\" decoding=\"async\" class=\"alignleft size-medium wp-image-4406\" title=\"deco\" src=\"https:\/\/martinemrichard.fr\/blog\/wp-content\/uploads\/2012\/04\/deco--235x300.jpg\" alt=\"\" width=\"235\" height=\"300\" srcset=\"https:\/\/martinemrichard.fr\/blog\/wp-content\/uploads\/2012\/04\/deco--235x300.jpg 235w, https:\/\/martinemrichard.fr\/blog\/wp-content\/uploads\/2012\/04\/deco--803x1024.jpg 803w, https:\/\/martinemrichard.fr\/blog\/wp-content\/uploads\/2012\/04\/deco-.jpg 1524w\" sizes=\"auto, (max-width: 235px) 100vw, 235px\" \/><\/a><a href=\"https:\/\/martinemrichard.fr\/blog\/wp-content\/uploads\/2012\/04\/la-cadence.jpg\"><img loading=\"lazy\" decoding=\"async\" class=\"alignright size-medium wp-image-4408\" title=\"la cadence\" src=\"https:\/\/martinemrichard.fr\/blog\/wp-content\/uploads\/2012\/04\/la-cadence-300x224.jpg\" alt=\"\" width=\"300\" height=\"224\" srcset=\"https:\/\/martinemrichard.fr\/blog\/wp-content\/uploads\/2012\/04\/la-cadence-300x224.jpg 300w, https:\/\/martinemrichard.fr\/blog\/wp-content\/uploads\/2012\/04\/la-cadence-1024x767.jpg 1024w\" sizes=\"auto, (max-width: 300px) 100vw, 300px\" \/><\/a><a href=\"https:\/\/martinemrichard.fr\/blog\/wp-content\/uploads\/2012\/04\/bugarach.jpg\"><img loading=\"lazy\" decoding=\"async\" class=\"aligncenter size-thumbnail wp-image-4409\" title=\"bugarach\" src=\"https:\/\/martinemrichard.fr\/blog\/wp-content\/uploads\/2012\/04\/bugarach-150x150.jpg\" alt=\"\" width=\"150\" height=\"150\" \/><\/a>.<\/p>\n<p style=\"text-align: justify;\">.<\/p>\n<p style=\"text-align: justify;\">.<\/p>\n<p style=\"text-align: justify;\">.<\/p>\n<p>Cheminant sous le soleil , acclam\u00e9 comme une star , le long serpent chamarr\u00e9 d\u00e9roulait ses anneaux entre les pierres aussi chaudes que les visages exub\u00e9rants.<\/p>\n<p><a href=\"https:\/\/martinemrichard.fr\/blog\/wp-content\/uploads\/2012\/04\/les-belles-capes.jpg\"><img loading=\"lazy\" decoding=\"async\" class=\"alignleft size-medium wp-image-4415\" title=\"les belles capes\" src=\"https:\/\/martinemrichard.fr\/blog\/wp-content\/uploads\/2012\/04\/les-belles-capes-300x194.jpg\" alt=\"\" width=\"300\" height=\"194\" srcset=\"https:\/\/martinemrichard.fr\/blog\/wp-content\/uploads\/2012\/04\/les-belles-capes-300x194.jpg 300w, https:\/\/martinemrichard.fr\/blog\/wp-content\/uploads\/2012\/04\/les-belles-capes-1024x664.jpg 1024w\" sizes=\"auto, (max-width: 300px) 100vw, 300px\" \/><\/a><a href=\"https:\/\/martinemrichard.fr\/blog\/wp-content\/uploads\/2012\/04\/long_long_long.jpg\"><img loading=\"lazy\" decoding=\"async\" class=\"alignright size-medium wp-image-4416\" title=\"long_long_long\" src=\"https:\/\/martinemrichard.fr\/blog\/wp-content\/uploads\/2012\/04\/long_long_long-300x293.jpg\" alt=\"\" width=\"300\" height=\"293\" srcset=\"https:\/\/martinemrichard.fr\/blog\/wp-content\/uploads\/2012\/04\/long_long_long-300x293.jpg 300w, https:\/\/martinemrichard.fr\/blog\/wp-content\/uploads\/2012\/04\/long_long_long-1024x1001.jpg 1024w, https:\/\/martinemrichard.fr\/blog\/wp-content\/uploads\/2012\/04\/long_long_long.jpg 1209w\" sizes=\"auto, (max-width: 300px) 100vw, 300px\" \/><\/a>.<\/p>\n<p>.<\/p>\n<p>.<\/p>\n<p>.<\/p>\n<p>.<\/p>\n<p style=\"text-align: justify;\">Le d\u00e9sormais c\u00e9l\u00e8bre Pech ( pic) du Bugarach ne devait pas en croire ses pierres face \u00e0 cette d\u00e9bauche de vie bariol\u00e9e et musicale. Nous termin\u00e2mes assoiff\u00e9s, les pieds en compote pour \u00e9couter le discours.\u00a0 Puis, nous regagn\u00e2mes nos caveaux apr\u00e8s avoir accept\u00e9 un petit verre de Chardonnay bien frais .<\/p>\n<p style=\"text-align: justify;\">Pour avoir une id\u00e9e de l&rsquo;ambiance voici un <a href=\"http:\/\/www.youtube.com\/watch?v=o7aIiSShiRQ&amp;feature=related\"><span style=\"color: #0000ff;\"><strong>lien<\/strong><\/span> <\/a>vers le Toques 2007<a href=\"https:\/\/martinemrichard.fr\/blog\/wp-content\/uploads\/2012\/04\/toques.jpg\"><img loading=\"lazy\" decoding=\"async\" class=\"alignright size-thumbnail wp-image-4425\" title=\"toques\" src=\"https:\/\/martinemrichard.fr\/blog\/wp-content\/uploads\/2012\/04\/toques-150x150.jpg\" alt=\"\" width=\"150\" height=\"150\" \/><\/a><\/p>\n<p style=\"text-align: justify;\">Un lien pour Toques 2012\u00a0 <a href=\"http:\/\/www.youtube.com\/watch?v=JOkioljBPpY&amp;feature=related\"><span style=\"color: #0000ff;\"><strong>ici<\/strong><\/span><\/a> et encore <a href=\"http:\/\/www.youtube.com\/watch?v=rBWVGi8M41g&amp;feature=relmfu\"><span style=\"color: #0000ff;\"><strong>ICI<\/strong><\/span><\/a>\u00a0 et puis<a href=\"http:\/\/www.youtube.com\/watch?v=anN5gdl_qOs&amp;feature=relmfu\"><span style=\"color: #0000ff;\"><strong> l\u00e0<\/strong><\/span><\/a><\/p>\n<p style=\"text-align: justify;\">Une pub pour Toques que je trouve super <a href=\"http:\/\/www.youtube.com\/watch?v=RVsAqWjpBw4&amp;feature=related\"><span style=\"color: #0000ff;\"><strong>ICI<\/strong><\/span><\/a><\/p>\n<p style=\"text-align: justify;\">Le dimanche , lui, \u00e9tait plus que tranquille.<\/p>\n<p style=\"text-align: justify;\"><a href=\"https:\/\/martinemrichard.fr\/blog\/wp-content\/uploads\/2012\/04\/la-grand-rue.jpg\"><img loading=\"lazy\" decoding=\"async\" class=\"alignleft size-medium wp-image-4424\" title=\"la grand rue\" src=\"https:\/\/martinemrichard.fr\/blog\/wp-content\/uploads\/2012\/04\/la-grand-rue-224x300.jpg\" alt=\"\" width=\"224\" height=\"300\" srcset=\"https:\/\/martinemrichard.fr\/blog\/wp-content\/uploads\/2012\/04\/la-grand-rue-224x300.jpg 224w, https:\/\/martinemrichard.fr\/blog\/wp-content\/uploads\/2012\/04\/la-grand-rue-767x1024.jpg 767w, https:\/\/martinemrichard.fr\/blog\/wp-content\/uploads\/2012\/04\/la-grand-rue.jpg 1700w\" sizes=\"auto, (max-width: 224px) 100vw, 224px\" \/><\/a>\u00e0 gauche, \u00e7a bouchonnait de partout en d\u00e9but de soir\u00e9e le samedi.<\/p>\n<p style=\"text-align: justify;\">et \u00e0 droite,<a href=\"https:\/\/martinemrichard.fr\/blog\/wp-content\/uploads\/2012\/04\/le-chateau1.jpg\"><img loading=\"lazy\" decoding=\"async\" class=\"alignright size-medium wp-image-4431\" title=\"le chateau\" src=\"https:\/\/martinemrichard.fr\/blog\/wp-content\/uploads\/2012\/04\/le-chateau1-300x175.jpg\" alt=\"\" width=\"300\" height=\"175\" srcset=\"https:\/\/martinemrichard.fr\/blog\/wp-content\/uploads\/2012\/04\/le-chateau1-300x175.jpg 300w, https:\/\/martinemrichard.fr\/blog\/wp-content\/uploads\/2012\/04\/le-chateau1-1024x597.jpg 1024w\" sizes=\"auto, (max-width: 300px) 100vw, 300px\" \/><\/a> dimanche , vers 14h, le ch\u00e2teau d&rsquo;Antugnac digne de celui de la Belle au Bois dormant ou des maquettes entrant en hibernation jusqu&rsquo;\u00e0 l&rsquo;an prochain. Des instants zen pour r\u00e9cup\u00e9rer de la fatigue de la veille, visiter les copains qui n&rsquo;ont pas encore pli\u00e9 boutique.<\/p>\n<p style=\"text-align: justify;\">MMR ( tous droits r\u00e9serv\u00e9s)<\/p>\n<p style=\"text-align: justify;\"><a href=\"https:\/\/martinemrichard.fr\/blog\/wp-content\/uploads\/2012\/04\/maison-d_artiste.jpg\"><img loading=\"lazy\" decoding=\"async\" class=\"alignleft size-medium wp-image-4440\" title=\"maison d_artiste\" src=\"https:\/\/martinemrichard.fr\/blog\/wp-content\/uploads\/2012\/04\/maison-d_artiste-300x225.jpg\" alt=\"\" width=\"300\" height=\"225\" srcset=\"https:\/\/martinemrichard.fr\/blog\/wp-content\/uploads\/2012\/04\/maison-d_artiste-300x225.jpg 300w, https:\/\/martinemrichard.fr\/blog\/wp-content\/uploads\/2012\/04\/maison-d_artiste-1024x768.jpg 1024w\" sizes=\"auto, (max-width: 300px) 100vw, 300px\" \/><\/a>d&rsquo;autres liens<a href=\"http:\/\/www.youtube.com\/watch?v=dMAQBjhI214&amp;feature=related\"><span style=\"color: #0000ff;\"><strong> ICI<\/strong><\/span><\/a>\u00a0 ;<a href=\"http:\/\/www.youtube.com\/watch?v=FmeQUyDI2G4&amp;feature=relmfu\"><span style=\"color: #3366ff;\"><strong>ICI<\/strong><\/span><\/a> et encore<a href=\"http:\/\/www.youtube.com\/watch?v=ryDUA5UeSHQ\"><span style=\"color: #0000ff;\"><strong> ICI<\/strong><\/span> <\/a>;<a href=\"http:\/\/www.youtube.com\/watch?v=g11jCRpeES4&amp;feature=relmfu\"> <span style=\"color: #0000ff;\"><strong> l\u00e0<\/strong><\/span><\/a> et encore<a href=\"http:\/\/www.youtube.com\/watch?v=EXa9FVg2XRw&amp;feature=relmfu\"><span style=\"color: #0000ff;\"><strong> l\u00e0<\/strong><\/span><\/a> et enfin\u00a0 <a href=\"http:\/\/www.youtube.com\/watch?v=5p6muBpPMh4&amp;feature=relmfu\"><span style=\"color: #0000ff;\"><strong>ICI<\/strong><\/span><\/a><\/p>\n<p style=\"text-align: justify;\"><a href=\"https:\/\/martinemrichard.fr\/blog\/wp-content\/uploads\/2012\/04\/les-chasses.jpg\"><img loading=\"lazy\" decoding=\"async\" class=\"aligncenter size-thumbnail wp-image-4432\" title=\"les chasses\" src=\"https:\/\/martinemrichard.fr\/blog\/wp-content\/uploads\/2012\/04\/les-chasses-150x150.jpg\" alt=\"\" width=\"150\" height=\"150\" \/><\/a><\/p>\n<p>&nbsp;<\/p>\n<p>&nbsp;<\/p>\n<p>&nbsp;<\/p>\n<p>&nbsp;<\/p>\n<p>&nbsp;<\/p>\n","protected":false},"excerpt":{"rendered":"<p>Cette ann\u00e9e l&rsquo;immense manifestation de Toques et Clochers avait lieu \u00e0 Antugnac. Ce joli petit village avait choisi pour th\u00e8me le cin\u00e9ma.Cliquez sur les photos pour agrandir, merci. Dispers\u00e9s un peu partout des mannequins \u00e9taient dispos\u00e9s\u00a0 transformant les ruelles, fen\u00eatres, placettes, champs de vignes en gigantesque plateau de tournage. Vous reconnaitrez\u00a0 \u00ab\u00a0La femme du boulanger\u00a0\u00bb, [&hellip;]<\/p>\n","protected":false},"author":1,"featured_media":0,"comment_status":"open","ping_status":"open","sticky":false,"template":"","format":"standard","meta":{"footnotes":""},"categories":[34],"tags":[42,418,44,419,17,417,18,39,416,420],"class_list":["post-4327","post","type-post","status-publish","format-standard","hentry","category-expositions","tag-artistes","tag-bandas","tag-chardonnay","tag-defile","tag-exposition","tag-fete","tag-pastels","tag-peinture","tag-toques-et-clochers-2012","tag-vin"],"_links":{"self":[{"href":"https:\/\/martinemrichard.fr\/blog\/index.php?rest_route=\/wp\/v2\/posts\/4327","targetHints":{"allow":["GET"]}}],"collection":[{"href":"https:\/\/martinemrichard.fr\/blog\/index.php?rest_route=\/wp\/v2\/posts"}],"about":[{"href":"https:\/\/martinemrichard.fr\/blog\/index.php?rest_route=\/wp\/v2\/types\/post"}],"author":[{"embeddable":true,"href":"https:\/\/martinemrichard.fr\/blog\/index.php?rest_route=\/wp\/v2\/users\/1"}],"replies":[{"embeddable":true,"href":"https:\/\/martinemrichard.fr\/blog\/index.php?rest_route=%2Fwp%2Fv2%2Fcomments&post=4327"}],"version-history":[{"count":80,"href":"https:\/\/martinemrichard.fr\/blog\/index.php?rest_route=\/wp\/v2\/posts\/4327\/revisions"}],"predecessor-version":[{"id":4533,"href":"https:\/\/martinemrichard.fr\/blog\/index.php?rest_route=\/wp\/v2\/posts\/4327\/revisions\/4533"}],"wp:attachment":[{"href":"https:\/\/martinemrichard.fr\/blog\/index.php?rest_route=%2Fwp%2Fv2%2Fmedia&parent=4327"}],"wp:term":[{"taxonomy":"category","embeddable":true,"href":"https:\/\/martinemrichard.fr\/blog\/index.php?rest_route=%2Fwp%2Fv2%2Fcategories&post=4327"},{"taxonomy":"post_tag","embeddable":true,"href":"https:\/\/martinemrichard.fr\/blog\/index.php?rest_route=%2Fwp%2Fv2%2Ftags&post=4327"}],"curies":[{"name":"wp","href":"https:\/\/api.w.org\/{rel}","templated":true}]}}