{"id":444,"date":"2010-08-22T05:48:59","date_gmt":"2010-08-22T03:48:59","guid":{"rendered":"http:\/\/martinemrichard.fr\/blog\/?p=444"},"modified":"2011-05-17T07:54:45","modified_gmt":"2011-05-17T05:54:45","slug":"cygnes","status":"publish","type":"post","link":"https:\/\/martinemrichard.fr\/blog\/?p=444","title":{"rendered":"Cygnes"},"content":{"rendered":"<p style=\"text-align: justify;\">Un soir, <a href=\"https:\/\/martinemrichard.fr\/blog\/wp-content\/uploads\/2010\/08\/cygnes-1-.jpg\"><img loading=\"lazy\" decoding=\"async\" class=\"alignright size-medium wp-image-445\" title=\"cygnes 1\" src=\"https:\/\/martinemrichard.fr\/blog\/wp-content\/uploads\/2010\/08\/cygnes-1--224x300.jpg\" alt=\"\" width=\"224\" height=\"300\" srcset=\"https:\/\/martinemrichard.fr\/blog\/wp-content\/uploads\/2010\/08\/cygnes-1--224x300.jpg 224w, https:\/\/martinemrichard.fr\/blog\/wp-content\/uploads\/2010\/08\/cygnes-1-.jpg 518w\" sizes=\"auto, (max-width: 224px) 100vw, 224px\" \/><\/a>Nous nous baladions\u00a0 du c\u00f4t\u00e9 d&rsquo;un joli petit coin: Ar\u00e8s, pr\u00e8s du Bassin d&rsquo;Arcachon. C&rsquo;\u00e9tait il y a quelques ann\u00e9es.<\/p>\n<p style=\"text-align: justify;\">Il est presque 19h00. Le temps est magnifique. A peine un zeste de vent. Juste ce qu&rsquo;il faut pour \u00eatre agr\u00e9able. Nous d\u00e9couvrons\u00a0 et profitons pleinement ces instants d\u00a0\u00bb\u00e9t\u00e9 finissant. Un groupe de baigneurs particuli\u00e8rement bruyants nous poussent \u00e0 rechercher le calme . Un petit chemin longe une \u00e9tendue d&rsquo;eau de moyenne importance o\u00f9 nagent, paresseusement, un couple de cygnes. Quelle majest\u00e9! Nous restons l\u00e0, \u00e0 les contempler, ravis par cette beaut\u00e9 si paisible. Puis, un mouvement brusque attire notre regard. Au loin, sur la droite, nous apercevons des promeneurs. Nous d\u00e9cidons de continuer la visite. Le chemin , visiblement tr\u00e8s fr\u00e9quent\u00e9 , n&rsquo;est gu\u00e8re large.\u00a0 Au bout d&rsquo;une centaine de m\u00e8tres, nous apercevons un petit pont en bois brut fort pittoresque. Deux couples de cyclotouristes ont mis pied \u00e0 terre et regardent, bouche b\u00e9e &#8230; quoi donc? Nous nous approchons, tr\u00e8s intrigu\u00e9s, le pas l\u00e9ger, sans parler&#8230;<a href=\"https:\/\/martinemrichard.fr\/blog\/wp-content\/uploads\/2010\/08\/cygnes-2-.jpg\"><img loading=\"lazy\" decoding=\"async\" class=\"alignright size-thumbnail wp-image-446\" title=\"cygnes 2\" src=\"https:\/\/martinemrichard.fr\/blog\/wp-content\/uploads\/2010\/08\/cygnes-2--150x150.jpg\" alt=\"\" width=\"150\" height=\"150\" \/><\/a> La belle surprise! Des centaines de cygnes glissent dans un silence parfait.<\/p>\n<p style=\"text-align: justify;\">Un ballet gracieux de leurs longs cous qui se penchent, montent, descendent, se croisent, se caressent parfois&#8230; Instants magiques et pr\u00e9cieux. J&rsquo;ouvre grands les yeux pour graver toutes ces images au fond de moi. Puis, presque engourdie, je songe \u00e0 saisir mon appareil . Quelques clic et clac discrets avant que, malheureusement, les piles\u00a0 ne l\u00e2chent.\u00a0 Je n&rsquo;ai jamais vu cela de ma vie. Les cycliste repartis, nous savourons , gourmands, des minutes qui s&rsquo;\u00e9tirent, presque irr\u00e9elles&#8230; Depuis, j&rsquo;ai cherch\u00e9 \u00e0 en savoir plus sur ces superbes animaux. Merci wikip\u00e9dia. Ainsi qu&rsquo; \u00e0 \u00ab\u00a0Faune sauvage: connaissance et gestion des esp\u00e8ces \u00a0\u00bb Nouvelles donn\u00e9es sur le statut du cygne tubercul\u00e9 dans le Bassin d&rsquo;Arcachon ( Gironde)<a href=\"https:\/\/martinemrichard.fr\/blog\/wp-content\/uploads\/2010\/08\/cygnes-3-.jpg\"><img loading=\"lazy\" decoding=\"async\" class=\"alignright size-thumbnail wp-image-447\" title=\"cygnes 3\" src=\"https:\/\/martinemrichard.fr\/blog\/wp-content\/uploads\/2010\/08\/cygnes-3--150x150.jpg\" alt=\"\" width=\"150\" height=\"150\" \/><\/a>\u00a0\u00bb par caroline Pir\u00e9, Julien Haas et J\u00e9sus Veiga.<\/p>\n<p style=\"text-align: justify;\">\u00ab\u00a0Le cygne tubercul\u00e9 appartient \u00e0 la famille des anatid\u00e8s. C&rsquo;est un bel oiseau de 125 \u00e0 155 cm. Envergure De 200 \u00e0 235 cm lorsqu&rsquo;il d\u00e9ploie ses ailes. Les couples se forment \u00e0 la fin de l&rsquo;automne ou en hiver. Ils trouvent de vastes \u00e9tendues d&rsquo;herbiers aquatiques et nichent sur 7 domaines endigu\u00e9s du Bassin d&rsquo;Arcachon: Domaine de Certes- \u00eele de Malprat- Parc ornithologique du Teich &#8211; \u00eele de Boucolle- Saint Brice et Piraillan. Les oiseaux semblent se nourrir d&rsquo;algues vertes flottantes, tr\u00e8s abondantes dans la zone du delta de la Leyre <a href=\"https:\/\/martinemrichard.fr\/blog\/wp-content\/uploads\/2010\/08\/le-cygne-.jpg\"><img loading=\"lazy\" decoding=\"async\" class=\"alignright size-medium wp-image-448\" title=\"le cygne\" src=\"https:\/\/martinemrichard.fr\/blog\/wp-content\/uploads\/2010\/08\/le-cygne--300x225.jpg\" alt=\"\" width=\"300\" height=\"225\" srcset=\"https:\/\/martinemrichard.fr\/blog\/wp-content\/uploads\/2010\/08\/le-cygne--300x225.jpg 300w, https:\/\/martinemrichard.fr\/blog\/wp-content\/uploads\/2010\/08\/le-cygne--1024x768.jpg 1024w, https:\/\/martinemrichard.fr\/blog\/wp-content\/uploads\/2010\/08\/le-cygne-.jpg 1832w\" sizes=\"auto, (max-width: 300px) 100vw, 300px\" \/><\/a>, dans laquelle ils sont assez concentr\u00e9s de juin \u00e0 octobre.\u00a0 Sans doute pour des raisons de s\u00e9curit\u00e9 et probablement du fait de la pr\u00e9sence d&rsquo;eau douce. Un biotope qui semble correspondre \u00e0 leurs exigences vitales.<\/p>\n<p style=\"text-align: justify;\">A partir de septembre et octobre, ils sont beaucoup plus dispers\u00e9s. Le nord du Bassin et l&rsquo;\u00eele aux oiseaux sont davantage visit\u00e9s \u00e0 cette \u00e9poque. Cette modification de l&rsquo;occupation de l&rsquo;espace est probablement li\u00e9e \u00e0 la pr\u00e9sence locale de nourriture mais aussi au d\u00e9rangement humain ( nautisme et ostr\u00e9iculteurs)&#8230; Le m\u00e2le d\u00e9bute la construction du nid puis la femelle l&rsquo;aide \u00e0 le terminer.\u00a0 Elle y pondra plusieurs \u0153ufs.\u00a0 Beaucoup de petits sont tu\u00e9s par\u00a0 les rivalit\u00e9s entre m\u00e2les. Une sorte d&rsquo;autor\u00e9gulation de la population assez importante. Les petits sont sombres . Certains\u00a0 naissent blancs. On a longtemps cru \u00e0 une nouvelle esp\u00e8ce. Mais non, car leur g\u00e9notype est identique. Peut-\u00eatre un caract\u00e8re albinos devenu h\u00e9r\u00e9ditaire.\u00a0\u00bb<\/p>\n<p style=\"text-align: justify;\">Les cygnes remontent avec la mar\u00e9e vers les pr\u00e8s sal\u00e9s. Le hasard nous offre, ce soir l\u00e0, un merveilleux cadeau &#8230;<\/p>\n<p style=\"text-align: justify;\">Soir\u00e9e opale-<\/p>\n<p style=\"text-align: justify;\">Fin ballet de courbettes<\/p>\n<p style=\"text-align: justify;\">S\u00e9duction neige<\/p>\n<p style=\"text-align: justify;\">\n<p style=\"text-align: justify;\">MMR ( tous droits r\u00e9serv\u00e9s)<\/p>\n<p style=\"text-align: justify;\">\n","protected":false},"excerpt":{"rendered":"<p>Un soir, Nous nous baladions\u00a0 du c\u00f4t\u00e9 d&rsquo;un joli petit coin: Ar\u00e8s, pr\u00e8s du Bassin d&rsquo;Arcachon. C&rsquo;\u00e9tait il y a quelques ann\u00e9es. Il est presque 19h00. Le temps est magnifique. A peine un zeste de vent. Juste ce qu&rsquo;il faut pour \u00eatre agr\u00e9able. Nous d\u00e9couvrons\u00a0 et profitons pleinement ces instants d\u00a0\u00bb\u00e9t\u00e9 finissant. Un groupe de [&hellip;]<\/p>\n","protected":false},"author":1,"featured_media":0,"comment_status":"open","ping_status":"open","sticky":false,"template":"","format":"standard","meta":{"footnotes":""},"categories":[72,35,70],"tags":[],"class_list":["post-444","post","type-post","status-publish","format-standard","hentry","category-animaux","category-haikus-haibuns","category-ocean-et-bassin-darcachon"],"_links":{"self":[{"href":"https:\/\/martinemrichard.fr\/blog\/index.php?rest_route=\/wp\/v2\/posts\/444","targetHints":{"allow":["GET"]}}],"collection":[{"href":"https:\/\/martinemrichard.fr\/blog\/index.php?rest_route=\/wp\/v2\/posts"}],"about":[{"href":"https:\/\/martinemrichard.fr\/blog\/index.php?rest_route=\/wp\/v2\/types\/post"}],"author":[{"embeddable":true,"href":"https:\/\/martinemrichard.fr\/blog\/index.php?rest_route=\/wp\/v2\/users\/1"}],"replies":[{"embeddable":true,"href":"https:\/\/martinemrichard.fr\/blog\/index.php?rest_route=%2Fwp%2Fv2%2Fcomments&post=444"}],"version-history":[{"count":3,"href":"https:\/\/martinemrichard.fr\/blog\/index.php?rest_route=\/wp\/v2\/posts\/444\/revisions"}],"predecessor-version":[{"id":1648,"href":"https:\/\/martinemrichard.fr\/blog\/index.php?rest_route=\/wp\/v2\/posts\/444\/revisions\/1648"}],"wp:attachment":[{"href":"https:\/\/martinemrichard.fr\/blog\/index.php?rest_route=%2Fwp%2Fv2%2Fmedia&parent=444"}],"wp:term":[{"taxonomy":"category","embeddable":true,"href":"https:\/\/martinemrichard.fr\/blog\/index.php?rest_route=%2Fwp%2Fv2%2Fcategories&post=444"},{"taxonomy":"post_tag","embeddable":true,"href":"https:\/\/martinemrichard.fr\/blog\/index.php?rest_route=%2Fwp%2Fv2%2Ftags&post=444"}],"curies":[{"name":"wp","href":"https:\/\/api.w.org\/{rel}","templated":true}]}}