{"id":4449,"date":"2012-04-06T03:55:58","date_gmt":"2012-04-06T02:55:58","guid":{"rendered":"http:\/\/martinemrichard.fr\/blog\/?p=4449"},"modified":"2012-04-06T03:55:58","modified_gmt":"2012-04-06T02:55:58","slug":"floraison-des-cerisiers","status":"publish","type":"post","link":"https:\/\/martinemrichard.fr\/blog\/?p=4449","title":{"rendered":"Floraison des cerisiers"},"content":{"rendered":"<p>Rendez-vous avec le \u00ab\u00a0Coucou du ha\u00efku\u00a0\u00bb de Alice et Mamylilou avec pour th\u00e8me: la floraison des cerisiers\u00a0\u00bb<\/p>\n<p>.<a href=\"https:\/\/martinemrichard.fr\/blog\/wp-content\/uploads\/2012\/04\/P74-Cerisier.jpg\"><img loading=\"lazy\" decoding=\"async\" class=\"alignright size-medium wp-image-4450\" title=\"P74-Cerisier\" src=\"https:\/\/martinemrichard.fr\/blog\/wp-content\/uploads\/2012\/04\/P74-Cerisier-300x201.jpg\" alt=\"\" width=\"300\" height=\"201\" srcset=\"https:\/\/martinemrichard.fr\/blog\/wp-content\/uploads\/2012\/04\/P74-Cerisier-300x201.jpg 300w, https:\/\/martinemrichard.fr\/blog\/wp-content\/uploads\/2012\/04\/P74-Cerisier.jpg 600w\" sizes=\"auto, (max-width: 300px) 100vw, 300px\" \/><\/a><\/p>\n<p>Cerisier lumi\u00e8re-<\/p>\n<p>Au c\u0153ur de sa chantilly<\/p>\n<p>Danse des abeilles<\/p>\n<p>.<\/p>\n<p>Un vent de p\u00e9tales-<\/p>\n<p>Confettis sur la mari\u00e9e<\/p>\n<p>Sa bouche cerise<\/p>\n<p>.<\/p>\n<p>MMR ( tous droits r\u00e9serv\u00e9s)<\/p>\n<p>&nbsp;<\/p>\n","protected":false},"excerpt":{"rendered":"<p>Rendez-vous avec le \u00ab\u00a0Coucou du ha\u00efku\u00a0\u00bb de Alice et Mamylilou avec pour th\u00e8me: la floraison des cerisiers\u00a0\u00bb . Cerisier lumi\u00e8re- Au c\u0153ur de sa chantilly Danse des abeilles . Un vent de p\u00e9tales- Confettis sur la mari\u00e9e Sa bouche cerise . MMR ( tous droits r\u00e9serv\u00e9s) &nbsp;<\/p>\n","protected":false},"author":1,"featured_media":0,"comment_status":"open","ping_status":"open","sticky":false,"template":"","format":"standard","meta":{"footnotes":""},"categories":[35],"tags":[145,424,182,422,421,37,423,22,103],"class_list":["post-4449","post","type-post","status-publish","format-standard","hentry","category-haikus-haibuns","tag-abeille","tag-bouche","tag-cerisier","tag-confettis","tag-floraison","tag-haikus","tag-mariee","tag-petales","tag-vent"],"_links":{"self":[{"href":"https:\/\/martinemrichard.fr\/blog\/index.php?rest_route=\/wp\/v2\/posts\/4449","targetHints":{"allow":["GET"]}}],"collection":[{"href":"https:\/\/martinemrichard.fr\/blog\/index.php?rest_route=\/wp\/v2\/posts"}],"about":[{"href":"https:\/\/martinemrichard.fr\/blog\/index.php?rest_route=\/wp\/v2\/types\/post"}],"author":[{"embeddable":true,"href":"https:\/\/martinemrichard.fr\/blog\/index.php?rest_route=\/wp\/v2\/users\/1"}],"replies":[{"embeddable":true,"href":"https:\/\/martinemrichard.fr\/blog\/index.php?rest_route=%2Fwp%2Fv2%2Fcomments&post=4449"}],"version-history":[{"count":5,"href":"https:\/\/martinemrichard.fr\/blog\/index.php?rest_route=\/wp\/v2\/posts\/4449\/revisions"}],"predecessor-version":[{"id":4455,"href":"https:\/\/martinemrichard.fr\/blog\/index.php?rest_route=\/wp\/v2\/posts\/4449\/revisions\/4455"}],"wp:attachment":[{"href":"https:\/\/martinemrichard.fr\/blog\/index.php?rest_route=%2Fwp%2Fv2%2Fmedia&parent=4449"}],"wp:term":[{"taxonomy":"category","embeddable":true,"href":"https:\/\/martinemrichard.fr\/blog\/index.php?rest_route=%2Fwp%2Fv2%2Fcategories&post=4449"},{"taxonomy":"post_tag","embeddable":true,"href":"https:\/\/martinemrichard.fr\/blog\/index.php?rest_route=%2Fwp%2Fv2%2Ftags&post=4449"}],"curies":[{"name":"wp","href":"https:\/\/api.w.org\/{rel}","templated":true}]}}