{"id":4483,"date":"2012-04-13T11:36:33","date_gmt":"2012-04-13T10:36:33","guid":{"rendered":"http:\/\/martinemrichard.fr\/blog\/?p=4483"},"modified":"2012-04-13T11:36:33","modified_gmt":"2012-04-13T10:36:33","slug":"floraison-des-cerisiers-2","status":"publish","type":"post","link":"https:\/\/martinemrichard.fr\/blog\/?p=4483","title":{"rendered":"Floraison des cerisiers 2"},"content":{"rendered":"<p>M\u00eame th\u00e8me que vendredi dernier pour le \u00a0\u00bb Coucou du ha\u00efk.u\u00a0\u00bb <a href=\"http:\/\/www.over-blog.com\/com-1172092675\/Le_coucou_du_haiku.html\"><span style=\"color: #0000ff;\"><strong>ICI<\/strong><\/span><\/a> de Alice et Mamylilou<\/p>\n<p><a href=\"https:\/\/martinemrichard.fr\/blog\/wp-content\/uploads\/2012\/04\/P74-Cerisier1.jpg\"><img loading=\"lazy\" decoding=\"async\" class=\"alignleft size-medium wp-image-4484\" title=\"P74-Cerisier\" src=\"https:\/\/martinemrichard.fr\/blog\/wp-content\/uploads\/2012\/04\/P74-Cerisier1-300x201.jpg\" alt=\"\" width=\"300\" height=\"201\" srcset=\"https:\/\/martinemrichard.fr\/blog\/wp-content\/uploads\/2012\/04\/P74-Cerisier1-300x201.jpg 300w, https:\/\/martinemrichard.fr\/blog\/wp-content\/uploads\/2012\/04\/P74-Cerisier1.jpg 600w\" sizes=\"auto, (max-width: 300px) 100vw, 300px\" \/><\/a><a href=\"https:\/\/martinemrichard.fr\/blog\/wp-content\/uploads\/2012\/04\/cerisier-montagne.jpg\"><img loading=\"lazy\" decoding=\"async\" class=\"alignright size-medium wp-image-4485\" title=\"cerisier montagne\" src=\"https:\/\/martinemrichard.fr\/blog\/wp-content\/uploads\/2012\/04\/cerisier-montagne-225x300.jpg\" alt=\"\" width=\"225\" height=\"300\" srcset=\"https:\/\/martinemrichard.fr\/blog\/wp-content\/uploads\/2012\/04\/cerisier-montagne-225x300.jpg 225w, https:\/\/martinemrichard.fr\/blog\/wp-content\/uploads\/2012\/04\/cerisier-montagne-768x1024.jpg 768w, https:\/\/martinemrichard.fr\/blog\/wp-content\/uploads\/2012\/04\/cerisier-montagne.jpg 1586w\" sizes=\"auto, (max-width: 225px) 100vw, 225px\" \/><\/a><\/p>\n<p>.<\/p>\n<p>Soleil montagnard-<\/p>\n<p>Il a neig\u00e9 comme un fou<\/p>\n<p>sous les cerisiers<\/p>\n<p>.<\/p>\n<p>MMR ( tous droits r\u00e9serv\u00e9s)<\/p>\n","protected":false},"excerpt":{"rendered":"<p>M\u00eame th\u00e8me que vendredi dernier pour le \u00a0\u00bb Coucou du ha\u00efk.u\u00a0\u00bb ICI de Alice et Mamylilou . Soleil montagnard- Il a neig\u00e9 comme un fou sous les cerisiers . MMR ( tous droits r\u00e9serv\u00e9s)<\/p>\n","protected":false},"author":1,"featured_media":0,"comment_status":"open","ping_status":"open","sticky":false,"template":"","format":"standard","meta":{"footnotes":""},"categories":[35],"tags":[439,37,155,338,22,122],"class_list":["post-4483","post","type-post","status-publish","format-standard","hentry","category-haikus-haibuns","tag-cerisers","tag-haikus","tag-montagne","tag-neige","tag-petales","tag-soleil"],"_links":{"self":[{"href":"https:\/\/martinemrichard.fr\/blog\/index.php?rest_route=\/wp\/v2\/posts\/4483","targetHints":{"allow":["GET"]}}],"collection":[{"href":"https:\/\/martinemrichard.fr\/blog\/index.php?rest_route=\/wp\/v2\/posts"}],"about":[{"href":"https:\/\/martinemrichard.fr\/blog\/index.php?rest_route=\/wp\/v2\/types\/post"}],"author":[{"embeddable":true,"href":"https:\/\/martinemrichard.fr\/blog\/index.php?rest_route=\/wp\/v2\/users\/1"}],"replies":[{"embeddable":true,"href":"https:\/\/martinemrichard.fr\/blog\/index.php?rest_route=%2Fwp%2Fv2%2Fcomments&post=4483"}],"version-history":[{"count":7,"href":"https:\/\/martinemrichard.fr\/blog\/index.php?rest_route=\/wp\/v2\/posts\/4483\/revisions"}],"predecessor-version":[{"id":4492,"href":"https:\/\/martinemrichard.fr\/blog\/index.php?rest_route=\/wp\/v2\/posts\/4483\/revisions\/4492"}],"wp:attachment":[{"href":"https:\/\/martinemrichard.fr\/blog\/index.php?rest_route=%2Fwp%2Fv2%2Fmedia&parent=4483"}],"wp:term":[{"taxonomy":"category","embeddable":true,"href":"https:\/\/martinemrichard.fr\/blog\/index.php?rest_route=%2Fwp%2Fv2%2Fcategories&post=4483"},{"taxonomy":"post_tag","embeddable":true,"href":"https:\/\/martinemrichard.fr\/blog\/index.php?rest_route=%2Fwp%2Fv2%2Ftags&post=4483"}],"curies":[{"name":"wp","href":"https:\/\/api.w.org\/{rel}","templated":true}]}}