{"id":4553,"date":"2012-04-22T10:30:34","date_gmt":"2012-04-22T09:30:34","guid":{"rendered":"http:\/\/martinemrichard.fr\/blog\/?p=4553"},"modified":"2012-04-22T10:30:34","modified_gmt":"2012-04-22T09:30:34","slug":"un-matin-davril","status":"publish","type":"post","link":"https:\/\/martinemrichard.fr\/blog\/?p=4553","title":{"rendered":"Un matin d&rsquo;avril"},"content":{"rendered":"<p>Clin d&rsquo;\u0153il ensoleill\u00e9, <a href=\"https:\/\/martinemrichard.fr\/blog\/wp-content\/uploads\/2012\/04\/jacinthe-tardive.jpg\"><img loading=\"lazy\" decoding=\"async\" class=\"alignright size-medium wp-image-4554\" title=\"jacinthe tardive\" src=\"https:\/\/martinemrichard.fr\/blog\/wp-content\/uploads\/2012\/04\/jacinthe-tardive-225x300.jpg\" alt=\"\" width=\"225\" height=\"300\" srcset=\"https:\/\/martinemrichard.fr\/blog\/wp-content\/uploads\/2012\/04\/jacinthe-tardive-225x300.jpg 225w, https:\/\/martinemrichard.fr\/blog\/wp-content\/uploads\/2012\/04\/jacinthe-tardive-768x1024.jpg 768w, https:\/\/martinemrichard.fr\/blog\/wp-content\/uploads\/2012\/04\/jacinthe-tardive.jpg 1457w\" sizes=\"auto, (max-width: 225px) 100vw, 225px\" \/><\/a><\/p>\n<p>Z\u00e9phyr velours et soie<\/p>\n<p>Sur ma faim d&rsquo;euphorie.<\/p>\n<p>Regard perdu,<\/p>\n<p>L\u00e8vres entre ouvertes,<\/p>\n<p>Mes sens palpent l&rsquo;instant,<\/p>\n<p>Ce p\u00e9tillant jacinthe<\/p>\n<p>Sous l&rsquo;arbre de Jud\u00e9e,<\/p>\n<p>L&rsquo;errance affair\u00e9e<\/p>\n<p>Ray\u00e9es\u00a0 gu\u00eapes ou bourdons&#8230;<\/p>\n<p><a href=\"https:\/\/martinemrichard.fr\/blog\/wp-content\/uploads\/2012\/04\/lilas-blanc.jpg\"><img loading=\"lazy\" decoding=\"async\" class=\"alignright size-medium wp-image-4558\" title=\"lilas blanc\" src=\"https:\/\/martinemrichard.fr\/blog\/wp-content\/uploads\/2012\/04\/lilas-blanc-300x225.jpg\" alt=\"\" width=\"300\" height=\"225\" srcset=\"https:\/\/martinemrichard.fr\/blog\/wp-content\/uploads\/2012\/04\/lilas-blanc-300x225.jpg 300w, https:\/\/martinemrichard.fr\/blog\/wp-content\/uploads\/2012\/04\/lilas-blanc-1024x768.jpg 1024w, https:\/\/martinemrichard.fr\/blog\/wp-content\/uploads\/2012\/04\/lilas-blanc.jpg 1942w\" sizes=\"auto, (max-width: 300px) 100vw, 300px\" \/><\/a>Offrande douceur sucr\u00e9e,<\/p>\n<p>Quintessence nacr\u00e9e,<\/p>\n<p>Bouquet c\u0153urs vert prairie<\/p>\n<p>D&rsquo;o\u00f9 jaillissent, dansant,<\/p>\n<p>Grappes lilas charmeur.<\/p>\n<p>L&rsquo;azur gazouille un brin<\/p>\n<p>Quelques mots hirondelle;<\/p>\n<p>Refl\u00e8te en son miroir,<\/p>\n<p>Antennes et longues cuisses <a href=\"https:\/\/martinemrichard.fr\/blog\/wp-content\/uploads\/2012\/04\/sauterelle-sur-anemone.jpg\"><img loading=\"lazy\" decoding=\"async\" class=\"alignright size-medium wp-image-4567\" title=\"sauterelle sur anemone\" src=\"https:\/\/martinemrichard.fr\/blog\/wp-content\/uploads\/2012\/04\/sauterelle-sur-anemone-294x300.jpg\" alt=\"\" width=\"294\" height=\"300\" srcset=\"https:\/\/martinemrichard.fr\/blog\/wp-content\/uploads\/2012\/04\/sauterelle-sur-anemone-294x300.jpg 294w, https:\/\/martinemrichard.fr\/blog\/wp-content\/uploads\/2012\/04\/sauterelle-sur-anemone-1004x1024.jpg 1004w, https:\/\/martinemrichard.fr\/blog\/wp-content\/uploads\/2012\/04\/sauterelle-sur-anemone.jpg 1198w\" sizes=\"auto, (max-width: 294px) 100vw, 294px\" \/><\/a>,<\/p>\n<p>Coquette \u00e0 ses heures,<\/p>\n<p>Un caprice sauterelle<\/p>\n<p>Polissant son corset<\/p>\n<p>Aux flammes an\u00e9mone.<\/p>\n<p>Narines fr\u00e9missantes,<\/p>\n<p>J&rsquo;inhale, me nourris,<\/p>\n<p>Prise cet orvi\u00e9tan*,<\/p>\n<p>Ivresse matin d&rsquo;avril&#8230;<\/p>\n<p>.<\/p>\n<p>MMR tous droits r\u00e9serv\u00e9s)<\/p>\n<p>* Orvi\u00e9tan: drogue, rem\u00e8de<\/p>\n<p>&nbsp;<\/p>\n<p>&nbsp;<\/p>\n<p>&nbsp;<\/p>\n<p>&nbsp;<\/p>\n<p>&nbsp;<\/p>\n<p>&nbsp;<\/p>\n<p>&nbsp;<\/p>\n<p>&nbsp;<\/p>\n","protected":false},"excerpt":{"rendered":"<p>Clin d&rsquo;\u0153il ensoleill\u00e9, Z\u00e9phyr velours et soie Sur ma faim d&rsquo;euphorie. Regard perdu, L\u00e8vres entre ouvertes, Mes sens palpent l&rsquo;instant, Ce p\u00e9tillant jacinthe Sous l&rsquo;arbre de Jud\u00e9e, L&rsquo;errance affair\u00e9e Ray\u00e9es\u00a0 gu\u00eapes ou bourdons&#8230; Offrande douceur sucr\u00e9e, Quintessence nacr\u00e9e, Bouquet c\u0153urs vert prairie D&rsquo;o\u00f9 jaillissent, dansant, Grappes lilas charmeur. L&rsquo;azur gazouille un brin Quelques mots hirondelle; [&hellip;]<\/p>\n","protected":false},"author":1,"featured_media":0,"comment_status":"open","ping_status":"open","sticky":false,"template":"","format":"standard","meta":{"footnotes":""},"categories":[71,4],"tags":[353,183,441,455,21,454,169,456,457,134,92,122,458],"class_list":["post-4553","post","type-post","status-publish","format-standard","hentry","category-jardin-fleur","category-poemes","tag-anemone","tag-arbre-de-judee","tag-avril","tag-bourdon","tag-fleurs","tag-guepe","tag-hirondelle","tag-lilas","tag-orvietan","tag-poeme","tag-sauterelle","tag-soleil","tag-zephyr"],"_links":{"self":[{"href":"https:\/\/martinemrichard.fr\/blog\/index.php?rest_route=\/wp\/v2\/posts\/4553","targetHints":{"allow":["GET"]}}],"collection":[{"href":"https:\/\/martinemrichard.fr\/blog\/index.php?rest_route=\/wp\/v2\/posts"}],"about":[{"href":"https:\/\/martinemrichard.fr\/blog\/index.php?rest_route=\/wp\/v2\/types\/post"}],"author":[{"embeddable":true,"href":"https:\/\/martinemrichard.fr\/blog\/index.php?rest_route=\/wp\/v2\/users\/1"}],"replies":[{"embeddable":true,"href":"https:\/\/martinemrichard.fr\/blog\/index.php?rest_route=%2Fwp%2Fv2%2Fcomments&post=4553"}],"version-history":[{"count":24,"href":"https:\/\/martinemrichard.fr\/blog\/index.php?rest_route=\/wp\/v2\/posts\/4553\/revisions"}],"predecessor-version":[{"id":4580,"href":"https:\/\/martinemrichard.fr\/blog\/index.php?rest_route=\/wp\/v2\/posts\/4553\/revisions\/4580"}],"wp:attachment":[{"href":"https:\/\/martinemrichard.fr\/blog\/index.php?rest_route=%2Fwp%2Fv2%2Fmedia&parent=4553"}],"wp:term":[{"taxonomy":"category","embeddable":true,"href":"https:\/\/martinemrichard.fr\/blog\/index.php?rest_route=%2Fwp%2Fv2%2Fcategories&post=4553"},{"taxonomy":"post_tag","embeddable":true,"href":"https:\/\/martinemrichard.fr\/blog\/index.php?rest_route=%2Fwp%2Fv2%2Ftags&post=4553"}],"curies":[{"name":"wp","href":"https:\/\/api.w.org\/{rel}","templated":true}]}}