{"id":4656,"date":"2012-05-04T07:39:04","date_gmt":"2012-05-04T06:39:04","guid":{"rendered":"http:\/\/martinemrichard.fr\/blog\/?p=4656"},"modified":"2012-05-11T08:02:07","modified_gmt":"2012-05-11T07:02:07","slug":"en-mai-fais-ce-quil-te-plait","status":"publish","type":"post","link":"https:\/\/martinemrichard.fr\/blog\/?p=4656","title":{"rendered":"En Mai , fais ce qu&rsquo;il te pla\u00eet"},"content":{"rendered":"<p>Pour le rendez-vous du vendredi avec \u00ab\u00a0le coucou du ha\u00efku\u00a0\u00bb d&rsquo;Alice et Mamylilou, <a href=\"http:\/\/www.over-blog.com\/com-1172092675\/Le_coucou_du_haiku.html\"><span style=\"color: #0000ff;\"><strong>ICI<\/strong><\/span><\/a><\/p>\n<p><a href=\"https:\/\/martinemrichard.fr\/blog\/wp-content\/uploads\/2012\/05\/papillon.jpg\"><img loading=\"lazy\" decoding=\"async\" class=\"alignright size-medium wp-image-4657\" title=\"papillon\" src=\"https:\/\/martinemrichard.fr\/blog\/wp-content\/uploads\/2012\/05\/papillon-256x300.jpg\" alt=\"\" width=\"256\" height=\"300\" srcset=\"https:\/\/martinemrichard.fr\/blog\/wp-content\/uploads\/2012\/05\/papillon-256x300.jpg 256w, https:\/\/martinemrichard.fr\/blog\/wp-content\/uploads\/2012\/05\/papillon-873x1024.jpg 873w, https:\/\/martinemrichard.fr\/blog\/wp-content\/uploads\/2012\/05\/papillon.jpg 995w\" sizes=\"auto, (max-width: 256px) 100vw, 256px\" \/><\/a>.<\/p>\n<p>O douceur en mai-<\/p>\n<p>Biberonner l&rsquo;or du ciel<\/p>\n<p>Papillon avide<\/p>\n<p>.<\/p>\n<p>Fine ombre lilas-<\/p>\n<p>Berceuse zonzon abeilles<\/p>\n<p>Fracas martinets<\/p>\n<p>.<\/p>\n<p>Pelisse au placard-<\/p>\n<p>D\u00e9collet\u00e9s et dentelles <a href=\"https:\/\/martinemrichard.fr\/blog\/wp-content\/uploads\/2012\/05\/cetoines.jpg\"><img loading=\"lazy\" decoding=\"async\" class=\"alignright size-medium wp-image-4661\" title=\"cetoines\" src=\"https:\/\/martinemrichard.fr\/blog\/wp-content\/uploads\/2012\/05\/cetoines-300x265.jpg\" alt=\"\" width=\"300\" height=\"265\" srcset=\"https:\/\/martinemrichard.fr\/blog\/wp-content\/uploads\/2012\/05\/cetoines-300x265.jpg 300w, https:\/\/martinemrichard.fr\/blog\/wp-content\/uploads\/2012\/05\/cetoines.jpg 917w\" sizes=\"auto, (max-width: 300px) 100vw, 300px\" \/><\/a><\/p>\n<p>Romance en esquisse<\/p>\n<p>.<\/p>\n<p>MMr ( tous droits r\u00e9serv\u00e9s)<\/p>\n","protected":false},"excerpt":{"rendered":"<p>Pour le rendez-vous du vendredi avec \u00ab\u00a0le coucou du ha\u00efku\u00a0\u00bb d&rsquo;Alice et Mamylilou, ICI . O douceur en mai- Biberonner l&rsquo;or du ciel Papillon avide . Fine ombre lilas- Berceuse zonzon abeilles Fracas martinets . Pelisse au placard- D\u00e9collet\u00e9s et dentelles Romance en esquisse . MMr ( tous droits r\u00e9serv\u00e9s)<\/p>\n","protected":false},"author":1,"featured_media":0,"comment_status":"open","ping_status":"open","sticky":false,"template":"","format":"standard","meta":{"footnotes":""},"categories":[35],"tags":[145,37,32,59,75,122],"class_list":["post-4656","post","type-post","status-publish","format-standard","hentry","category-haikus-haibuns","tag-abeille","tag-haikus","tag-ombre","tag-or","tag-papillon","tag-soleil"],"_links":{"self":[{"href":"https:\/\/martinemrichard.fr\/blog\/index.php?rest_route=\/wp\/v2\/posts\/4656","targetHints":{"allow":["GET"]}}],"collection":[{"href":"https:\/\/martinemrichard.fr\/blog\/index.php?rest_route=\/wp\/v2\/posts"}],"about":[{"href":"https:\/\/martinemrichard.fr\/blog\/index.php?rest_route=\/wp\/v2\/types\/post"}],"author":[{"embeddable":true,"href":"https:\/\/martinemrichard.fr\/blog\/index.php?rest_route=\/wp\/v2\/users\/1"}],"replies":[{"embeddable":true,"href":"https:\/\/martinemrichard.fr\/blog\/index.php?rest_route=%2Fwp%2Fv2%2Fcomments&post=4656"}],"version-history":[{"count":9,"href":"https:\/\/martinemrichard.fr\/blog\/index.php?rest_route=\/wp\/v2\/posts\/4656\/revisions"}],"predecessor-version":[{"id":4684,"href":"https:\/\/martinemrichard.fr\/blog\/index.php?rest_route=\/wp\/v2\/posts\/4656\/revisions\/4684"}],"wp:attachment":[{"href":"https:\/\/martinemrichard.fr\/blog\/index.php?rest_route=%2Fwp%2Fv2%2Fmedia&parent=4656"}],"wp:term":[{"taxonomy":"category","embeddable":true,"href":"https:\/\/martinemrichard.fr\/blog\/index.php?rest_route=%2Fwp%2Fv2%2Fcategories&post=4656"},{"taxonomy":"post_tag","embeddable":true,"href":"https:\/\/martinemrichard.fr\/blog\/index.php?rest_route=%2Fwp%2Fv2%2Ftags&post=4656"}],"curies":[{"name":"wp","href":"https:\/\/api.w.org\/{rel}","templated":true}]}}