{"id":4741,"date":"2012-05-19T07:48:36","date_gmt":"2012-05-19T06:48:36","guid":{"rendered":"http:\/\/martinemrichard.fr\/blog\/?p=4741"},"modified":"2012-05-19T07:48:36","modified_gmt":"2012-05-19T06:48:36","slug":"en-mai-fais-ce-quil-te-plait-bis","status":"publish","type":"post","link":"https:\/\/martinemrichard.fr\/blog\/?p=4741","title":{"rendered":"En Mai, fais ce qu&rsquo;il te pla\u00eet ( bis )"},"content":{"rendered":"<p>Pour ce nouveau rendez-vous du vendredi avec le\u00a0 \u00ab\u00a0coucou du ha\u00efku\u00a0\u00bb\u00a0 d&rsquo;Alice et Mamylilou, <a href=\"http:\/\/www.over-blog.com\/com-1172092675\/Le_coucou_du_haiku.html\"><span style=\"color: #3366ff;\"><strong>ICI<\/strong><\/span><\/a>, m\u00eame th\u00e8me durant tout le mois.<\/p>\n<p><a href=\"https:\/\/martinemrichard.fr\/blog\/wp-content\/uploads\/2012\/05\/iris-chair.jpg\"><img loading=\"lazy\" decoding=\"async\" class=\"alignleft size-medium wp-image-4742\" title=\"iris chair\" src=\"https:\/\/martinemrichard.fr\/blog\/wp-content\/uploads\/2012\/05\/iris-chair-218x300.jpg\" alt=\"\" width=\"218\" height=\"300\" srcset=\"https:\/\/martinemrichard.fr\/blog\/wp-content\/uploads\/2012\/05\/iris-chair-218x300.jpg 218w, https:\/\/martinemrichard.fr\/blog\/wp-content\/uploads\/2012\/05\/iris-chair-747x1024.jpg 747w, https:\/\/martinemrichard.fr\/blog\/wp-content\/uploads\/2012\/05\/iris-chair.jpg 1219w\" sizes=\"auto, (max-width: 218px) 100vw, 218px\" \/><\/a><a href=\"https:\/\/martinemrichard.fr\/blog\/wp-content\/uploads\/2012\/05\/oeillets.jpg\"><img loading=\"lazy\" decoding=\"async\" class=\"alignright size-medium wp-image-4743\" title=\"oeillets\" src=\"https:\/\/martinemrichard.fr\/blog\/wp-content\/uploads\/2012\/05\/oeillets-225x300.jpg\" alt=\"\" width=\"225\" height=\"300\" srcset=\"https:\/\/martinemrichard.fr\/blog\/wp-content\/uploads\/2012\/05\/oeillets-225x300.jpg 225w, https:\/\/martinemrichard.fr\/blog\/wp-content\/uploads\/2012\/05\/oeillets-768x1024.jpg 768w, https:\/\/martinemrichard.fr\/blog\/wp-content\/uploads\/2012\/05\/oeillets.jpg 1457w\" sizes=\"auto, (max-width: 225px) 100vw, 225px\" \/><\/a><\/p>\n<p>.<\/p>\n<p>.<\/p>\n<p>Entre deux nuages-<\/p>\n<p>Iris, \u0153illets rivalisent<\/p>\n<p>Typhon parfum\u00e9<\/p>\n<p>.<\/p>\n<p>.<\/p>\n<p>.<\/p>\n<p><a href=\"https:\/\/martinemrichard.fr\/blog\/wp-content\/uploads\/2012\/05\/coquelicot-bis.jpg\"><img loading=\"lazy\" decoding=\"async\" class=\"alignleft size-medium wp-image-4748\" title=\"coquelicot bis\" src=\"https:\/\/martinemrichard.fr\/blog\/wp-content\/uploads\/2012\/05\/coquelicot-bis-300x244.jpg\" alt=\"\" width=\"300\" height=\"244\" srcset=\"https:\/\/martinemrichard.fr\/blog\/wp-content\/uploads\/2012\/05\/coquelicot-bis-300x244.jpg 300w, https:\/\/martinemrichard.fr\/blog\/wp-content\/uploads\/2012\/05\/coquelicot-bis.jpg 972w\" sizes=\"auto, (max-width: 300px) 100vw, 300px\" \/><\/a><a href=\"https:\/\/martinemrichard.fr\/blog\/wp-content\/uploads\/2012\/05\/iris-anise.jpg\"><img loading=\"lazy\" decoding=\"async\" class=\"alignright size-medium wp-image-4750\" title=\"iris anise\" src=\"https:\/\/martinemrichard.fr\/blog\/wp-content\/uploads\/2012\/05\/iris-anise-225x300.jpg\" alt=\"\" width=\"225\" height=\"300\" srcset=\"https:\/\/martinemrichard.fr\/blog\/wp-content\/uploads\/2012\/05\/iris-anise-225x300.jpg 225w, https:\/\/martinemrichard.fr\/blog\/wp-content\/uploads\/2012\/05\/iris-anise-768x1024.jpg 768w, https:\/\/martinemrichard.fr\/blog\/wp-content\/uploads\/2012\/05\/iris-anise.jpg 1457w\" sizes=\"auto, (max-width: 225px) 100vw, 225px\" \/><\/a><\/p>\n<p>.<\/p>\n<p>.<\/p>\n<p>Au c\u0153ur du jardin-<\/p>\n<p>S&rsquo;occuper \u00e0 ne rien faire<\/p>\n<p>D\u00e9lices de Mai<\/p>\n<p>.<\/p>\n<p>.<\/p>\n<p>MMR ( tous droits r\u00e9serv\u00e9s)<\/p>\n","protected":false},"excerpt":{"rendered":"<p>Pour ce nouveau rendez-vous du vendredi avec le\u00a0 \u00ab\u00a0coucou du ha\u00efku\u00a0\u00bb\u00a0 d&rsquo;Alice et Mamylilou, ICI, m\u00eame th\u00e8me durant tout le mois. . . Entre deux nuages- Iris, \u0153illets rivalisent Typhon parfum\u00e9 . . . . . Au c\u0153ur du jardin- S&rsquo;occuper \u00e0 ne rien faire D\u00e9lices de Mai . . MMR ( tous droits r\u00e9serv\u00e9s)<\/p>\n","protected":false},"author":1,"featured_media":0,"comment_status":"open","ping_status":"open","sticky":false,"template":"","format":"standard","meta":{"footnotes":""},"categories":[35],"tags":[21,37,10,11,474,31],"class_list":["post-4741","post","type-post","status-publish","format-standard","hentry","category-haikus-haibuns","tag-fleurs","tag-haikus","tag-iris","tag-jardin","tag-mai","tag-oeillets"],"_links":{"self":[{"href":"https:\/\/martinemrichard.fr\/blog\/index.php?rest_route=\/wp\/v2\/posts\/4741","targetHints":{"allow":["GET"]}}],"collection":[{"href":"https:\/\/martinemrichard.fr\/blog\/index.php?rest_route=\/wp\/v2\/posts"}],"about":[{"href":"https:\/\/martinemrichard.fr\/blog\/index.php?rest_route=\/wp\/v2\/types\/post"}],"author":[{"embeddable":true,"href":"https:\/\/martinemrichard.fr\/blog\/index.php?rest_route=\/wp\/v2\/users\/1"}],"replies":[{"embeddable":true,"href":"https:\/\/martinemrichard.fr\/blog\/index.php?rest_route=%2Fwp%2Fv2%2Fcomments&post=4741"}],"version-history":[{"count":11,"href":"https:\/\/martinemrichard.fr\/blog\/index.php?rest_route=\/wp\/v2\/posts\/4741\/revisions"}],"predecessor-version":[{"id":4756,"href":"https:\/\/martinemrichard.fr\/blog\/index.php?rest_route=\/wp\/v2\/posts\/4741\/revisions\/4756"}],"wp:attachment":[{"href":"https:\/\/martinemrichard.fr\/blog\/index.php?rest_route=%2Fwp%2Fv2%2Fmedia&parent=4741"}],"wp:term":[{"taxonomy":"category","embeddable":true,"href":"https:\/\/martinemrichard.fr\/blog\/index.php?rest_route=%2Fwp%2Fv2%2Fcategories&post=4741"},{"taxonomy":"post_tag","embeddable":true,"href":"https:\/\/martinemrichard.fr\/blog\/index.php?rest_route=%2Fwp%2Fv2%2Ftags&post=4741"}],"curies":[{"name":"wp","href":"https:\/\/api.w.org\/{rel}","templated":true}]}}