{"id":4903,"date":"2012-06-11T07:15:57","date_gmt":"2012-06-11T06:15:57","guid":{"rendered":"http:\/\/martinemrichard.fr\/blog\/?p=4903"},"modified":"2012-06-11T07:16:36","modified_gmt":"2012-06-11T06:16:36","slug":"ronde","status":"publish","type":"post","link":"https:\/\/martinemrichard.fr\/blog\/?p=4903","title":{"rendered":"Ronde"},"content":{"rendered":"<p><a href=\"https:\/\/martinemrichard.fr\/blog\/wp-content\/uploads\/2012\/06\/oedemeres.jpg\"><img loading=\"lazy\" decoding=\"async\" class=\"alignright size-medium wp-image-4904\" title=\"oedemeres\" src=\"https:\/\/martinemrichard.fr\/blog\/wp-content\/uploads\/2012\/06\/oedemeres-300x281.jpg\" alt=\"\" width=\"300\" height=\"281\" srcset=\"https:\/\/martinemrichard.fr\/blog\/wp-content\/uploads\/2012\/06\/oedemeres-300x281.jpg 300w, https:\/\/martinemrichard.fr\/blog\/wp-content\/uploads\/2012\/06\/oedemeres.jpg 870w\" sizes=\"auto, (max-width: 300px) 100vw, 300px\" \/><\/a>Ils se prennent par la main,<\/p>\n<p>Forment une ronde<\/p>\n<p>Ces mots diamants du jour,<\/p>\n<p>Ces rimes dentelles fines.<\/p>\n<p>Ils tournent enivr\u00e9s<\/p>\n<p>Dans le sens de l&rsquo;histoire<\/p>\n<p>Sur un parfum de miel,<\/p>\n<p>Au rythme des vibrations<\/p>\n<p>De leurs pas poudr\u00e9s d&rsquo;or&#8230;<\/p>\n<p>.<\/p>\n<p>MMR (tous droits r\u00e9serv\u00e9s)<\/p>\n","protected":false},"excerpt":{"rendered":"<p>Ils se prennent par la main, Forment une ronde Ces mots diamants du jour, Ces rimes dentelles fines. Ils tournent enivr\u00e9s Dans le sens de l&rsquo;histoire Sur un parfum de miel, Au rythme des vibrations De leurs pas poudr\u00e9s d&rsquo;or&#8230; . MMR (tous droits r\u00e9serv\u00e9s)<\/p>\n","protected":false},"author":1,"featured_media":0,"comment_status":"open","ping_status":"open","sticky":false,"template":"","format":"standard","meta":{"footnotes":""},"categories":[4],"tags":[506,507,80,504,502,59,134,503,505],"class_list":["post-4903","post","type-post","status-publish","format-standard","hentry","category-poemes","tag-diamant","tag-jour","tag-miel","tag-mots","tag-oedemere","tag-or","tag-poeme","tag-pollen","tag-rimes"],"_links":{"self":[{"href":"https:\/\/martinemrichard.fr\/blog\/index.php?rest_route=\/wp\/v2\/posts\/4903","targetHints":{"allow":["GET"]}}],"collection":[{"href":"https:\/\/martinemrichard.fr\/blog\/index.php?rest_route=\/wp\/v2\/posts"}],"about":[{"href":"https:\/\/martinemrichard.fr\/blog\/index.php?rest_route=\/wp\/v2\/types\/post"}],"author":[{"embeddable":true,"href":"https:\/\/martinemrichard.fr\/blog\/index.php?rest_route=\/wp\/v2\/users\/1"}],"replies":[{"embeddable":true,"href":"https:\/\/martinemrichard.fr\/blog\/index.php?rest_route=%2Fwp%2Fv2%2Fcomments&post=4903"}],"version-history":[{"count":6,"href":"https:\/\/martinemrichard.fr\/blog\/index.php?rest_route=\/wp\/v2\/posts\/4903\/revisions"}],"predecessor-version":[{"id":4910,"href":"https:\/\/martinemrichard.fr\/blog\/index.php?rest_route=\/wp\/v2\/posts\/4903\/revisions\/4910"}],"wp:attachment":[{"href":"https:\/\/martinemrichard.fr\/blog\/index.php?rest_route=%2Fwp%2Fv2%2Fmedia&parent=4903"}],"wp:term":[{"taxonomy":"category","embeddable":true,"href":"https:\/\/martinemrichard.fr\/blog\/index.php?rest_route=%2Fwp%2Fv2%2Fcategories&post=4903"},{"taxonomy":"post_tag","embeddable":true,"href":"https:\/\/martinemrichard.fr\/blog\/index.php?rest_route=%2Fwp%2Fv2%2Ftags&post=4903"}],"curies":[{"name":"wp","href":"https:\/\/api.w.org\/{rel}","templated":true}]}}