{"id":4991,"date":"2012-06-26T05:01:28","date_gmt":"2012-06-26T04:01:28","guid":{"rendered":"http:\/\/martinemrichard.fr\/blog\/?p=4991"},"modified":"2012-06-26T05:03:06","modified_gmt":"2012-06-26T04:03:06","slug":"occitane","status":"publish","type":"post","link":"https:\/\/martinemrichard.fr\/blog\/?p=4991","title":{"rendered":"Occitane"},"content":{"rendered":"<p><a href=\"https:\/\/martinemrichard.fr\/blog\/wp-content\/uploads\/2012\/06\/le-sud.jpg\"><img loading=\"lazy\" decoding=\"async\" class=\"alignright size-medium wp-image-4992\" title=\"le sud\" src=\"https:\/\/martinemrichard.fr\/blog\/wp-content\/uploads\/2012\/06\/le-sud-300x300.jpg\" alt=\"\" width=\"300\" height=\"300\" srcset=\"https:\/\/martinemrichard.fr\/blog\/wp-content\/uploads\/2012\/06\/le-sud-300x300.jpg 300w, https:\/\/martinemrichard.fr\/blog\/wp-content\/uploads\/2012\/06\/le-sud-150x150.jpg 150w, https:\/\/martinemrichard.fr\/blog\/wp-content\/uploads\/2012\/06\/le-sud.jpg 990w\" sizes=\"auto, (max-width: 300px) 100vw, 300px\" \/><\/a>Mille gouttes lumi\u00e8re,<\/p>\n<p>Chaleur engloutissant<\/p>\n<p>Mes \u00e9pines gris mauve.<\/p>\n<p>Soleil me\u00a0 redessine,<\/p>\n<p>Mart\u00e8le de son poin\u00e7on<\/p>\n<p>Mes courbes et vallons.<\/p>\n<p>Feu rouge passion<\/p>\n<p>A mes feuilles en couronnes,<\/p>\n<p>A mes sarments ploy\u00e9s<\/p>\n<p>Sous le joug du sucr\u00e9&#8230;<\/p>\n<p>Moiteur \u00e0 l&rsquo;horizon,<\/p>\n<p>Vapeur mots lib\u00e9r\u00e9s,<\/p>\n<p>Mon \u00e2me occitane<\/p>\n<p>\u00c9pouse l&rsquo;indicible&#8230;.<\/p>\n<p>MMR ( tous droits r\u00e9serv\u00e9s)<\/p>\n<p>Paysage1: 30&#215;30: technique mixte \u00e0 partir de gravure<\/p>\n<p>&nbsp;<\/p>\n","protected":false},"excerpt":{"rendered":"<p>Mille gouttes lumi\u00e8re, Chaleur engloutissant Mes \u00e9pines gris mauve. Soleil me\u00a0 redessine, Mart\u00e8le de son poin\u00e7on Mes courbes et vallons. Feu rouge passion A mes feuilles en couronnes, A mes sarments ploy\u00e9s Sous le joug du sucr\u00e9&#8230; Moiteur \u00e0 l&rsquo;horizon, Vapeur mots lib\u00e9r\u00e9s, Mon \u00e2me occitane \u00c9pouse l&rsquo;indicible&#8230;. MMR ( tous droits r\u00e9serv\u00e9s) Paysage1: 30&#215;30: [&hellip;]<\/p>\n","protected":false},"author":1,"featured_media":0,"comment_status":"open","ping_status":"open","sticky":false,"template":"","format":"standard","meta":{"footnotes":""},"categories":[69],"tags":[],"class_list":["post-4991","post","type-post","status-publish","format-standard","hentry","category-mes-oeuvres"],"_links":{"self":[{"href":"https:\/\/martinemrichard.fr\/blog\/index.php?rest_route=\/wp\/v2\/posts\/4991","targetHints":{"allow":["GET"]}}],"collection":[{"href":"https:\/\/martinemrichard.fr\/blog\/index.php?rest_route=\/wp\/v2\/posts"}],"about":[{"href":"https:\/\/martinemrichard.fr\/blog\/index.php?rest_route=\/wp\/v2\/types\/post"}],"author":[{"embeddable":true,"href":"https:\/\/martinemrichard.fr\/blog\/index.php?rest_route=\/wp\/v2\/users\/1"}],"replies":[{"embeddable":true,"href":"https:\/\/martinemrichard.fr\/blog\/index.php?rest_route=%2Fwp%2Fv2%2Fcomments&post=4991"}],"version-history":[{"count":10,"href":"https:\/\/martinemrichard.fr\/blog\/index.php?rest_route=\/wp\/v2\/posts\/4991\/revisions"}],"predecessor-version":[{"id":5001,"href":"https:\/\/martinemrichard.fr\/blog\/index.php?rest_route=\/wp\/v2\/posts\/4991\/revisions\/5001"}],"wp:attachment":[{"href":"https:\/\/martinemrichard.fr\/blog\/index.php?rest_route=%2Fwp%2Fv2%2Fmedia&parent=4991"}],"wp:term":[{"taxonomy":"category","embeddable":true,"href":"https:\/\/martinemrichard.fr\/blog\/index.php?rest_route=%2Fwp%2Fv2%2Fcategories&post=4991"},{"taxonomy":"post_tag","embeddable":true,"href":"https:\/\/martinemrichard.fr\/blog\/index.php?rest_route=%2Fwp%2Fv2%2Ftags&post=4991"}],"curies":[{"name":"wp","href":"https:\/\/api.w.org\/{rel}","templated":true}]}}